{"id":466651,"date":"2025-10-16T05:31:10","date_gmt":"2025-10-16T05:31:10","guid":{"rendered":"https:\/\/www.europesays.com\/fr\/466651\/"},"modified":"2025-10-16T05:31:10","modified_gmt":"2025-10-16T05:31:10","slug":"trois-jeunes-du-cotentin-prets-a-montrer-leur-savoir-faire-aux-worldskills-france-a-marseille","status":"publish","type":"post","link":"https:\/\/www.europesays.com\/fr\/466651\/","title":{"rendered":"Trois jeunes du Cotentin pr\u00eats \u00e0 montrer leur savoir-faire aux WorldSkills France \u00e0 Marseille"},"content":{"rendered":"<p>            Par<br \/>\n        <strong><br \/>\n            <a href=\"https:\/\/actu.fr\/auteur\/louise-boeri\" title=\"Consulter tous les articles de Louise BOERI\" target=\"_blank\" rel=\"noopener\">Louise BOERI<\/a><br \/>\n        <\/strong><\/p>\n<p>        Publi\u00e9 le<\/p>\n<p>            16 oct. 2025 \u00e0 7h03        <\/p>\n<p data-end=\"622\">Ils \u00e9taient <b>425 candidats normands<\/b> \u00e0 concourir dans <b>57 m\u00e9tiers diff\u00e9rents<\/b> \u2013 de l\u2019art graphique \u00e0 la maintenance industrielle, en passant par l\u2019esth\u00e9tique ou la couture.<\/p>\n<p data-end=\"622\" class=\" wall-content\">\u00c0 l\u2019issue de cette <b>s\u00e9lection r\u00e9gionale<\/b> des <a href=\"https:\/\/www.worldskills-france.org\/\" target=\"_blank\" rel=\"noopener\">WorldSkills <\/a>(anciennement appel\u00e9s Olympiades des m\u00e9tiers), <b>63 jeunes talents<\/b> repr\u00e9senteront la Normandie lors de la s\u00e9lection nationale, o\u00f9 ils affronteront <b>plus de 800\u00a0concurrents <\/b>venus de <b>toute la France<\/b>. La <b>comp\u00e9tition <\/b>se tiendra \u00e0 <a href=\"https:\/\/actu.fr\/marseille\/\" target=\"_blank\" rel=\"noopener\">Marseille<\/a>, sur trois jours, du <b>jeudi\u00a016<\/b> au <b>samedi 18\u00a0octobre 2025<\/b>.<\/p>\n<p data-end=\"821\" class=\" wall-content\">En cas de <b>victoire<\/b>, ces jeunes <b>m\u00e9daill\u00e9s <\/b>d\u00e9crocheront leur billet pour les <b>finales internationales <\/b>de la 48e \u00e9dition de la <b>comp\u00e9tition<\/b>, pr\u00e9vues \u00e0 Shanghai (<b>Chine<\/b>) en <b>septembre\u00a02026<\/b>.<\/p>\n<p>Beaucoup\u00a0de pr\u00e9paration<\/p>\n<p class=\" wall-content\">L\u2019objectif de cette comp\u00e9tition\u2009: mettre en avant <b>l\u2019excellence <\/b>et la <b>passion <\/b>des jeunes <b>apprentis<\/b>, <b>\u00e9tudiants ou salari\u00e9s<\/b> de moins de 23\u00a0ans. Le <b>concours <\/b>est <b>une opportunit\u00e9<\/b> pour \u00ab\u2009d\u00e9couvrir des m\u00e9tiers, montrer la passion et se d\u00e9couvrir des comp\u00e9tences\u2009\u00bb, exprime la Manchoise <a href=\"https:\/\/actu.fr\/normandie\/cherbourg-en-cotentin_50129\/medaillee-dor-aux-worldskills-de-la-mode-cette-jeune-cherbourgeoise-representera-la-normandie_61991282.html\" target=\"_blank\" rel=\"noopener\">L\u00e9a Brossier<\/a> qui concourt dans la cat\u00e9gorie \u00ab\u2009<b>mode et cr\u00e9ation<\/b>\u2009\u00bb.<\/p>\n<blockquote class=\"ac-article-quote wall-content\">\n<p>On concourt pour une r\u00e9gion. On se sent unis et \u00e7a motive. On est l\u00e0 pour la gagne.<\/p>\n<p>Mao Villain, \u00e9tudiant \u00e0 l\u2019IUT de Cherbourg-en-Cotentin, participant dans la cat\u00e9gorie \u00ab\u2009contr\u00f4le industriel\u2009\u00bb<\/p><\/blockquote>\n<p class=\" wall-content\">Les Normands s\u00e9lectionn\u00e9s ont beaucoup travaill\u00e9 afin d\u2019\u00eatre au top, que ce soit dans leurs <b>lieux de formation<\/b>\u00a0ou dans leurs <b>entreprises<\/b>. \u00ab\u2009Je me suis <b>entra\u00een\u00e9 <\/b>durant huit semaines pour la s\u00e9lection nationale, de mai \u00e0 juin au <b>lyc\u00e9e Emile-Doucet <\/b>d\u2019<b>Equeurdreville<\/b> en <b>alternance <\/b>avec le centre de formation de <a href=\"https:\/\/actu.fr\/tag\/naval-group\" target=\"_blank\" rel=\"noopener\">Naval Group<\/a>\u2009\u00bb, indique Math\u00e9o Goubert qui participe dans la cat\u00e9gorie <b>soudage<\/b>.<\/p>\n<p>Vid\u00e9os : en ce moment sur Actu<\/p>\n<p class=\" wall-content\">Les jeunes candidats sont accompagn\u00e9s, tout le long de leurs parcours, par<b> leurs coachs<\/b>, qui sont aussi <b>jur\u00e9s <\/b>lors de la comp\u00e9tition. <b>\u00ab<\/b>\u2009J\u2019y ai pass\u00e9 des heures et des heures, ce n\u2019\u00e9tait pas facile avec les cours mais j\u2019ai r\u00e9ussi \u00e0 m\u2019organiser\u2009\u00bb, pr\u00e9cise L\u00e9a Brossier.<\/p>\n<p>Sur les traces\u00a0de Jayson Laisn\u00e9<\/p>\n<p class=\" wall-content\">Au-del\u00e0 de ces <b>entra\u00eenements<\/b>, quatre week-ends de formation ont \u00e9t\u00e9 organis\u00e9s par l\u2019<a href=\"https:\/\/parcours-metier.normandie.fr\/orientation\/agence\/je-decouvre-lagence-de-lorientation-et-des-metiers\" target=\"_blank\" rel=\"noopener\">Agence de l\u2019orientation et des m\u00e9tiers<\/a>. Au programme, <b>pr\u00e9paration physique et mentale<\/b> en amont du concours national, avec des <b>activit\u00e9s de coh\u00e9sion<\/b> d\u2019\u00e9quipe et de<b> gestion du stress<\/b>. Des s\u00e9ances de <b>yoga <\/b>\u00e9taient notamment organis\u00e9es. \u00ab\u2009\u00c7a m\u2019a beaucoup aid\u00e9\u2009\u00bb, exprime L\u00e9a Brossier.<\/p>\n<p>Votre r\u00e9gion, votre actu !<\/p>\n<p>Recevez chaque jour les infos qui comptent pour vous.<\/p>\n<p>\t<a href=\"https:\/\/actu.fr\/newsletter\" class=\"ac-btn ac-btn--corner ac-btn--medium ac-btn--blue800\" target=\"_blank\" rel=\"noopener\">S&rsquo;incrire<\/a><\/p>\n<p class=\" wall-content\">Les participants sont arriv\u00e9s, mardi en fin d\u2019apr\u00e8s-midi, au <b>parc Chanot<\/b> de Marseille. Mercredi, ils ont pr\u00e9par\u00e9 leur poste de travail pour les trois jours de concours.<\/p>\n<p class=\" wall-content\">Les Manchois tenteront de suivre les pas du Cherbourgeois<a href=\"https:\/\/actu.fr\/normandie\/cherbourg-en-cotentin_50129\/neuvieme-mondial-et-medaille-dexcellence-jayson-est-tres-heureux-car-lobjectif-est-plus-quatteint_61622517.html\" target=\"_blank\" rel=\"noopener\"> Jayson Laisn\u00e9<\/a> qui avait remport\u00e9 le titre national <b>en 2023<\/b> dans la cat\u00e9gorie soudage et avait \u00e9t\u00e9 le <b>meilleur Europ\u00e9en<\/b> en 2024 lors de l\u2019\u00e9ch\u00e9ance mondiale.<\/p>\n<p>8\u00a0Manchois\u00a0participent \u00e0 ce rendez-vous national\u2009: Cl\u00e9ment Duhamel (Saint-Hilaire-du-Harcou\u00ebt), Kevin Couarde (Hudimesnil), Hugo Plos (Romagny), Math\u00e9o Goubert (La Glacerie), Mao Villain (Cherbourg), Augustin Cardet (Saint-L\u00f4), L\u00e9a Brossier (Cherbourg), Julie Jourdainne (Coutances).<\/p>\n<p class=\" wall-content\">Personnalisez votre actualit\u00e9 en ajoutant vos villes et m\u00e9dias en favori avec <a href=\"https:\/\/moncompte.actu.fr\" title=\"D\u00e9couvez Mon Actu\" rel=\"nofollow noopener\" data-trk=\"{&quot;cta&quot;:{&quot;action&quot;:&quot;https:\\\/\\\/moncompte.actu.fr&quot;,&quot;category&quot;:&quot;mon compte&quot;,&quot;from&quot;:&quot;article footer&quot;,&quot;name&quot;:&quot;Mon actu&quot;,&quot;type&quot;:&quot;cta&quot;}}\" target=\"_blank\">Mon Actu<\/a>.<\/p>\n","protected":false},"excerpt":{"rendered":"Par Louise BOERI Publi\u00e9 le 16 oct. 2025 \u00e0 7h03 Ils \u00e9taient 425 candidats normands \u00e0 concourir dans&hellip;\n","protected":false},"author":2,"featured_media":466652,"comment_status":"","ping_status":"","sticky":false,"template":"","format":"standard","meta":{"footnotes":""},"categories":[2814],"tags":[1111,11,3168,33,341,1777,674,1119,1011,27,884,12,882,25],"class_list":{"0":"post-466651","1":"post","2":"type-post","3":"status-publish","4":"format-standard","5":"has-post-thumbnail","7":"category-marseille","8":"tag-actu","9":"tag-actualites","10":"tag-cotentin","11":"tag-economie","12":"tag-emploi","13":"tag-eu","14":"tag-europe","15":"tag-formation","16":"tag-fr","17":"tag-france","18":"tag-marseille","19":"tag-news","20":"tag-provence-alpes-cote-dazur","21":"tag-republique-francaise"},"share_on_mastodon":{"url":"https:\/\/pubeurope.com\/@fr\/115382208659257372","error":""},"_links":{"self":[{"href":"https:\/\/www.europesays.com\/fr\/wp-json\/wp\/v2\/posts\/466651","targetHints":{"allow":["GET"]}}],"collection":[{"href":"https:\/\/www.europesays.com\/fr\/wp-json\/wp\/v2\/posts"}],"about":[{"href":"https:\/\/www.europesays.com\/fr\/wp-json\/wp\/v2\/types\/post"}],"author":[{"embeddable":true,"href":"https:\/\/www.europesays.com\/fr\/wp-json\/wp\/v2\/users\/2"}],"replies":[{"embeddable":true,"href":"https:\/\/www.europesays.com\/fr\/wp-json\/wp\/v2\/comments?post=466651"}],"version-history":[{"count":0,"href":"https:\/\/www.europesays.com\/fr\/wp-json\/wp\/v2\/posts\/466651\/revisions"}],"wp:featuredmedia":[{"embeddable":true,"href":"https:\/\/www.europesays.com\/fr\/wp-json\/wp\/v2\/media\/466652"}],"wp:attachment":[{"href":"https:\/\/www.europesays.com\/fr\/wp-json\/wp\/v2\/media?parent=466651"}],"wp:term":[{"taxonomy":"category","embeddable":true,"href":"https:\/\/www.europesays.com\/fr\/wp-json\/wp\/v2\/categories?post=466651"},{"taxonomy":"post_tag","embeddable":true,"href":"https:\/\/www.europesays.com\/fr\/wp-json\/wp\/v2\/tags?post=466651"}],"curies":[{"name":"wp","href":"https:\/\/api.w.org\/{rel}","templated":true}]}}