{"id":466654,"date":"2025-10-16T05:33:13","date_gmt":"2025-10-16T05:33:13","guid":{"rendered":"https:\/\/www.europesays.com\/fr\/466654\/"},"modified":"2025-10-16T05:33:13","modified_gmt":"2025-10-16T05:33:13","slug":"toute-lactualite-de-ce-jeudi-16-octobre-2025-a-lyon","status":"publish","type":"post","link":"https:\/\/www.europesays.com\/fr\/466654\/","title":{"rendered":"Toute l&rsquo;actualit\u00e9 de ce jeudi 16 octobre 2025 \u00e0 Lyon"},"content":{"rendered":"<p>A la une de l\u2019info \u00e0 Lyon : l\u2019encadrement des loyers, des op\u00e9rations de police contre le trafic de drogue, un plan pour endiguer les pannes d\u2019ascenseurs et d\u2019escalators sur le r\u00e9seau TCL\u2026<\/p>\n<p>ECOUTEZ LE 1\/4H LYONNAIS\u2026 Toute l\u2019actualit\u00e9 de ce jeudi 16 octobre 2025<\/p>\n<p>LE 1\/4H LYONNAIS | jeudi 16 octobre 2025<\/p>\n<p>Le <strong>tribunal administratif de Lyon<\/strong> annule un arr\u00eat\u00e9 de la pr\u00e9f\u00e8te du Rh\u00f4ne datant de septembre 2023 et fixant les conditions de l\u2019encadrement des loyers sur les communes de <strong>Lyon et Villeurbanne<\/strong>. L\u2019\u00c9tat fera appel de cette d\u00e9cision. \u00bb<\/p>\n<p>Police : plusieurs \u00e9tablissements soup\u00e7onn\u00e9s d\u2019\u00eatre en lien avec le <strong>trafic de stup\u00e9fiants<\/strong> sont tomb\u00e9s sous le coup d\u2019une f<strong>ermeture administrative<\/strong> : deux enseignes de restauration, une sup\u00e9rette et un caf\u00e9.. A la Guilloti\u00e8re et \u00e0 la Duch\u00e8re\u2026<\/p>\n<p>Op\u00e9ration \u00ab <strong>ville s\u00e9curit\u00e9 renforc\u00e9e<\/strong> \u00bb \u00e0 V\u00e9nissieux : 684 personnes contr\u00f4l\u00e9es, 34 interpell\u00e9es, notamment pour trafic de stup\u00e9fiants ou de cigarettes et blanchiment d\u2019argent.<\/p>\n<p>Violent incendie dans l\u2019entreprise SBTN \u00e0 Villefranche : le pompiers sont toujours sur place<\/p>\n<p>Egalement dans l\u2019actualit\u00e9 de ce jeudi 16 octobre <\/p>\n<p>En finir avec les <strong>ascenseurs et escalators en panne<\/strong> dans le m\u00e9tro\u2026 C\u2019est la volont\u00e9 affich\u00e9e par <strong>Sytral Mobilit\u00e9s<\/strong>. Le syndicat des transports engage pr\u00e8s de 50 millions d\u2019euros sur dix ans pour r\u00e9nover et remplacer des ascenseurs et des escaliers m\u00e9caniques du r\u00e9seau TCL dans l\u2019agglom\u00e9ration lyonnaise.<\/p>\n<p>Nos invit\u00e9s : <strong>Bruno Bernard<\/strong>, pr\u00e9sident de <strong>SYTRAL Mobilit\u00e9s<\/strong>, <strong>Vincent Monot<\/strong>, vice-pr\u00e9sident de <strong>SYTRAL Mobilit\u00e9s<\/strong>, et <strong>Philippe Lopez<\/strong> directeur de la maintenance \u00e0 Lyon pour <strong>RATP Dev<\/strong><\/p>\n<p>Ligue des Champions : OL Lyonnes s\u2019est impos\u00e9 face aux Autrichiennes de St P\u00f6lten<\/p>\n<p>Basket \u2013 Euroligue : l\u2019Asvel s\u2019incline \u00e0 Ath\u00e8nes face au Panathina\u00efkos<\/p>\n<p>L\u2019\u00e9quipe villeurbannaise a fait trembler son prestigieux adversaire grec<\/p>\n<p>Mais Villeurbanne s\u2019est inclin\u00e9e sur le fil 91 \u00e0 85, face \u00e0 l\u2019un des grands favoris pour le titre en Euroligue<\/p>\n<p><img fetchpriority=\"high\" decoding=\"async\" width=\"1200\" height=\"675\" src=\"https:\/\/www.europesays.com\/fr\/wp-content\/uploads\/2025\/10\/actualite-de-ce-jeudi-16-octobre-2025.jpg\" alt=\"actualit\u00e9 de ce jeudi 16 octobre 2025 info \u00e0 Lyon\" class=\"wp-image-251826\"  \/>Retrouvez aussi le Quart d\u2019Heure Lyonnais de Lyon Demain sur les antennes de Radio Pluriel (Lyon). Radio Salam (Lyon, Saint-Etienne et Bourg) et Radio Arm\u00e9nie (Lyon et Vienne)<br \/>\nJ\u2019aime \u00e7a\u00a0:<\/p>\n<p>J\u2019aime chargement\u2026<\/p>\n<p><a class=\"sd-link-color\"\/><\/p>\n<p>\n\tArticles similaires\n<\/p>\n<p>\t\t\t\t<img decoding=\"async\" src=\"https:\/\/www.europesays.com\/fr\/wp-content\/uploads\/2025\/10\/1760592793_805_7866158698e17e8ed633c05e8f8e7fe5d9e057ad78661c4dc34e413abb6b9f19\" alt=\"G\u00e9rald Bouchon\"\/><\/p>\n<p>Pionnier des radios libres, passionn\u00e9 de radio, journaliste et dirigeant de m\u00e9dias \u00e9co-responsables..<\/p>\n","protected":false},"excerpt":{"rendered":"A la une de l\u2019info \u00e0 Lyon : l\u2019encadrement des loyers, des op\u00e9rations de police contre le trafic&hellip;\n","protected":false},"author":2,"featured_media":466655,"comment_status":"","ping_status":"","sticky":false,"template":"","format":"standard","meta":{"footnotes":""},"categories":[1889],"tags":[1111,11,23099,2430,5921,5225,59061,1777,674,1011,27,2428,12,59062,25,24003,10213,887,59063],"class_list":{"0":"post-466654","1":"post","2":"type-post","3":"status-publish","4":"format-standard","5":"has-post-thumbnail","7":"category-lyon","8":"tag-actu","9":"tag-actualites","10":"tag-ascenseur","11":"tag-auvergne-rhone-alpes","12":"tag-bruno-bernard","13":"tag-encadrement-des-loyers","14":"tag-escalator","15":"tag-eu","16":"tag-europe","17":"tag-fr","18":"tag-france","19":"tag-lyon","20":"tag-news","21":"tag-ratp-dev","22":"tag-republique-francaise","23":"tag-sytral-mobilites","24":"tag-tcl","25":"tag-trafic-de-drogue","26":"tag-vincent-monot"},"share_on_mastodon":{"url":"https:\/\/pubeurope.com\/@fr\/115382217026579034","error":""},"_links":{"self":[{"href":"https:\/\/www.europesays.com\/fr\/wp-json\/wp\/v2\/posts\/466654","targetHints":{"allow":["GET"]}}],"collection":[{"href":"https:\/\/www.europesays.com\/fr\/wp-json\/wp\/v2\/posts"}],"about":[{"href":"https:\/\/www.europesays.com\/fr\/wp-json\/wp\/v2\/types\/post"}],"author":[{"embeddable":true,"href":"https:\/\/www.europesays.com\/fr\/wp-json\/wp\/v2\/users\/2"}],"replies":[{"embeddable":true,"href":"https:\/\/www.europesays.com\/fr\/wp-json\/wp\/v2\/comments?post=466654"}],"version-history":[{"count":0,"href":"https:\/\/www.europesays.com\/fr\/wp-json\/wp\/v2\/posts\/466654\/revisions"}],"wp:featuredmedia":[{"embeddable":true,"href":"https:\/\/www.europesays.com\/fr\/wp-json\/wp\/v2\/media\/466655"}],"wp:attachment":[{"href":"https:\/\/www.europesays.com\/fr\/wp-json\/wp\/v2\/media?parent=466654"}],"wp:term":[{"taxonomy":"category","embeddable":true,"href":"https:\/\/www.europesays.com\/fr\/wp-json\/wp\/v2\/categories?post=466654"},{"taxonomy":"post_tag","embeddable":true,"href":"https:\/\/www.europesays.com\/fr\/wp-json\/wp\/v2\/tags?post=466654"}],"curies":[{"name":"wp","href":"https:\/\/api.w.org\/{rel}","templated":true}]}}