{"id":466683,"date":"2025-10-16T05:51:19","date_gmt":"2025-10-16T05:51:19","guid":{"rendered":"https:\/\/www.europesays.com\/fr\/466683\/"},"modified":"2025-10-16T05:51:19","modified_gmt":"2025-10-16T05:51:19","slug":"exclusif-les-extraits-du-voyage-dans-la-france-davant-de-franz-olivier-giesbert","status":"publish","type":"post","link":"https:\/\/www.europesays.com\/fr\/466683\/","title":{"rendered":"Exclusif. Les extraits du\u00a0\u00ab\u00a0Voyage dans la France d\u2019avant\u00a0\u00bb de Franz-Olivier Giesbert\u00a0"},"content":{"rendered":"<p>Avec\u00a0Voyage dans la France d&rsquo;avant\u00a0(Gallimard),\u00a0ultime volet \u00e0 son Histoire intime de la Ve\u00a0R\u00e9publique, Franz-Olivier Giesbert nous offre un\u00a0livre de gratitude envers un pays qu&rsquo;il a vu se transformer, s&rsquo;ab\u00eemer parfois, mais qu&rsquo;il continue d&rsquo;aimer d&rsquo;un amour mystique.\u00a0Culte du robespierrisme, haine de soi, mur des d\u00e9nis, passion bureaucratique\u2026 FOG raconte,\u00a0avec une m\u00e9lancolie solaire, ces d\u00e9mons qui habitent la France depuis des si\u00e8cles et fa\u00e7onnent notre psych\u00e9 collective. Extraits exclusifs.<\/p>\n<p>Giacometti\u00a0: \u00ab\u00a0<strong>Sois toi-m\u00eame, n&rsquo;\u00e9coute personne\u00a0!\u00a0\u00bb<\/strong><\/p>\n<p>Alberto Giacometti m&rsquo;ouvre la porte. Il a soixante-trois ans mais en fait au moins vingt de plus. Habill\u00e9 comme un clochard, il est tout gris, comme le ciel, sa tignasse nimb\u00e9e de poudre de pl\u00e2tre et son logis-atelier-d\u00e9barras que j&rsquo;aper\u00e7ois par l&#8230;<\/p>\n<p>Toute l\u2019actualit\u00e9 \u00e0 1\u20ac le premier mois<\/p>\n<p><a href=\"https:\/\/abo.lepoint.fr\/?provenance=21EDI020098\" class=\"btn\" title=\"S&#039;abonner\" data-gtm=\"click:abo|display:abo\" data-campaign=\"paywall_maison\" target=\"_blank\" rel=\"noopener\">S&rsquo;abonner<\/a><\/p>\n<p>ou<\/p>\n<p>La newsletter politique<\/p>\n<p class=\"period\">Tous les lundis \u00e0 11h30<\/p>\n<p>Recevez en avant-premi\u00e8re les informations et analyses politiques de la r\u00e9daction du Point.<\/p>\n<p>Merci !<br \/>Votre inscription a bien \u00e9t\u00e9 prise en compte avec l&rsquo;adresse email :<\/p>\n<p>Pour d\u00e9couvrir toutes nos autres newsletters, rendez-vous ici : <a href=\"https:\/\/moncompte.lepoint.fr\/\" title=\"\" target=\"_blank\" rel=\"noopener\">MonCompte<\/a><\/p>\n<p>En vous inscrivant, vous acceptez les <a href=\"https:\/\/www.lepoint.fr\/html\/cgu\/\" title=\"Conditions g\u00e9n\u00e9rales d&#039;utilisation\" target=\"_blank\" rel=\"noopener\">conditions g\u00e9n\u00e9rales d\u2019utilisations<\/a> et notre <a href=\"https:\/\/www.lepoint.fr\/html\/politique-de-protection-donnees-personnelles\/\" title=\"Politique de confidentialit\u00e9\" target=\"_blank\" rel=\"noopener\">politique de confidentialit\u00e9<\/a>.<\/p>\n","protected":false},"excerpt":{"rendered":"Avec\u00a0Voyage dans la France d&rsquo;avant\u00a0(Gallimard),\u00a0ultime volet \u00e0 son Histoire intime de la Ve\u00a0R\u00e9publique, Franz-Olivier Giesbert nous offre un\u00a0livre&hellip;\n","protected":false},"author":2,"featured_media":466684,"comment_status":"","ping_status":"","sticky":false,"template":"","format":"standard","meta":{"footnotes":""},"categories":[4],"tags":[11,1011,27,59064,12,25],"class_list":{"0":"post-466683","1":"post","2":"type-post","3":"status-publish","4":"format-standard","5":"has-post-thumbnail","7":"category-france","8":"tag-actualites","9":"tag-fr","10":"tag-france","11":"tag-franz-olivier-giesbert","12":"tag-news","13":"tag-republique-francaise"},"share_on_mastodon":{"url":"https:\/\/pubeurope.com\/@fr\/115382287223703989","error":""},"_links":{"self":[{"href":"https:\/\/www.europesays.com\/fr\/wp-json\/wp\/v2\/posts\/466683","targetHints":{"allow":["GET"]}}],"collection":[{"href":"https:\/\/www.europesays.com\/fr\/wp-json\/wp\/v2\/posts"}],"about":[{"href":"https:\/\/www.europesays.com\/fr\/wp-json\/wp\/v2\/types\/post"}],"author":[{"embeddable":true,"href":"https:\/\/www.europesays.com\/fr\/wp-json\/wp\/v2\/users\/2"}],"replies":[{"embeddable":true,"href":"https:\/\/www.europesays.com\/fr\/wp-json\/wp\/v2\/comments?post=466683"}],"version-history":[{"count":0,"href":"https:\/\/www.europesays.com\/fr\/wp-json\/wp\/v2\/posts\/466683\/revisions"}],"wp:featuredmedia":[{"embeddable":true,"href":"https:\/\/www.europesays.com\/fr\/wp-json\/wp\/v2\/media\/466684"}],"wp:attachment":[{"href":"https:\/\/www.europesays.com\/fr\/wp-json\/wp\/v2\/media?parent=466683"}],"wp:term":[{"taxonomy":"category","embeddable":true,"href":"https:\/\/www.europesays.com\/fr\/wp-json\/wp\/v2\/categories?post=466683"},{"taxonomy":"post_tag","embeddable":true,"href":"https:\/\/www.europesays.com\/fr\/wp-json\/wp\/v2\/tags?post=466683"}],"curies":[{"name":"wp","href":"https:\/\/api.w.org\/{rel}","templated":true}]}}