{"id":466689,"date":"2025-10-16T05:57:10","date_gmt":"2025-10-16T05:57:10","guid":{"rendered":"https:\/\/www.europesays.com\/fr\/466689\/"},"modified":"2025-10-16T05:57:10","modified_gmt":"2025-10-16T05:57:10","slug":"jai-de-grands-souvenirs-ici","status":"publish","type":"post","link":"https:\/\/www.europesays.com\/fr\/466689\/","title":{"rendered":"\u00ab J&rsquo;ai de grands souvenirs ici \u00bb"},"content":{"rendered":"<p>&#13;<\/p>\n<p><strong>Johann Zarco aborde le Grand Prix d\u2019Australie avec l\u2019envie de se relancer apr\u00e8s des courses d\u00e9licates.\u00a0<\/strong><\/p>\n<p>\u00c0 Phillip Island, Johann Zarco s\u2019attend \u00e0 un week-end exigeant, notamment en raison de la m\u00e9t\u00e9o et des temp\u00e9ratures souvent basses, mais il reste optimiste, port\u00e9 par ses bons souvenirs \u00e0 Phillip Island et les progr\u00e8s de la Honda. \u00ab\u2009Je suis content d\u2019\u00eatre ici, d\u00e9clare le pilote LCR. Quand on marche sur ce circuit, on voit \u00e0 quel point il est beau et impressionnant avec ses virages rapides. En voyant le beau r\u00e9sultat de Mir \u00e0 Motegi et celui de Marini en Indon\u00e9sie, j\u2019ai envie de croire que ce sera mon tour \u00e0 Phillip Island, une piste que j\u2019aime beaucoup.\u2009\u00bb<\/p>\n<p>Et d\u2019ajouter\u00a0: \u00ab\u2009On arrive \u00e0 analyser un peu sur toute la saison \u00e0 quel moment on a pu rentrer en difficult\u00e9, \u00e0 quel moment j\u2019ai pu commencer \u00e0 perdre confiance. On sait qu\u2019on n\u2019est pas encore dans une situation parfaite et qu\u2019il faut r\u00e9ussir \u00e0 jouer d\u2019une moto \u00e0 l\u2019autre. Mais au moins, on arrive \u00e0 faire des analyses plut\u00f4t sens\u00e9es pour se donner une vision plus positive, pour reprendre cette confiance. C\u2019est une piste o\u00f9 il y aura du vent. Il va faire froid, surtout vendredi et samedi. Donc toujours besoin de s\u2019adapter aux conditions. Et si je me sens bien, il y a moyen de bien faire. En tout cas, je vais faire en sorte d\u2019avoir la bonne \u00e9nergie tout au long du week-end pour faire de belles courses.\u2009\u00bb<\/p>\n<p>Vainqueur pour la premi\u00e8re fois en MotoGP ici m\u00eame en 2023, Zarco compte de bons souvenirs sur ce trac\u00e9. \u00ab\u2009J\u2019ai de bons souvenirs, j\u2019aime beaucoup ce circuit, dit-il. Il m\u2019impressionne toujours. C\u2019est des virages tr\u00e8s rapides. Mais c\u2019est pour \u00e7a que si je me sens bien sur la moto, \u00e7a cr\u00e9e toujours des sensations tr\u00e8s sp\u00e9ciales. Comme je dis, il n\u2019y a que le froid de vendredi et samedi qui peut un peu emb\u00eater. Parce que souvent sur le pneu avant, \u00e7a y joue. S\u2019il n\u2019y a pas la bonne temp\u00e9rature, \u00e7a peut faire chuter les pilotes. Du coup, \u00e7a cr\u00e9e un peu de soucis, mais on va affronter le sujet quand m\u00eame.\u2009\u00bb<\/p>\n<p>&#13;<br \/>\n           &#13;<br \/>\n&#13;<br \/>\n    &#13;<br \/>\n    &#13;<\/p>\n","protected":false},"excerpt":{"rendered":"&#13; Johann Zarco aborde le Grand Prix d\u2019Australie avec l\u2019envie de se relancer apr\u00e8s des courses d\u00e9licates.\u00a0 \u00c0&hellip;\n","protected":false},"author":2,"featured_media":466690,"comment_status":"","ping_status":"","sticky":false,"template":"","format":"standard","meta":{"footnotes":""},"categories":[1413],"tags":[1011,27,1457,1456,60],"class_list":{"0":"post-466689","1":"post","2":"type-post","3":"status-publish","4":"format-standard","5":"has-post-thumbnail","7":"category-moto","8":"tag-fr","9":"tag-france","10":"tag-moto","11":"tag-motocycle","12":"tag-sports"},"share_on_mastodon":{"url":"https:\/\/pubeurope.com\/@fr\/115382310925228546","error":""},"_links":{"self":[{"href":"https:\/\/www.europesays.com\/fr\/wp-json\/wp\/v2\/posts\/466689","targetHints":{"allow":["GET"]}}],"collection":[{"href":"https:\/\/www.europesays.com\/fr\/wp-json\/wp\/v2\/posts"}],"about":[{"href":"https:\/\/www.europesays.com\/fr\/wp-json\/wp\/v2\/types\/post"}],"author":[{"embeddable":true,"href":"https:\/\/www.europesays.com\/fr\/wp-json\/wp\/v2\/users\/2"}],"replies":[{"embeddable":true,"href":"https:\/\/www.europesays.com\/fr\/wp-json\/wp\/v2\/comments?post=466689"}],"version-history":[{"count":0,"href":"https:\/\/www.europesays.com\/fr\/wp-json\/wp\/v2\/posts\/466689\/revisions"}],"wp:featuredmedia":[{"embeddable":true,"href":"https:\/\/www.europesays.com\/fr\/wp-json\/wp\/v2\/media\/466690"}],"wp:attachment":[{"href":"https:\/\/www.europesays.com\/fr\/wp-json\/wp\/v2\/media?parent=466689"}],"wp:term":[{"taxonomy":"category","embeddable":true,"href":"https:\/\/www.europesays.com\/fr\/wp-json\/wp\/v2\/categories?post=466689"},{"taxonomy":"post_tag","embeddable":true,"href":"https:\/\/www.europesays.com\/fr\/wp-json\/wp\/v2\/tags?post=466689"}],"curies":[{"name":"wp","href":"https:\/\/api.w.org\/{rel}","templated":true}]}}