{"id":466703,"date":"2025-10-16T06:04:40","date_gmt":"2025-10-16T06:04:40","guid":{"rendered":"https:\/\/www.europesays.com\/fr\/466703\/"},"modified":"2025-10-16T06:04:40","modified_gmt":"2025-10-16T06:04:40","slug":"matthieu-delormeau-evoque-sans-filtre-les-problemes-financiers-quil-a-traverses","status":"publish","type":"post","link":"https:\/\/www.europesays.com\/fr\/466703\/","title":{"rendered":"Matthieu Delormeau \u00e9voque sans filtre les probl\u00e8mes financiers qu&rsquo;il a travers\u00e9s"},"content":{"rendered":"<p>Ces derni\u00e8res ann\u00e9es, Matthieu Delormeau \u00e9tait absent du petit \u00e9cran et semblait avoir tir\u00e9 un trait d\u00e9finitif sur le monde des m\u00e9dias. Mais, apr\u00e8s des mois de silence, sa carri\u00e8re a finalement connu un second souffle gr\u00e2ce au nouveau talk-show, <a href=\"https:\/\/www.programme-tv.net\/news\/tv\/389807-je-suis-oblige-de-bosser-patrick-sebastien-millionnaire-il-se-confie-sur-ses-revenus-sans-langue-de-bois-dans-tout-beau-tout-neuf\/\" data-api-deeplink=\"teleloisirs:\/\/news\/389807\" target=\"_blank\" rel=\"noopener\">Tout beau, tout neuf.<\/a> En effet, les t\u00e9l\u00e9spectateurs de W9 ont retrouv\u00e9 le chroniqueur autour de la table de <a href=\"https:\/\/www.programme-tv.net\/news\/tv\/389799-on-me-dit-qu-il-y-a-un-probleme-sur-le-plateau-cyril-hanouna-rejoint-eric-antoine-et-debarque-sur-le-plateau-de-la-roue-de-la-fortune-video\/\" data-api-deeplink=\"teleloisirs:\/\/news\/389799\" target=\"_blank\" rel=\"noopener\">Cyril Hanouna <\/a>d\u00e8s le lancement de sa nouvelle \u00e9mission. Lors de sa pr\u00e9sentation officielle sur le plateau, il revenait, sans filtre, <a href=\"https:\/\/www.programme-tv.net\/news\/people\/386898-je-ne-prenais-plus-du-tout-de-drogue-la-mise-au-point-de-matthieu-delormeau-sur-sa-video-evocatrice-postee-par-erreur-cet-ete-sur-instagram\/\" data-api-deeplink=\"teleloisirs:\/\/news\/386898\" target=\"_blank\" rel=\"noopener\">sur son combat contre son addiction \u00e0 la drogue<\/a> et sur les derni\u00e8res pol\u00e9miques le concernant. Ce mercredi 15 octobre, alors que le sujet <a href=\"https:\/\/www.programme-tv.net\/news\/people\/389691-on-navait-pas-de-chauffage-pas-deau-chaude-simon-castaldi-revient-sur-les-gros-soucis-financiers-de-son-pere-benjamin-castaldi\/\" data-api-deeplink=\"teleloisirs:\/\/news\/389691\" target=\"_blank\" rel=\"noopener\">de l&rsquo;endettement de Benjamin Castaldi<\/a> \u00e9tait \u00e9voqu\u00e9 au sein du programme, Matthieu Delormeau est revenu sur les probl\u00e8mes financiers qu&rsquo;il a lui-m\u00eame rencontr\u00e9s.<\/p>\n<p>                        \u00ab\u00a0Les huissiers frappaient \u00e0 ma porte\u00a0\u00bb : Matthieu Delormeau se confie sur son endettement<\/p>\n<p>Matthieu Delormeau s&rsquo;est enfonc\u00e9 dans de lourds probl\u00e8mes depuis qu&rsquo;il n&rsquo;est plus apparu sur petit \u00e9cran. Loin de nier le sujet, il a t\u00e9moign\u00e9 sur le plateau de Tout beau, tout neuf de la fa\u00e7on dont il a perdu toutes ses \u00e9conomies : \u00ab\u00a0Je n&rsquo;ai pas travaill\u00e9 pendant deux ans avec mes b\u00eatises. J&rsquo;avais mis pas mal d&rsquo;argent sur des comptes.\u00a0\u00bb, lance-t-il, faisant r\u00e9f\u00e9rence \u00e0 son ancienne addiction \u00e0 la drogue. \u00ab\u00a0Pour me soigner d\u00e9j\u00e0, \u00e7a m&rsquo;a co\u00fbt\u00e9 170.000 euros. Trois cures. Les psys, c&rsquo;est 130 euros \u00e0 chaque fois et j&rsquo;en voyais deux par semaine. Beaucoup d&rsquo;achats de drogue, \u00e7a allait jusqu&rsquo;\u00e0 3.000 euros par mois. <b>J&rsquo;avais \u00e0 peu pr\u00e8s 150.000 euros sur mon compte et, en deux ans, j&rsquo;ai tout vid\u00e9.<\/b> Je voyais des gar\u00e7ons, je leur payais des h\u00f4tels, j&rsquo;\u00e9tais compl\u00e8tement d\u00e9fonc\u00e9&#8230;\u00a0\u00bb, regrette-t-il. Alors qu&rsquo;il vivait gr\u00e2ce \u00e0 ses \u00e9conomies, il explique : \u00ab\u00a0Un jour, la banque m&rsquo;appelle et me dit : &lsquo;Vous avez 20.000 euros de d\u00e9couvert&rsquo;. Je pars en cure et je vois qu&rsquo;il me reste 1,68 euros sur mon compte. J&rsquo;avais vid\u00e9 165.000 euros en deux ans. <b>Comme je ne faisais plus rien, les huissiers frappaient \u00e0 ma porte. J&rsquo;ai claqu\u00e9 tout ce que j&rsquo;avais mis de c\u00f4t\u00e9, donc 170.000 euros.\u00a0\u00bb<\/b>. Pour s&rsquo;en sortir, le chroniqueur a pu compter sur l&rsquo;aide de son meilleur ami qui lui \u00ab\u00a0a pr\u00eat\u00e9 50.000 euros\u00a0\u00bb. \u00ab\u00a0Quand tu n&rsquo;as plus d&rsquo;argent, dormir la nuit&#8230; Tu es dans une d\u00e9pression, tu as la boule au ventre.\u00a0\u00bb, conclut-il.<\/p>\n<p>            \u00ab\u00a0\u00c7a m&rsquo;a permis de r\u00e9amorcer la pompe\u00a0\u00bb : Matthieu Delormeau d\u00e9voile comment il a remont\u00e9 la pente apr\u00e8s de lourds probl\u00e8mes financiers<\/p>\n<p>Apr\u00e8s son t\u00e9moignage, Cyril Hanouna a interrog\u00e9 son ami sur son \u00e9tat d&rsquo;esprit depuis son retour \u00e0 l&rsquo;antenne : \u00ab\u00a0Je pense que je n&rsquo;ai jamais \u00e9t\u00e9 aussi heureux qu&rsquo;aujourd&rsquo;hui\u00a0\u00bb, a r\u00e9pondu Matthieu Delormeau, avant de poursuivre : \u00ab\u00a0Pourtant, j&rsquo;ai moins d&rsquo;argent. Un peu comme <a href=\"https:\/\/www.programme-tv.net\/biographie\/226169-genton-guillaume\/\" data-link-people=\"28982f64-3e9e-4ae4-9df4-9392aeb120f6\" target=\"_blank\" rel=\"noopener\">Guillaume Genton<\/a> \u00e0 l&rsquo;\u00e9poque&#8230;\u00a0\u00bb. Le chroniqueur a avou\u00e9 face \u00e0 l&rsquo;animateur qu&rsquo;il avait fait une demande d&rsquo;avance sur salaire lorsqu&rsquo;il a r\u00e9int\u00e9gr\u00e9 la bande : \u00ab\u00a0J&rsquo;ai \u00e9t\u00e9 pay\u00e9 deux mois en un. \u00c7a m&rsquo;a permis de r\u00e9amorcer la pompe\u00a0\u00bb.<\/p>\n","protected":false},"excerpt":{"rendered":"Ces derni\u00e8res ann\u00e9es, Matthieu Delormeau \u00e9tait absent du petit \u00e9cran et semblait avoir tir\u00e9 un trait d\u00e9finitif sur&hellip;\n","protected":false},"author":2,"featured_media":466704,"comment_status":"","ping_status":"","sticky":false,"template":"","format":"standard","meta":{"footnotes":""},"categories":[1356],"tags":[244,1083,58,59,1011,27,7830,252,22497,49534,1364,2395,1630],"class_list":{"0":"post-466703","1":"post","2":"type-post","3":"status-publish","4":"format-standard","5":"has-post-thumbnail","7":"category-television","8":"tag-commentaire","9":"tag-cyril-hanouna","10":"tag-divertissement","11":"tag-entertainment","12":"tag-fr","13":"tag-france","14":"tag-matthieu-delormeau","15":"tag-television","16":"tag-tout-beau","17":"tag-tout-n9uf","18":"tag-tv","19":"tag-w9","20":"tag-zapping"},"share_on_mastodon":{"url":"https:\/\/pubeurope.com\/@fr\/115382338624723094","error":""},"_links":{"self":[{"href":"https:\/\/www.europesays.com\/fr\/wp-json\/wp\/v2\/posts\/466703","targetHints":{"allow":["GET"]}}],"collection":[{"href":"https:\/\/www.europesays.com\/fr\/wp-json\/wp\/v2\/posts"}],"about":[{"href":"https:\/\/www.europesays.com\/fr\/wp-json\/wp\/v2\/types\/post"}],"author":[{"embeddable":true,"href":"https:\/\/www.europesays.com\/fr\/wp-json\/wp\/v2\/users\/2"}],"replies":[{"embeddable":true,"href":"https:\/\/www.europesays.com\/fr\/wp-json\/wp\/v2\/comments?post=466703"}],"version-history":[{"count":0,"href":"https:\/\/www.europesays.com\/fr\/wp-json\/wp\/v2\/posts\/466703\/revisions"}],"wp:featuredmedia":[{"embeddable":true,"href":"https:\/\/www.europesays.com\/fr\/wp-json\/wp\/v2\/media\/466704"}],"wp:attachment":[{"href":"https:\/\/www.europesays.com\/fr\/wp-json\/wp\/v2\/media?parent=466703"}],"wp:term":[{"taxonomy":"category","embeddable":true,"href":"https:\/\/www.europesays.com\/fr\/wp-json\/wp\/v2\/categories?post=466703"},{"taxonomy":"post_tag","embeddable":true,"href":"https:\/\/www.europesays.com\/fr\/wp-json\/wp\/v2\/tags?post=466703"}],"curies":[{"name":"wp","href":"https:\/\/api.w.org\/{rel}","templated":true}]}}