{"id":466722,"date":"2025-10-16T06:15:14","date_gmt":"2025-10-16T06:15:14","guid":{"rendered":"https:\/\/www.europesays.com\/fr\/466722\/"},"modified":"2025-10-16T06:15:14","modified_gmt":"2025-10-16T06:15:14","slug":"lasse-organise-un-run-solidaire-contre-la-precarite-etudiante","status":"publish","type":"post","link":"https:\/\/www.europesays.com\/fr\/466722\/","title":{"rendered":"L&rsquo;ASSE organise un run solidaire contre la pr\u00e9carit\u00e9 \u00e9tudiante"},"content":{"rendered":"<p><img decoding=\"async\" class=\"\" style=\"width:100%\" src=\"https:\/\/www.europesays.com\/fr\/wp-content\/uploads\/2025\/10\/558187142_1343323823828225_6775418053693134593_n1760591259835.jpg\" alt=\"L'ASSE organise un run solidaire contre la pr\u00e9carit\u00e9 \u00e9tudiante ce jeudi soir. \"\/><\/p>\n<p>L&rsquo;ASSE organise un run solidaire contre la pr\u00e9carit\u00e9 \u00e9tudiante ce jeudi soir. <\/p>\n<p>Cr\u00e9dit : Facebook \/ ASSE &#8211; Association Sportive de Saint-Etienne<\/p>\n<p>Ce jeudi 16 octobre, le club de l&rsquo;AS Saint-Etienne s&rsquo;associe avec l&rsquo;association D\u00e9livraide pour <strong>lutter contre la pr\u00e9carit\u00e9 \u00e9tudiante<\/strong> avec un run solidaire dans les rues du centre-ville. L&rsquo;objectif est de soutenir les st\u00e9phanois par la fourniture de kit alimentaire.<\/p>\n<p>Organis\u00e9 avec le label culturel Steph&rsquo;, ce run social et solidaire aura lieu d\u00e8s <strong>18h30 depuis la place Jean-Jaur\u00e8s<\/strong>. Pour y participer, il suffit de <a href=\"https:\/\/yp.events\/07bcb1fe-dd6e-4531-b4d2-71ba6170f2b2\/Running-Solidaire-AS-Saint-Etienne-Steph-x-Marathon-de-la-biere\" rel=\"noopener nofollow\" target=\"_blank\">vous inscrire sur le site d\u00e9di\u00e9<\/a>. Enti\u00e8rement gratuit, la seule condition est d&rsquo;avoir <strong>d\u00e9pos\u00e9 au moins une denr\u00e9e alimentaire au stand D\u00e9livraide <\/strong>d\u00e9ploy\u00e9 pour l&rsquo;occasion. Concernant le parcours, deux itin\u00e9raires seront propos\u00e9s : l&rsquo;un de <strong>5 kilom\u00e8tres <\/strong>et l&rsquo;autre de<strong> 8 kilom\u00e8tres<\/strong>.\u00a0<\/p>\n<p>Un rafra\u00eechissement sera ensuite offert aux participants, le tout dans une ambiance musicale au Six Nations, place Jean-Jaur\u00e8s.\u00a0<\/p>\n<p>Par ailleurs, <strong>une collecte de denr\u00e9es sera \u00e9galement organis\u00e9e sur le parvis sud du stade Geoffroy-Guichard ce samedi <\/strong>\u00e0 l\u2019occasion de la r\u00e9ception du Mans dans le cadre de la 8\u00e8me journ\u00e9e de Ligue 2 BKT. Chaque donateur pourra, en \u00e9change de son don, participer \u00e0 une tombola pour remporter une exp\u00e9rience apr\u00e8s-match ou encore un maillot d\u00e9dicac\u00e9.<\/p>\n","protected":false},"excerpt":{"rendered":"L&rsquo;ASSE organise un run solidaire contre la pr\u00e9carit\u00e9 \u00e9tudiante ce jeudi soir. Cr\u00e9dit : Facebook \/ ASSE &#8211;&hellip;\n","protected":false},"author":2,"featured_media":466723,"comment_status":"","ping_status":"","sticky":false,"template":"","format":"standard","meta":{"footnotes":""},"categories":[9653],"tags":[1111,11,461,2430,4081,1777,674,1011,27,3367,12,10181,25,52190,4001,3400],"class_list":{"0":"post-466722","1":"post","2":"type-post","3":"status-publish","4":"format-standard","5":"has-post-thumbnail","7":"category-saint-etienne","8":"tag-actu","9":"tag-actualites","10":"tag-asse","11":"tag-auvergne-rhone-alpes","12":"tag-etudiant","13":"tag-eu","14":"tag-europe","15":"tag-fr","16":"tag-france","17":"tag-loire","18":"tag-news","19":"tag-precarite","20":"tag-republique-francaise","21":"tag-run","22":"tag-saint-etienne","23":"tag-solidarite"},"share_on_mastodon":{"url":"https:\/\/pubeurope.com\/@fr\/115382382102019427","error":""},"_links":{"self":[{"href":"https:\/\/www.europesays.com\/fr\/wp-json\/wp\/v2\/posts\/466722","targetHints":{"allow":["GET"]}}],"collection":[{"href":"https:\/\/www.europesays.com\/fr\/wp-json\/wp\/v2\/posts"}],"about":[{"href":"https:\/\/www.europesays.com\/fr\/wp-json\/wp\/v2\/types\/post"}],"author":[{"embeddable":true,"href":"https:\/\/www.europesays.com\/fr\/wp-json\/wp\/v2\/users\/2"}],"replies":[{"embeddable":true,"href":"https:\/\/www.europesays.com\/fr\/wp-json\/wp\/v2\/comments?post=466722"}],"version-history":[{"count":0,"href":"https:\/\/www.europesays.com\/fr\/wp-json\/wp\/v2\/posts\/466722\/revisions"}],"wp:featuredmedia":[{"embeddable":true,"href":"https:\/\/www.europesays.com\/fr\/wp-json\/wp\/v2\/media\/466723"}],"wp:attachment":[{"href":"https:\/\/www.europesays.com\/fr\/wp-json\/wp\/v2\/media?parent=466722"}],"wp:term":[{"taxonomy":"category","embeddable":true,"href":"https:\/\/www.europesays.com\/fr\/wp-json\/wp\/v2\/categories?post=466722"},{"taxonomy":"post_tag","embeddable":true,"href":"https:\/\/www.europesays.com\/fr\/wp-json\/wp\/v2\/tags?post=466722"}],"curies":[{"name":"wp","href":"https:\/\/api.w.org\/{rel}","templated":true}]}}