{"id":466726,"date":"2025-10-16T06:17:50","date_gmt":"2025-10-16T06:17:50","guid":{"rendered":"https:\/\/www.europesays.com\/fr\/466726\/"},"modified":"2025-10-16T06:17:50","modified_gmt":"2025-10-16T06:17:50","slug":"le-lrgp-et-linrs-unis-depuis-25-ans-pour-prevenir-les-risques-chimiques-en-entreprise-factuel","status":"publish","type":"post","link":"https:\/\/www.europesays.com\/fr\/466726\/","title":{"rendered":"Le LRGP et l\u2019INRS unis depuis 25 ans pour pr\u00e9venir les risques chimiques en entreprise &#8211; Factuel"},"content":{"rendered":"<p>Un quart de si\u00e8cle de coop\u00e9ration et de recherche scientifique \u00e9tait mis \u00e0 l\u2019honneur ce 10 octobre \u00e0 Vandoeuvre-l\u00e8s-Nancy autour d\u2019une<strong> <\/strong>conf\u00e9rence-d\u00e9bat, en pr\u00e9sence de la direction du LRGP, des repr\u00e9sentants du CNRS, de l\u2019Universit\u00e9 de Lorraine et du directeur g\u00e9n\u00e9ral de l\u2019Institut national de recherche et de s\u00e9curit\u00e9 pour la pr\u00e9vention des accidents du travail et des maladies professionnels (INRS).\u00a0<\/p>\n<p>Mettre en perspective les accomplissements scientifiques issus de la mutualisation des comp\u00e9tences et des ressources depuis 2000, et r\u00e9affirmer l\u2019engagement commun en faveur de la pr\u00e9vention des risques li\u00e9s aux a\u00e9rosols g\u00e9n\u00e9r\u00e9s par certains proc\u00e9d\u00e9s industriels, \u00e9taient au c\u0153ur des \u00e9changes de la conf\u00e9rence-d\u00e9bat, organis\u00e9e le 10 octobre dans les locaux de l\u2019INRS. L\u2019occasion de mesurer le chemin parcouru ces 25 derni\u00e8res ann\u00e9es et de mettre en lumi\u00e8re les avanc\u00e9es issues du partenariat entre le LRGP (CNRS\/Universit\u00e9 de Lorraine) et l\u2019INRS, au travers du <strong>LFA, Laboratoire de filtration et adsorption<\/strong>, au service d\u2019une meilleure compr\u00e9hension et pr\u00e9vention des risques li\u00e9s aux expositions aux a\u00e9rosols.<\/p>\n<p>Les travaux de coop\u00e9ration entre le LRGP (CNRS\/Universit\u00e9 de Lorraine) et l\u2019INRS se sont tout d\u2019abord centr\u00e9s sur les aspects de filtration des a\u00e9rosols, avant d\u2019int\u00e9grer leur adsorption puis de s\u2019\u00e9tendre aux aspects de mise en suspension de poudres. A l\u2019interface entre recherche fondamentale sur les proc\u00e9d\u00e9s de filtration\/adsorption et recherche appliqu\u00e9e en sant\u00e9 au travail, la compl\u00e9mentarit\u00e9 des \u00e9quipes du LRGP et de celles de l\u2019INRS a constitu\u00e9 ces derni\u00e8res ann\u00e9es une coop\u00e9ration structurante pour faire progresser les connaissances sur l\u2019\u00e9puration des polluants.<\/p>\n<p>UN PARTENARIAT FRUCTUEUX<\/p>\n<p>Ce partenariat s\u2019est concr\u00e9tis\u00e9 par la conduite d\u2019une trentaine d\u2019\u00e9tudes et recherche communes, de 19 th\u00e8ses de doctorats soutenues, de la publication de 90 publications articles scientifiques et techniques et la pr\u00e9sentation de 132 communications \u00e0 des conf\u00e9rences, colloques, congr\u00e8s nationaux et internationaux.<\/p>\n<p>Il est \u00e9galement marqu\u00e9 par la conception de deux modules de formation d\u00e9livr\u00e9s aux acteurs de la pr\u00e9vention en entreprise, de plusieurs actions de valorisation, dont la cr\u00e9ation du logiciel Premedia (outil pour la pr\u00e9diction de la dur\u00e9e d\u2019utilisation d\u2019une cartouche d\u2019appareil de protection respiratoire), d\u2019un d\u00e9monstrateur d\u2019\u00e9purateur pour \u00e9valuer les expositions au formald\u00e9hyde, l\u2019enrichissement de la normalisation consacr\u00e9e aux appareils de protection respiratoire, ainsi que de supports d\u2019information (fiches pratiques de s\u00e9curit\u00e9, notes techniques, guides) mis \u00e0 disposition sur le site Internet de l\u2019INRS (www.inrs.fr).<\/p>\n<p>Autant d\u2019avanc\u00e9es conduites au b\u00e9n\u00e9fice de la pr\u00e9vention des risques professionnels.<\/p>\n<p>Des perspectives prometteuses<\/p>\n<p>Lors de cette conf\u00e9rence, les partenaires (CNRS, Universit\u00e9 de Loraine, LRGP et INRS) ont r\u00e9affirm\u00e9 leur souhait de poursuivre et renforcer leur coop\u00e9ration, en explorant de nouvelles th\u00e9matiques de recherche et en d\u00e9veloppant des approches innovantes pour r\u00e9pondre aux enjeux \u00e9mergents.<\/p>\n<p>\u00ab\u00a0Nous souhaitons d\u00e9velopper certaines th\u00e9matiques : la place de l\u2019intelligence artificielle dans l\u2019ing\u00e9nierie des proc\u00e9d\u00e9s appliqu\u00e9e \u00e0 la pr\u00e9vention, les proc\u00e9d\u00e9s \u00e9co-compatibles, les produits biosourc\u00e9s, les activit\u00e9s hors ateliers, etc. \u00a0\u00bb, ont soulign\u00e9 Fabien G\u00e9rardin, chef du d\u00e9partement Ing\u00e9nierie des proc\u00e9d\u00e9s de l\u2019INRS et Marie-Odile Simonnot, Directrice du LRGP pour conclure cette conf\u00e9rence, avec l\u2019ambition de continuer \u00e0 placer la science et l\u2019expertise au service de la protection des travailleurs et de la soci\u00e9t\u00e9.<\/p>\n<p><strong>Copyright : INRS\/Olivier R\u00e9my<\/strong><\/p>\n","protected":false},"excerpt":{"rendered":"Un quart de si\u00e8cle de coop\u00e9ration et de recherche scientifique \u00e9tait mis \u00e0 l\u2019honneur ce 10 octobre \u00e0&hellip;\n","protected":false},"author":2,"featured_media":466727,"comment_status":"","ping_status":"","sticky":false,"template":"","format":"standard","meta":{"footnotes":""},"categories":[9635],"tags":[1111,11,1777,674,1011,27,775,1702,12,25],"class_list":{"0":"post-466726","1":"post","2":"type-post","3":"status-publish","4":"format-standard","5":"has-post-thumbnail","7":"category-nancy","8":"tag-actu","9":"tag-actualites","10":"tag-eu","11":"tag-europe","12":"tag-fr","13":"tag-france","14":"tag-grand-est","15":"tag-nancy","16":"tag-news","17":"tag-republique-francaise"},"share_on_mastodon":{"url":"https:\/\/pubeurope.com\/@fr\/115382393597212280","error":""},"_links":{"self":[{"href":"https:\/\/www.europesays.com\/fr\/wp-json\/wp\/v2\/posts\/466726","targetHints":{"allow":["GET"]}}],"collection":[{"href":"https:\/\/www.europesays.com\/fr\/wp-json\/wp\/v2\/posts"}],"about":[{"href":"https:\/\/www.europesays.com\/fr\/wp-json\/wp\/v2\/types\/post"}],"author":[{"embeddable":true,"href":"https:\/\/www.europesays.com\/fr\/wp-json\/wp\/v2\/users\/2"}],"replies":[{"embeddable":true,"href":"https:\/\/www.europesays.com\/fr\/wp-json\/wp\/v2\/comments?post=466726"}],"version-history":[{"count":0,"href":"https:\/\/www.europesays.com\/fr\/wp-json\/wp\/v2\/posts\/466726\/revisions"}],"wp:featuredmedia":[{"embeddable":true,"href":"https:\/\/www.europesays.com\/fr\/wp-json\/wp\/v2\/media\/466727"}],"wp:attachment":[{"href":"https:\/\/www.europesays.com\/fr\/wp-json\/wp\/v2\/media?parent=466726"}],"wp:term":[{"taxonomy":"category","embeddable":true,"href":"https:\/\/www.europesays.com\/fr\/wp-json\/wp\/v2\/categories?post=466726"},{"taxonomy":"post_tag","embeddable":true,"href":"https:\/\/www.europesays.com\/fr\/wp-json\/wp\/v2\/tags?post=466726"}],"curies":[{"name":"wp","href":"https:\/\/api.w.org\/{rel}","templated":true}]}}