{"id":466728,"date":"2025-10-16T06:18:11","date_gmt":"2025-10-16T06:18:11","guid":{"rendered":"https:\/\/www.europesays.com\/fr\/466728\/"},"modified":"2025-10-16T06:18:11","modified_gmt":"2025-10-16T06:18:11","slug":"comment-a-evolue-lemploi-industriel-en-dix-ans","status":"publish","type":"post","link":"https:\/\/www.europesays.com\/fr\/466728\/","title":{"rendered":"comment a \u00e9volu\u00e9 l&#8217;emploi industriel en dix ans ?"},"content":{"rendered":"<p>L\u2019industrie reste toujours un secteur tr\u00e8s pr\u00e9sent dans le Grand Est. Parmi les activit\u00e9s les plus repr\u00e9sent\u00e9es, on retrouve notamment le travail du bois, l\u2019industrie du papier, la fabrication d\u2019\u00e9quipements \u00e9lectriques ou de la m\u00e9tallurgie. Selon les donn\u00e9es de l\u2019Urssaf, <strong>les salari\u00e9s du secteur industriel p\u00e8sent pour 20,9 %<\/strong> de l\u2019ensemble des salari\u00e9s de la r\u00e9gion contre 15,9 % au niveau national.<\/p>\n<p>Le Grand Est reste toujours <strong>la 3e r\u00e9gion la plus industrialis\u00e9e de France<\/strong> avec 300 753 emplois en 2022, derri\u00e8re l\u2019\u00cele-de-France et l\u2019Auvergne-Rh\u00f4ne-Alpes. Mais les effectifs salari\u00e9s ont diminu\u00e9 dans la plupart des r\u00e9gions.<\/p>\n<p><strong>32 600 emplois industriels en moins en dix ans<\/strong><\/p>\n<p>Entre 2012 et 2022, le Grand Est a perdu 32 600 emplois, soit <strong>une baisse de 9,8 % en dix ans.<\/strong> <a href=\"https:\/\/www.estrepublicain.fr\/economie\/2025\/09\/19\/un-territoire-d-industrie-cree-a-cheval-sur-les-departement-de-la-meuse-et-de-la-haute-marne\" target=\"_blank\" rel=\"nofollow noopener\">Parmi les r\u00e9gions les plus touch\u00e9es par ce recul de l\u2019emploi industriel<\/a>, on retrouve notamment\u00a0 les Hauts-de-France (-9 %) et la Bourgogne-Franche-Comt\u00e9 (-10,3 %). A l\u2019\u00e9chelle de la r\u00e9gion Grand Est, certains d\u00e9partements sont particuli\u00e8rement touch\u00e9s comme la Moselle (-8 161 emplois), le Haut-Rhin (-6 078) et les Vosges (-4 126). <strong>Seul le Bas-Rhin affiche un solde positif sur cette p\u00e9riode<\/strong> (+537 emplois).<\/p>\n<p>A ce jour, 57,1 % des emplois industriels se concentrent sur ces trois d\u00e9partements que sont <strong>le Bas-Rhin, le Haut-Rhin et la Moselle<\/strong>.<\/p>\n<p>  <strong>Des hausses visibles dans le Bas-Rhin mais aussi \u00e0 Saint-Louis et Toul<\/strong><\/p>\n<p>Le d\u00e9partement du Haut-Rhin semble le mieux loti avec 4 bassins d\u2019emplois sur 6 affichant un solde positif. Une dynamique port\u00e9e par l\u2019industrie alimentaire dans la ville de <strong>Strasbourg<\/strong>, par la fabrication de machines et d\u2019\u00e9quipements <strong>\u00e0 Molsheim et \u00e0 Saverne<\/strong> ou <strong>la fabrication de meubles<\/strong> \u00e0 S\u00e9lestat. Ce constat est \u00e9galement visible dans d\u2019autres territoires comme \u00e0 <strong>Toul <\/strong>en Meurthe-et-Moselle et \u00e0 <strong>Saint-Louis<\/strong> dans le Haut-Rhin.<\/p>\n<p>Dans certaines communes,\u00a0<a href=\"https:\/\/www.estrepublicain.fr\/economie\/2025\/10\/01\/accompagner-l-industrie-vers-plus-de-decarbonation-dans-un-contexte-tendu\" target=\"_blank\" rel=\"nofollow noopener\">l\u2019emploi industriel p\u00e8se pour plus de la moiti\u00e9 de l&#8217;emploi total<\/a> comme \u00e0 Batilly (93,4 %), Biesheim (88,3 %), Cattenom (85,3 %), Tr\u00e9mery (73 %), Huningue (65,6 %), Florange (63,5 %), Fegersheim (60,7 %) ou encore Hambach (60,5 %).<\/p>\n<p>On observe \u00e0 l&rsquo;inverse de fortes baisses sur les dix derni\u00e8res ann\u00e9es dans certains bassins du Grand Est : <strong>-36,8 % \u00e0 Bar-sur-Aube<\/strong> dans l&rsquo;Aube, <strong>-36,3 % \u00e0 Longwy<\/strong> en Meurthe-et-Moselle, <strong>-33,6 % \u00e0 Altkrich<\/strong> dans le Haut-Rhin ou encore <strong>-29 % \u00e0 Briey<\/strong> en Meurthe-et-Moselle.<\/p>\n<p>11 000 postes en moins dans l\u2019industrie automobile<\/p>\n<p>La r\u00e9gion se distingue par la surrepr\u00e9sentation de certains secteurs comme la fabrication de machines (8,7 %), la m\u00e9tallurgie (5,1 %) ou l&rsquo;automobile (8,2 %). Mais <strong>l&rsquo;industrie agroalimentaire pr\u00e9domine<\/strong> dans le paysage avec 42 000 dans le Grand Est (14 % de l&#8217;emploi industriel).<\/p>\n<p>Sur la p\u00e9riode 2012-2022, certains secteurs ont vu leurs effectifs particuli\u00e8rement baiss\u00e9 comme <strong>la cok\u00e9faction et raffinage<\/strong> (-80 %), <strong>l&rsquo;habillement<\/strong> (-31,8 %) ou <strong>l&rsquo;automobile<\/strong> (-31,1 %). A l&rsquo;inverse, le nombre de salari\u00e9s est en hausse dans les secteurs de la d\u00e9pollution (+67,5 %), l&rsquo;industrie pharmaceutique (+20,6 %) ou la fabrication de boissons (+17,9 %).<\/p>\n","protected":false},"excerpt":{"rendered":"L\u2019industrie reste toujours un secteur tr\u00e8s pr\u00e9sent dans le Grand Est. Parmi les activit\u00e9s les plus repr\u00e9sent\u00e9es, on&hellip;\n","protected":false},"author":2,"featured_media":466729,"comment_status":"","ping_status":"","sticky":false,"template":"","format":"standard","meta":{"footnotes":""},"categories":[9635],"tags":[1111,11,12163,33,3602,1707,1704,1706,1705,10174,1777,674,1011,27,775,693,230,3457,1702,12,3456,25,273],"class_list":{"0":"post-466728","1":"post","2":"type-post","3":"status-publish","4":"format-standard","5":"has-post-thumbnail","7":"category-nancy","8":"tag-actu","9":"tag-actualites","10":"tag-data","11":"tag-economie","12":"tag-edition-bar-le-duc","13":"tag-edition-luneville","14":"tag-edition-nancy-et-agglomeration","15":"tag-edition-pont-a-mousson","16":"tag-edition-toul","17":"tag-edition-verdun","18":"tag-eu","19":"tag-europe","20":"tag-fr","21":"tag-france","22":"tag-grand-est","23":"tag-industrie","24":"tag-infographie","25":"tag-meurthe-et-moselle","26":"tag-nancy","27":"tag-news","28":"tag-region-lorraine","29":"tag-republique-francaise","30":"tag-selection-de-la-redaction"},"share_on_mastodon":{"url":"https:\/\/pubeurope.com\/@fr\/115382393663415865","error":""},"_links":{"self":[{"href":"https:\/\/www.europesays.com\/fr\/wp-json\/wp\/v2\/posts\/466728","targetHints":{"allow":["GET"]}}],"collection":[{"href":"https:\/\/www.europesays.com\/fr\/wp-json\/wp\/v2\/posts"}],"about":[{"href":"https:\/\/www.europesays.com\/fr\/wp-json\/wp\/v2\/types\/post"}],"author":[{"embeddable":true,"href":"https:\/\/www.europesays.com\/fr\/wp-json\/wp\/v2\/users\/2"}],"replies":[{"embeddable":true,"href":"https:\/\/www.europesays.com\/fr\/wp-json\/wp\/v2\/comments?post=466728"}],"version-history":[{"count":0,"href":"https:\/\/www.europesays.com\/fr\/wp-json\/wp\/v2\/posts\/466728\/revisions"}],"wp:featuredmedia":[{"embeddable":true,"href":"https:\/\/www.europesays.com\/fr\/wp-json\/wp\/v2\/media\/466729"}],"wp:attachment":[{"href":"https:\/\/www.europesays.com\/fr\/wp-json\/wp\/v2\/media?parent=466728"}],"wp:term":[{"taxonomy":"category","embeddable":true,"href":"https:\/\/www.europesays.com\/fr\/wp-json\/wp\/v2\/categories?post=466728"},{"taxonomy":"post_tag","embeddable":true,"href":"https:\/\/www.europesays.com\/fr\/wp-json\/wp\/v2\/tags?post=466728"}],"curies":[{"name":"wp","href":"https:\/\/api.w.org\/{rel}","templated":true}]}}