{"id":466732,"date":"2025-10-16T06:20:21","date_gmt":"2025-10-16T06:20:21","guid":{"rendered":"https:\/\/www.europesays.com\/fr\/466732\/"},"modified":"2025-10-16T06:20:21","modified_gmt":"2025-10-16T06:20:21","slug":"a-toulon-le-pcf-demande-a-la-droite-de-la-clarte-vis-a-vis-du-rn","status":"publish","type":"post","link":"https:\/\/www.europesays.com\/fr\/466732\/","title":{"rendered":"\u00c0 Toulon, le PCF demande \u00e0 la droite de la clart\u00e9 vis-\u00e0-vis du RN"},"content":{"rendered":"\n<p>\u00ab Les consignes de M.\u00a0Retailleau lors des \u00e9lections partielles dans le Tarn-et-Garonne de ne pas donner une voix pour la gauche face \u00e0 l\u2019extr\u00eame droite nous inqui\u00e8tent\u00a0\u00bb, commence G\u00e9rard Permingeat, le secr\u00e9taire de la section PCF Gabriel P\u00e9ri de Toulon.<\/p>\n<p>Un appel clair \u00e0 ce qu\u2019il nomme \u00ab\u00a0un front antir\u00e9publicain\u00a0\u00bb lanc\u00e9 par le pr\u00e9sident du parti Les\u00a0R\u00e9publicains qui l\u2019am\u00e8ne \u00e0 s\u2019interroger sur les r\u00e9percussions au sein de la droite locale de ses propos, qu\u2019elle s\u2019est bien gard\u00e9 de commenter.<\/p>\n<p>Et de rappeler que les communistes toulonnais ont d\u00e9j\u00e0 interpell\u00e9 par lettre ouverte le d\u00e9put\u00e9 de la 1\u00e8re\u00a0circonscription du Var, Yannick Chenevard (Ensemble) sur le sujet. Le d\u00e9put\u00e9 a \u00e9t\u00e9 \u00e9lu gr\u00e2ce au report des voix de la gauche face au Rassemblement national (RN). Or, il soutient aujourd\u2019hui le s\u00e9nateur LR Michel Bonnus aux municipales des 15 et 22\u00a0mars.<\/p>\n<p>\u00ab\u00a0Il faut que les Toulonnais sachent son positionnement, s\u2019il fera barrage face au RN\u00a0\u00bb, poursuit le responsable politique.<\/p>\n<p>\u00ab\u00a0Qu\u2019est devenue la digue contre l\u2019extr\u00eame droite\u00a0? Une passerelle pour le rassemblement national\u00a0?\u00a0\u00bb, interroge Didier Quattropani \u00e0 ses c\u00f4t\u00e9s, en soulignant que Michel Bonnus a re\u00e7u en grandes pompes Bruno Retailleau \u00e0 Toulon. Et de poursuivre\u00a0: \u00ab\u00a0On arrive \u00e0 se demander, vu toutes ces positions-l\u00e0 qui sont prises de mani\u00e8re officielle, quelle serait la position d\u2019un Michel Bonnus au second tour des \u00e9lections municipales si son retrait devait emp\u00eacher le RN de prendre la ville\u00a0?\u00a0\u00bb La question lui est donc pos\u00e9e publiquement.<\/p>\n<p>Bruno Retailleau n\u2019est d\u2019ailleurs pas le seul \u00e0 draguer l\u2019extr\u00eame droite souligne en substance Andr\u00e9 De Ubeda. Ce qui laisse supposer l\u2019expression d\u2019un fort courant plus que de simples d\u00e9rapages. \u00ab\u00a0Fran\u00e7ois-Xavier Bellamy, mardi sur France Info, a dit qu\u2019au deuxi\u00e8me tour, entre Jordan Bardella et un PS \u00e0 l\u2019\u00e9lection pr\u00e9sidentielle, il voterait Jordan Bardella.\u00a0\u00bb Des propos suffisamment graves pour nous alerter, insiste le chef de file des communistes \u00e0 Toulon pour les municipales et conseiller municipal Toulon en Commun. \u00ab\u00a0Est-ce qu\u2019il va falloir classer les R\u00e9publicains dans le camp des extr\u00e9mistes\u00a0?\u00a0\u00bb, interroge-t-il. Apr\u00e8s ces mises en garde et demandes de clarifications, les communistes ont rappel\u00e9 leur r\u00f4le au sein de la liste de rassemblement des forces progressistes et citoyennes de Toulon en Commun (TEC).<\/p>\n<p>\u00ab\u00a0Notre section Gabriel P\u00e9ri, soutenue par la F\u00e9d\u00e9ration du PCF, est partie prenante de cette aventure politique, associative et humaine\u00a0\u00bb, r\u00e9sume Didier Quattropani. Un rassemblement qui pour l\u2019heure ne souffre d\u2019aucune dissension malgr\u00e9 les \u00e9v\u00e9nements nationaux, rassure-t-il. Et de poursuivre\u00a0: \u00ab\u00a0On fait quand m\u00eame un peu la part des choses. On travaille depuis 2019 ensemble, on se conna\u00eet, on s\u2019\u00e9coute et on se respecte pour d\u00e9battre et prendre des d\u00e9cisions par consensus, et \u00e7a c\u2019est le plus important dans nos assembl\u00e9es populaires.\u00a0\u00bb<\/p>\n<p> \u00ab\u00a0La s\u00e9curit\u00e9, c\u2019est nous\u00a0!\u00a0\u00bb\n              <\/p>\n<p>La campagne a commenc\u00e9 depuis la d\u00e9signation \u00e0 l\u2019unanimit\u00e9 de la t\u00eate de liste Magali Brunel (PS) lors d\u2019une assembl\u00e9e populaire au printemps dernier, comme c\u2019\u00e9tait pr\u00e9vu, rappelle Didier Quattropani. Histoire de couper court aux vell\u00e9it\u00e9s de LFI qui \u00e9tait parfaitement au courant du timing mais qui avait quitt\u00e9 le navire \u00e0 ce moment-l\u00e0.<\/p>\n<p>Les \u00e9quipes travaillent dans diff\u00e9rents ateliers pour faire avancer les sujets soumis ensuite \u00e0 l\u2019Assembl\u00e9e populaire pour construire le programme. Le dernier concernait la s\u00e9curit\u00e9. \u00ab\u00a0La s\u00e9curit\u00e9 c\u2019est pas la droite, c\u2019est nous\u00a0!\u00a0\u00bb, intervient Andr\u00e9 De Ubeda. Un sujet qui n\u2019est pas abord\u00e9 par le seul volet r\u00e9pressif mais qui passe aussi par la pr\u00e9vention et l\u2019anticipation des probl\u00e8mes qui peuvent arriver, pr\u00e9cise Didier Quattropani.<\/p>\n<p>\u00ab\u00a0Nous sommes est en train de monter un comit\u00e9 de soutien qui va \u00eatre costaud. avec des personnalit\u00e9s, des entrepreneurs&#8230;\u00a0\u00bb, conclut Andr\u00e9 De Ubeda. \u00ab\u00a0La machine TEC avance\u00a0\u00bb, confirme G\u00e9rard Permingeat.<\/p>\n","protected":false},"excerpt":{"rendered":"\u00ab Les consignes de M.\u00a0Retailleau lors des \u00e9lections partielles dans le Tarn-et-Garonne de ne pas donner une voix&hellip;\n","protected":false},"author":2,"featured_media":466733,"comment_status":"","ping_status":"","sticky":false,"template":"","format":"standard","meta":{"footnotes":""},"categories":[9619],"tags":[1111,11,1777,674,1011,27,3434,12,882,25,2310],"class_list":{"0":"post-466732","1":"post","2":"type-post","3":"status-publish","4":"format-standard","5":"has-post-thumbnail","7":"category-toulon","8":"tag-actu","9":"tag-actualites","10":"tag-eu","11":"tag-europe","12":"tag-fr","13":"tag-france","14":"tag-municipales-2026","15":"tag-news","16":"tag-provence-alpes-cote-dazur","17":"tag-republique-francaise","18":"tag-toulon"},"share_on_mastodon":{"url":"https:\/\/pubeurope.com\/@fr\/115382401291426755","error":""},"_links":{"self":[{"href":"https:\/\/www.europesays.com\/fr\/wp-json\/wp\/v2\/posts\/466732","targetHints":{"allow":["GET"]}}],"collection":[{"href":"https:\/\/www.europesays.com\/fr\/wp-json\/wp\/v2\/posts"}],"about":[{"href":"https:\/\/www.europesays.com\/fr\/wp-json\/wp\/v2\/types\/post"}],"author":[{"embeddable":true,"href":"https:\/\/www.europesays.com\/fr\/wp-json\/wp\/v2\/users\/2"}],"replies":[{"embeddable":true,"href":"https:\/\/www.europesays.com\/fr\/wp-json\/wp\/v2\/comments?post=466732"}],"version-history":[{"count":0,"href":"https:\/\/www.europesays.com\/fr\/wp-json\/wp\/v2\/posts\/466732\/revisions"}],"wp:featuredmedia":[{"embeddable":true,"href":"https:\/\/www.europesays.com\/fr\/wp-json\/wp\/v2\/media\/466733"}],"wp:attachment":[{"href":"https:\/\/www.europesays.com\/fr\/wp-json\/wp\/v2\/media?parent=466732"}],"wp:term":[{"taxonomy":"category","embeddable":true,"href":"https:\/\/www.europesays.com\/fr\/wp-json\/wp\/v2\/categories?post=466732"},{"taxonomy":"post_tag","embeddable":true,"href":"https:\/\/www.europesays.com\/fr\/wp-json\/wp\/v2\/tags?post=466732"}],"curies":[{"name":"wp","href":"https:\/\/api.w.org\/{rel}","templated":true}]}}