{"id":466738,"date":"2025-10-16T06:23:09","date_gmt":"2025-10-16T06:23:09","guid":{"rendered":"https:\/\/www.europesays.com\/fr\/466738\/"},"modified":"2025-10-16T06:23:09","modified_gmt":"2025-10-16T06:23:09","slug":"a-rouen-une-mere-alerte-sur-linsalubrite-de-son-appartement","status":"publish","type":"post","link":"https:\/\/www.europesays.com\/fr\/466738\/","title":{"rendered":"\u00e0 Rouen, une m\u00e8re alerte sur l&rsquo;insalubrit\u00e9 de son appartement"},"content":{"rendered":"<p>            Par<br \/>\n        <strong><br \/>\n            <a href=\"https:\/\/actu.fr\/auteur\/adrien-filoche\" title=\"Consulter tous les articles de Adrien Filoche\" target=\"_blank\" rel=\"noopener\">Adrien Filoche<\/a><br \/>\n        <\/strong><\/p>\n<p>        Publi\u00e9 le<\/p>\n<p>            16 oct. 2025 \u00e0 8h10        <\/p>\n<p><strong>Ralissa est \u00e0 court de solution.<\/strong> Cette m\u00e8re de famille est install\u00e9e depuis septembre\u00a02022 avec ses deux filles, \u00e2g\u00e9es de 4 et 5\u00a0ans, dans un logement social g\u00e9r\u00e9 par Rouen Habitat. Situ\u00e9 au 32 rue Brisout-de-Barneville, sur la rive gauche de <a href=\"https:\/\/actu.fr\/normandie\/rouen_76540\" target=\"_blank\" rel=\"noopener\">Rouen (Seine-Maritime)<\/a>, son appartement est en proie \u00e0 d\u2019importants probl\u00e8mes d\u2019humidit\u00e9. \u00c0 tel point qu\u2019elle \u00e9tablit un lien direct entre <strong>une pathologie d\u2019asthme s\u00e9v\u00e8re<\/strong> d\u00e9velopp\u00e9e par l\u2019une de ses enfants.<\/p>\n<p>Sa jeune fille souffre d\u2019un asthme s\u00e9v\u00e8re<\/p>\n<p class=\" wall-content\">Depuis plus d\u2019un an et demi, sa plus jeune fille de 4\u00a0ans a commenc\u00e9 \u00e0 d\u00e9velopper un asthme s\u00e9v\u00e8re. Selon Ralissa, il n\u2019y a pas de doute\u2009: <strong>l\u2019humidit\u00e9 de son appartement est la premi\u00e8re responsable.<\/strong> \u00ab\u2009C\u2019est une maladie qu\u2019elle a d\u00e9velopp\u00e9e au fur et \u00e0 mesure. Elle n\u2019\u00e9tait pas malade avant\u2009\u00bb, explique-t-elle.<\/p>\n<p class=\" wall-content\">En raison de cette pathologie, <strong>la situation de la famille s\u2019est gravement compliqu\u00e9e.<\/strong> \u00ab\u2009Lorsqu\u2019elle fait des crises importantes, on doit aller \u00e0 l\u2019h\u00f4pital. Elle est r\u00e9guli\u00e8rement suivie\u2009\u00bb, d\u00e9plore Ralissa.<\/p>\n<p class=\" wall-content\">La m\u00e9decin qui suit la jeune fille a ainsi not\u00e9 que son \u00e9tat de sant\u00e9 n\u00e9cessite \u00ab\u2009des conditions de logement saines\u2009\u00bb, pr\u00e9cisant bien que \u00ab\u2009l\u2019humidit\u00e9 et les moisissures peuvent aggraver la pathologie\u2009\u00bb.<\/p>\n<p class=\" wall-content\">Et ce n\u2019est pas la seule probl\u00e9matique\u2009: \u00ab\u2009Je suis entrepreneuse dans l\u2019\u00e9v\u00e8nementiel et je dois r\u00e9cup\u00e9rer ma fille tous les midis \u00e0 l\u2019\u00e9cole pour lui administrer ses traitements. \u00c7a me met en difficult\u00e9 financi\u00e8rement vis-\u00e0-vis de mon travail\u2009\u00bb.<\/p>\n<p class=\" wall-content\">Selon elle, le probl\u00e8me d\u2019humidit\u00e9 est tel que sa deuxi\u00e8me fille commence elle aussi \u00e0 d\u00e9velopper des sympt\u00f4mes d\u2019asthme. \u00ab\u2009Honn\u00eatement, je ne sais plus quoi faire\u2009\u00bb, confie la maman, d\u00e9sabus\u00e9e.<\/p>\n<p>\u00ab\u2009C\u2019est tr\u00e8s grave\u2009\u00bb<\/p>\n<p class=\" wall-content\"><strong>Mais la moisissure n\u2019est pas l\u2019unique probl\u00e8me.<\/strong> Depuis son emm\u00e9nagement, une infiltration due \u00e0 la condensation de canalisation fait que de l\u2019eau suinte depuis des tuyaux.<\/p>\n<p>Votre r\u00e9gion, votre actu !<\/p>\n<p>Recevez chaque jour les infos qui comptent pour vous.<\/p>\n<p>\t<a href=\"https:\/\/actu.fr\/newsletter\" class=\"ac-btn ac-btn--corner ac-btn--medium ac-btn--blue800\" target=\"_blank\" rel=\"noopener\">S&rsquo;incrire<\/a><\/p>\n<p class=\" wall-content\">Sauf que ces tuyaux se trouvent <strong>directement au-dessus de son compteur \u00e9lectrique.<\/strong> \u00ab\u2009Franchement, je me sens en danger. C\u2019est tr\u00e8s grave, il y a un r\u00e9el risque. Ce n\u2019est pas du tout normal\u2009\u00bb, peste la locataire, qui craint un risque de d\u00e9part de feu \u00e0 tout moment.<\/p>\n<p class=\" wall-content\">Pour r\u00e9duire les risques, Ralissa a install\u00e9 une petite b\u00e2che de fortune en plastique afin de prot\u00e9ger son compteur, \u00ab\u2009mais c\u2019est loin d\u2019\u00eatre une solution miracle\u2009\u00bb.<\/p>\n<p class=\" wall-content\">Autre probl\u00e8me\u2009:<strong> son balcon n\u2019est plus accessible en raison d\u2019un souci de normes.<\/strong> Au vu de sa situation, Ralissa souhaite b\u00e9n\u00e9ficier d\u2019un changement de logement afin de \u00ab\u2009vivre dans des conditions d\u00e9centes, car aujourd\u2019hui, aucuns travaux n\u2019ont \u00e9t\u00e9 entrepris\u2009\u00bb.<\/p>\n<blockquote class=\"ac-article-quote wall-content\">\n<p>C\u2019est le deuxi\u00e8me logement insalubre que me donne Rouen Habitat. J\u2019ai d\u00e9j\u00e0 d\u00e9m\u00e9nag\u00e9 \u00e0 cause de l\u2019insalubrit\u00e9.\u00a0Je demande seulement un cadre de vie conforme et s\u00e9curis\u00e9 pour ma famille.<\/p>\n<p>    <strong>Ralissa<\/strong>\n            <\/p><\/blockquote>\n<p class=\" wall-content\">Contact\u00e9, Rouen Habitat revient sur cette situation, \u00ab\u2009bien connue de nos services\u2009\u00bb, comme le pr\u00e9sente le bailleur. Concernant la pr\u00e9sence d\u2019humidit\u00e9, Rouen Habitat pr\u00e9cise qu\u2019un diagnostic technique a \u00e9t\u00e9 r\u00e9alis\u00e9 r\u00e9cemment et indique que l\u2019humidit\u00e9 est caus\u00e9e par la condensation d\u2019une canalisation.<\/p>\n<p>Le probl\u00e8me d\u2019humidit\u00e9 est identifi\u00e9<\/p>\n<p class=\" wall-content\">Sur ce sujet, Rouen Habitat pr\u00e9cise que le probl\u00e8me de condensation est accentu\u00e9 par les variations de temp\u00e9ratures saisonni\u00e8res et l\u2019absence de chauffage, qui n\u2019a pas encore \u00e9t\u00e9 remis au sein de la r\u00e9sidence, pr\u00e9cisant que cette d\u00e9cision revient \u00e0 la copropri\u00e9t\u00e9.<\/p>\n<p class=\" wall-content\">Enfin, le bailleur souligne que l\u2019absence d\u2019entretien des bouches d\u2019a\u00e9ration peut \u00e9galement accentuer le ph\u00e9nom\u00e8ne.<\/p>\n<p class=\" wall-content\">Pour r\u00e9gler le probl\u00e8me de condensation, une intervention est pr\u00e9vue et consiste \u00e0 appliquer une <strong>protection thermique sur la canalisation.<\/strong> Par ailleurs, Rouen Habitat fait part de difficult\u00e9s \u00e0 joindre la locataire afin de r\u00e9aliser lesdits travaux, soulignant \u00ab\u2009\u00eatre pr\u00eat \u00e0 intervenir\u2009\u00bb.<\/p>\n<p class=\" wall-content\">Enfin, sa demande de relogement est \u00e9galement prise en compte, nous fait savoir le bailleur. Mais cette d\u00e9cision d\u00e9pend d\u2019une commission d\u2019attribution des logements. \u00ab\u2009Il faudra attendre la prochaine commission et d\u00e9finir si la locataire est \u00e9ligible \u00e0 un autre logement du parc social\u2009\u00bb, conclut ainsi Rouen Habitat.<\/p>\n<p>Suivez l\u2019actualit\u00e9 de Rouen sur <a href=\"https:\/\/www.whatsapp.com\/channel\/0029VaKfnf99hXF2ddApFB1D\" target=\"_blank\" rel=\"noopener\">notre cha\u00eene WhatsApp<\/a> et sur <a href=\"https:\/\/www.tiktok.com\/@76actu.fr?lang=fr\" target=\"_blank\" rel=\"noopener\">notre compte TikTok<\/a><\/p>\n<p class=\" wall-content\">Personnalisez votre actualit\u00e9 en ajoutant vos villes et m\u00e9dias en favori avec <a href=\"https:\/\/moncompte.actu.fr\" title=\"D\u00e9couvez Mon Actu\" rel=\"nofollow noopener\" data-trk=\"{&quot;cta&quot;:{&quot;action&quot;:&quot;https:\\\/\\\/moncompte.actu.fr&quot;,&quot;category&quot;:&quot;mon compte&quot;,&quot;from&quot;:&quot;article footer&quot;,&quot;name&quot;:&quot;Mon actu&quot;,&quot;type&quot;:&quot;cta&quot;}}\" target=\"_blank\">Mon Actu<\/a>.<\/p>\n<p>                    <script async src=\"\/\/www.tiktok.com\/embed.js\"><\/script><\/p>\n","protected":false},"excerpt":{"rendered":"Par Adrien Filoche Publi\u00e9 le 16 oct. 2025 \u00e0 8h10 Ralissa est \u00e0 court de solution. Cette m\u00e8re&hellip;\n","protected":false},"author":2,"featured_media":466739,"comment_status":"","ping_status":"","sticky":false,"template":"","format":"standard","meta":{"footnotes":""},"categories":[9587],"tags":[1111,11,1777,674,1011,27,1908,6459,12,5161,25,9590,104],"class_list":{"0":"post-466738","1":"post","2":"type-post","3":"status-publish","4":"format-standard","5":"has-post-thumbnail","7":"category-rouen","8":"tag-actu","9":"tag-actualites","10":"tag-eu","11":"tag-europe","12":"tag-fr","13":"tag-france","14":"tag-logement","15":"tag-logements-sociaux","16":"tag-news","17":"tag-normandie","18":"tag-republique-francaise","19":"tag-rouen","20":"tag-societe"},"share_on_mastodon":{"url":"https:\/\/pubeurope.com\/@fr\/115382413192911088","error":""},"_links":{"self":[{"href":"https:\/\/www.europesays.com\/fr\/wp-json\/wp\/v2\/posts\/466738","targetHints":{"allow":["GET"]}}],"collection":[{"href":"https:\/\/www.europesays.com\/fr\/wp-json\/wp\/v2\/posts"}],"about":[{"href":"https:\/\/www.europesays.com\/fr\/wp-json\/wp\/v2\/types\/post"}],"author":[{"embeddable":true,"href":"https:\/\/www.europesays.com\/fr\/wp-json\/wp\/v2\/users\/2"}],"replies":[{"embeddable":true,"href":"https:\/\/www.europesays.com\/fr\/wp-json\/wp\/v2\/comments?post=466738"}],"version-history":[{"count":0,"href":"https:\/\/www.europesays.com\/fr\/wp-json\/wp\/v2\/posts\/466738\/revisions"}],"wp:featuredmedia":[{"embeddable":true,"href":"https:\/\/www.europesays.com\/fr\/wp-json\/wp\/v2\/media\/466739"}],"wp:attachment":[{"href":"https:\/\/www.europesays.com\/fr\/wp-json\/wp\/v2\/media?parent=466738"}],"wp:term":[{"taxonomy":"category","embeddable":true,"href":"https:\/\/www.europesays.com\/fr\/wp-json\/wp\/v2\/categories?post=466738"},{"taxonomy":"post_tag","embeddable":true,"href":"https:\/\/www.europesays.com\/fr\/wp-json\/wp\/v2\/tags?post=466738"}],"curies":[{"name":"wp","href":"https:\/\/api.w.org\/{rel}","templated":true}]}}