{"id":466742,"date":"2025-10-16T06:25:11","date_gmt":"2025-10-16T06:25:11","guid":{"rendered":"https:\/\/www.europesays.com\/fr\/466742\/"},"modified":"2025-10-16T06:25:11","modified_gmt":"2025-10-16T06:25:11","slug":"grenoble-ce-restaurant-fait-partie-des-meilleurs-du-monde-en-2025-selon-les-avis-tripadvisor","status":"publish","type":"post","link":"https:\/\/www.europesays.com\/fr\/466742\/","title":{"rendered":"Grenoble. Ce restaurant fait partie des meilleurs du monde en 2025, selon les avis TripAdvisor"},"content":{"rendered":"<p>            Par<br \/>\n        <strong><br \/>\n            <a href=\"https:\/\/actu.fr\/auteur\/lisa-rodrigues\" title=\"Consulter tous les articles de Lisa Rodrigues\" rel=\"nofollow noopener\" target=\"_blank\">Lisa Rodrigues<\/a><br \/>\n        <\/strong><\/p>\n<p>        Publi\u00e9 le<\/p>\n<p>            16 oct. 2025 \u00e0 8h02        <\/p>\n<p>Hani et Dani Haddad ont le sourire aux l\u00e8vres. Le p\u00e8re et le fils travaillent ensemble dans leur restaurant, <strong>Comptoir Libanais<\/strong>, tenu \u00ab\u00a0en famille\u00a0\u00bb \u00e0 <a href=\"https:\/\/actu.fr\/auvergne-rhone-alpes\/meylan_38229\" rel=\"nofollow noopener\" target=\"_blank\">Meylan<\/a>, pr\u00e8s de Grenoble. Leur \u00e9tablissement vient de recevoir une distinction du site TripAdvisor : il figure parmi <strong>les 10% des meilleurs restaurants du monde en 2025<\/strong>, selon les avis d\u00e9pos\u00e9s sur la plateforme.<br \/>Une premi\u00e8re pour la famille Haddad, restaurateurs sur la M\u00e9tropole depuis presque 30 ans. \u00ab\u00a0On est tr\u00e8s fiers. C\u2019est le fruit de notre travail, se f\u00e9licite Dani Haddad. On ne s\u2019y attendait pas.\u00a0\u00bb<\/p>\n<p>Une histoire de famille<\/p>\n<p class=\" wall-content\">La restauration chez les Haddad, \u00e7a commence en 1996 quand le p\u00e8re, Hani, ouvre son premier restaurant libanais dans le centre de <a href=\"https:\/\/actu.fr\/auvergne-rhone-alpes\/grenoble_38185\" rel=\"nofollow noopener\" target=\"_blank\">Grenoble<\/a>. En 2010, il ouvre un autre \u00e9tablissement, aussi appel\u00e9 Comptoir Libanais, \u00e0 <a href=\"https:\/\/actu.fr\/auvergne-rhone-alpes\/echirolles_38151\" rel=\"nofollow noopener\" target=\"_blank\">\u00c9chirolles<\/a>. Il fermera en 2023.<\/p>\n<p class=\" wall-content\">Concernant celui de Meylan, o\u00f9 Hani a \u00e9t\u00e9 rejoint par son fils Dani, \u00ab\u00a0on a ouvert il y a 5 ans\u00a0\u00bb, relate ce dernier.\u00a0<\/p>\n<p>    <a href=\"https:\/\/www.google.com\/maps\/embed?pb=!1m18!1m12!1m3!1d2810.844615056493!2d5.784474275923874!3d45.210479750332134!2m3!1f0!2f0!3f0!3m2!1i1024!2i768!4f13.1!3m3!1m2!1s0x478af573123813c1%3A0xab0731fae2b260b3!2sComptoir%20Libanais%20Meylan!5e0!3m2!1sfr!2sfr!4v1760537040758!5m2!1sfr!2sfr\" title=\"Ouvrie le lien\" rel=\"nofollow noopener\" target=\"_blank\">Cliquez ici pour visualiser le contenu<\/a><\/p>\n<p class=\" wall-content\">Avec 110 places assises en salle et jusqu\u2019\u00e0 170 en terrasse, le restaurant meylanais fonctionne avec une \u00ab\u00a0<strong>\u00e9quipe de 10 collaborateurs<\/strong>\u00ab\u00a0. Les deux g\u00e9rants ne sont jamais bien loin. \u00ab\u00a0On essaye d\u2019\u00eatre pr\u00e9sents \u00e0 chaque service. C\u2019est appr\u00e9ci\u00e9 des clients.\u00a0\u00bb\u00a0<\/p>\n<p>\u00ab\u00a0On va continuer \u00e0 travailler de la m\u00eame fa\u00e7on\u00a0\u00bb<\/p>\n<p class=\" wall-content\">Concernant leur r\u00e9compense <a href=\"https:\/\/actu.fr\/bretagne\/fougeres_35115\/tripadvisor-google-review-ces-avis-qui-agacent-les-restaurateurs_43608883.html\" rel=\"nofollow noopener\" target=\"_blank\">\u00ab\u00a0Travellers\u2019 Choice\u00a0\u00bb de TripAdvisor<\/a>, Dani Haddad reste humble. \u00ab\u00a0On n\u2019est pas dans les meilleurs du monde, il y a une nuance ! On fait partie de ceux avec les meilleurs avis en 2025.\u00a0\u00bb Il est encore difficile de savoir si l\u2019affluence va augmenter suite \u00e0 ce classement, mais le restaurant a, en tout cas, <strong>gagn\u00e9 en visibilit\u00e9<\/strong>.<\/p>\n<p class=\" wall-content\"><a href=\"https:\/\/www.instagram.com\/p\/DMNuOLiMJ5_\/embed\" title=\"Ouvrir le lien sur Instagram\" rel=\"nofollow noopener\" target=\"_blank\">Visualiser le contenu sur Instagram<\/a><\/p>\n<p class=\" wall-content\">Une bonne nouvelle pour les projets des Haddad, alors que p\u00e8re et fils d\u00e9veloppent leur activit\u00e9 de traiteur en parall\u00e8le du restaurant.<\/p>\n<p>Votre r\u00e9gion, votre actu !<\/p>\n<p>Recevez chaque jour les infos qui comptent pour vous.<\/p>\n<p>\t<a href=\"https:\/\/actu.fr\/newsletter\" class=\"ac-btn ac-btn--corner ac-btn--medium ac-btn--blue800\" rel=\"nofollow noopener\" target=\"_blank\">S&rsquo;incrire<\/a><\/p>\n<p class=\" wall-content\">La distinction a tout de m\u00eame \u00e9t\u00e9 c\u00e9l\u00e9br\u00e9e par l\u2019\u00e9quipe, surtout quand on sait que \u00ab\u00a0la restauration n\u2019est <a href=\"https:\/\/actu.fr\/auvergne-rhone-alpes\/grenoble_38185\/grenoble-ils-vont-reprendre-le-restaurant-du-musee-on-bosse-comme-des-dingues_62836465.html\" rel=\"nofollow noopener\" target=\"_blank\">pas le secteur d\u2019activit\u00e9 le plus simple<\/a>\u00ab\u00a0. Mais Dani Haddad l\u2019assure, \u00ab\u00a0on va continuer \u00e0 travailler de la m\u00eame fa\u00e7on. C\u2019est pour \u00e7a que les clients nous appr\u00e9cient et qu\u2019on a eu cette r\u00e9compense\u00a0\u00bb.<\/p>\n<p class=\" wall-content\">Personnalisez votre actualit\u00e9 en ajoutant vos villes et m\u00e9dias en favori avec <a href=\"https:\/\/moncompte.actu.fr\" title=\"D\u00e9couvez Mon Actu\" rel=\"nofollow noopener\" data-trk=\"{&quot;cta&quot;:{&quot;action&quot;:&quot;https:\\\/\\\/moncompte.actu.fr&quot;,&quot;category&quot;:&quot;mon compte&quot;,&quot;from&quot;:&quot;article footer&quot;,&quot;name&quot;:&quot;Mon actu&quot;,&quot;type&quot;:&quot;cta&quot;}}\" target=\"_blank\">Mon Actu<\/a>.<\/p>\n<p>                    <script async src=\"\/\/www.instagram.com\/embed.js\"><\/script><\/p>\n","protected":false},"excerpt":{"rendered":"Par Lisa Rodrigues Publi\u00e9 le 16 oct. 2025 \u00e0 8h02 Hani et Dani Haddad ont le sourire aux&hellip;\n","protected":false},"author":2,"featured_media":466743,"comment_status":"","ping_status":"","sticky":false,"template":"","format":"standard","meta":{"footnotes":""},"categories":[9566],"tags":[1111,11,2430,1777,674,1011,27,2731,1305,12,25,1340],"class_list":{"0":"post-466742","1":"post","2":"type-post","3":"status-publish","4":"format-standard","5":"has-post-thumbnail","7":"category-grenoble","8":"tag-actu","9":"tag-actualites","10":"tag-auvergne-rhone-alpes","11":"tag-eu","12":"tag-europe","13":"tag-fr","14":"tag-france","15":"tag-grenoble","16":"tag-lifestyle","17":"tag-news","18":"tag-republique-francaise","19":"tag-restaurant"},"share_on_mastodon":{"url":"https:\/\/pubeurope.com\/@fr\/115382421200486093","error":""},"_links":{"self":[{"href":"https:\/\/www.europesays.com\/fr\/wp-json\/wp\/v2\/posts\/466742","targetHints":{"allow":["GET"]}}],"collection":[{"href":"https:\/\/www.europesays.com\/fr\/wp-json\/wp\/v2\/posts"}],"about":[{"href":"https:\/\/www.europesays.com\/fr\/wp-json\/wp\/v2\/types\/post"}],"author":[{"embeddable":true,"href":"https:\/\/www.europesays.com\/fr\/wp-json\/wp\/v2\/users\/2"}],"replies":[{"embeddable":true,"href":"https:\/\/www.europesays.com\/fr\/wp-json\/wp\/v2\/comments?post=466742"}],"version-history":[{"count":0,"href":"https:\/\/www.europesays.com\/fr\/wp-json\/wp\/v2\/posts\/466742\/revisions"}],"wp:featuredmedia":[{"embeddable":true,"href":"https:\/\/www.europesays.com\/fr\/wp-json\/wp\/v2\/media\/466743"}],"wp:attachment":[{"href":"https:\/\/www.europesays.com\/fr\/wp-json\/wp\/v2\/media?parent=466742"}],"wp:term":[{"taxonomy":"category","embeddable":true,"href":"https:\/\/www.europesays.com\/fr\/wp-json\/wp\/v2\/categories?post=466742"},{"taxonomy":"post_tag","embeddable":true,"href":"https:\/\/www.europesays.com\/fr\/wp-json\/wp\/v2\/tags?post=466742"}],"curies":[{"name":"wp","href":"https:\/\/api.w.org\/{rel}","templated":true}]}}