{"id":466746,"date":"2025-10-16T06:27:22","date_gmt":"2025-10-16T06:27:22","guid":{"rendered":"https:\/\/www.europesays.com\/fr\/466746\/"},"modified":"2025-10-16T06:27:22","modified_gmt":"2025-10-16T06:27:22","slug":"a-rennes-plusieurs-feux-malveillants-dans-le-local-technique-dimmeubles","status":"publish","type":"post","link":"https:\/\/www.europesays.com\/fr\/466746\/","title":{"rendered":"\u00c0 Rennes, plusieurs feux malveillants dans le local technique d\u2019immeubles"},"content":{"rendered":"<p>Un incendiaire malveillant a fait tourner les pompiers en bourrique, ce mercredi 15\u00a0octobre 2025, \u00e0 Rennes. Aux alentours de 9\u00a0h, trois d\u00e9parts de feu ont \u00e9t\u00e9 signal\u00e9s dans le local technique d\u2019immeubles, rue de Belfort et rue de Ch\u00e2teaudun.<\/p>\n<p><strong>Lire aussi\u00a0:<\/strong> <a href=\"https:\/\/rennes.maville.com\/actu\/actudet_-a-rennes-un-depart-de-feu-devant-la-reserve-du-bouquiniste-les-habitants-evacues-_52674-7012569_actu.Htm\" target=\"_blank\" rel=\"noopener\">\u00c0 Rennes, un d\u00e9part de feu devant la r\u00e9serve du bouquiniste\u00a0: les habitants \u00e9vacu\u00e9s<\/a><\/p>\n<p>Plusieurs locataires ont \u00e9vacu\u00e9 les lieux, \u00e0 cause d\u2019importantes fum\u00e9es remontant par la cage d\u2019escalier.\u00a0Selon des t\u00e9moins, le feu aurait \u00e9t\u00e9 aliment\u00e9 avec du papier.<\/p>\n<p>Des constatations ont eu lieu sur place. La police interroge les riverains pour identifier l\u2019auteur de ces actes malveillants. Une enqu\u00eate est en cours.<\/p>\n<p>\u00a0<\/p>\n","protected":false},"excerpt":{"rendered":"Un incendiaire malveillant a fait tourner les pompiers en bourrique, ce mercredi 15\u00a0octobre 2025, \u00e0 Rennes. Aux alentours&hellip;\n","protected":false},"author":2,"featured_media":466747,"comment_status":"","ping_status":"","sticky":false,"template":"","format":"standard","meta":{"footnotes":""},"categories":[2821],"tags":[1111,11,829,1777,674,18844,1011,27,16051,4555,59065,12,584,25,6233],"class_list":{"0":"post-466746","1":"post","2":"type-post","3":"status-publish","4":"format-standard","5":"has-post-thumbnail","7":"category-rennes","8":"tag-actu","9":"tag-actualites","10":"tag-bretagne","11":"tag-eu","12":"tag-europe","13":"tag-feux","14":"tag-fr","15":"tag-france","16":"tag-immeubles","17":"tag-local","18":"tag-malveillants","19":"tag-news","20":"tag-rennes","21":"tag-republique-francaise","22":"tag-technique"},"share_on_mastodon":{"url":"https:\/\/pubeurope.com\/@fr\/115382428882872750","error":""},"_links":{"self":[{"href":"https:\/\/www.europesays.com\/fr\/wp-json\/wp\/v2\/posts\/466746","targetHints":{"allow":["GET"]}}],"collection":[{"href":"https:\/\/www.europesays.com\/fr\/wp-json\/wp\/v2\/posts"}],"about":[{"href":"https:\/\/www.europesays.com\/fr\/wp-json\/wp\/v2\/types\/post"}],"author":[{"embeddable":true,"href":"https:\/\/www.europesays.com\/fr\/wp-json\/wp\/v2\/users\/2"}],"replies":[{"embeddable":true,"href":"https:\/\/www.europesays.com\/fr\/wp-json\/wp\/v2\/comments?post=466746"}],"version-history":[{"count":0,"href":"https:\/\/www.europesays.com\/fr\/wp-json\/wp\/v2\/posts\/466746\/revisions"}],"wp:featuredmedia":[{"embeddable":true,"href":"https:\/\/www.europesays.com\/fr\/wp-json\/wp\/v2\/media\/466747"}],"wp:attachment":[{"href":"https:\/\/www.europesays.com\/fr\/wp-json\/wp\/v2\/media?parent=466746"}],"wp:term":[{"taxonomy":"category","embeddable":true,"href":"https:\/\/www.europesays.com\/fr\/wp-json\/wp\/v2\/categories?post=466746"},{"taxonomy":"post_tag","embeddable":true,"href":"https:\/\/www.europesays.com\/fr\/wp-json\/wp\/v2\/tags?post=466746"}],"curies":[{"name":"wp","href":"https:\/\/api.w.org\/{rel}","templated":true}]}}