{"id":466750,"date":"2025-10-16T06:29:12","date_gmt":"2025-10-16T06:29:12","guid":{"rendered":"https:\/\/www.europesays.com\/fr\/466750\/"},"modified":"2025-10-16T06:29:12","modified_gmt":"2025-10-16T06:29:12","slug":"oberhausbergen-le-concert-lesprit-tango-au-preo-ce-dimanche","status":"publish","type":"post","link":"https:\/\/www.europesays.com\/fr\/466750\/","title":{"rendered":"Oberhausbergen. Le concert \u201cL\u2019Esprit Tango\u201d au Pr\u00e9O ce dimanche"},"content":{"rendered":"<p>L\u2019apr\u00e8s-midi du dimanche 19\u00a0octobre sera plac\u00e9 sous le signe du tango et des rencontres musicales <a href=\"https:\/\/www.dna.fr\/culture-loisirs\/2025\/08\/16\/des-artistes-de-notoriete-nationale-pour-stimuler-la-frequentation-du-preo-scene\" target=\"_blank\" rel=\"noopener\">au Pr\u00e9O Sc\u00e8ne d\u2019Oberhausbergen<\/a>.<\/p>\n<p>Sous la direction de Dominique Modry, le Bergen Band partagera la sc\u00e8ne avec le trio Elrima \u2013 Emma Abraham Bervas \u00e0 la contrebasse, Marion Clot \u00e0 l\u2019accord\u00e9on et Elsa Halm \u00e0 la clarinette \u2013 ainsi qu\u2019avec les jeunes musiciens du Mini Bergen, les jeunes musiciens de l\u2019\u00e9cole Bol\u00e9rO, dirig\u00e9s par Elsa Halm.<\/p>\n<p>Le programme d\u00e9marrera avec Majestic Entrance de Bert Appermont, avant de rendre hommage \u00e0 Dmitri Chostakovitch, disparu il y a cinquante ans, avec sa Suite de Jazz n\u00b0 \u00a02. D\u2019abord interpr\u00e9t\u00e9 par les jeunes du Mini Bergen, ce tourbillon musical aux rythmes entra\u00eenants et aux m\u00e9lodies enjou\u00e9es sera ensuite repris par l\u2019orchestre.<\/p>\n<p>Ce contenu est bloqu\u00e9 car vous n&rsquo;avez pas accept\u00e9 les cookies et autres traceurs.<\/p>\n<p>En cliquant sur \u00ab J\u2019accepte \u00bb, les cookies et autres traceurs seront d\u00e9pos\u00e9s et vous pourrez visualiser les contenus  (<a href=\"\" class=\"consentModule_policy\" target=\"_blank\" title=\"Consulter la politique de protection des donn\u00e9es du fournisseur\">plus d&rsquo;informations<\/a>).<\/p>\n<p>En cliquant sur \u00ab J\u2019accepte tous les cookies \u00bb, vous autorisez des d\u00e9p\u00f4ts de cookies et autres traceurs pour le stockage de vos donn\u00e9es sur nos sites et applications \u00e0 des fins de personnalisation et de ciblage publicitaire.<\/p>\n<p class=\"consentModule_secondaryText\">Vous gardez la possibilit\u00e9 de retirer votre consentement \u00e0 tout moment en consultant notre <a href=\"https:\/\/www.dna.fr\/protection-des-donnees\" target=\"_blank\" title=\"Consulter notre politique de protection des donn\u00e9es\" rel=\"noopener\">politique de protection des donn\u00e9es<\/a>. <br \/>&#13;<br \/>\n            <a href=\"https:\/\/www.dna.fr\/culture-loisirs\/2025\/10\/16\/javascript:Didomi.notice.show()\" class=\"consentModule_cmp\" target=\"_blank\" rel=\"noopener\">G\u00e9rer mes choix<\/a>&#13;\n        <\/p>\n<p>&#13;<br \/>\n                        J&rsquo;accepte&#13;<br \/>\n            J&rsquo;accepte tous les cookies&#13;\n        <\/p>\n<p>Le trio Elrima viendra partager la sc\u00e8ne pour les Rikudim, quatre danses isra\u00e9liennes qui r\u00e9sonnent comme un \u00e9cho aux 80 ans de la lib\u00e9ration des camps. Le concert se cl\u00f4turera sur une \u00e9vocation nostalgique et joyeuse de Paris Montmartre, m\u00ealant Sous le ciel de Paris , La vie en rose et Les feuilles mortes.<\/p>\n<p class=\"note\">Concert \u201cL\u2019Esprit Tango\u201d, dimanche 19\u00a0octobre, \u00e0 15\u00a0h, au Pr\u00e9O Sc\u00e8ne, 5, rue du G\u00e9n\u00e9ral-de-Gaulle, \u00e0 Oberhausbergen. Tarif unique\u00a0: 10\u00a0euros. Billetterie sur HelloAsso. Renseignements par mail \u00e0 team.bolero67@orange.fr<\/p>\n","protected":false},"excerpt":{"rendered":"L\u2019apr\u00e8s-midi du dimanche 19\u00a0octobre sera plac\u00e9 sous le signe du tango et des rencontres musicales au Pr\u00e9O Sc\u00e8ne&hellip;\n","protected":false},"author":2,"featured_media":466751,"comment_status":"","ping_status":"","sticky":false,"template":"","format":"standard","meta":{"footnotes":""},"categories":[2820],"tags":[1111,11,1687,2880,1777,674,107,1011,27,775,12,17351,25,3140,640,3265],"class_list":{"0":"post-466750","1":"post","2":"type-post","3":"status-publish","4":"format-standard","5":"has-post-thumbnail","7":"category-strasbourg","8":"tag-actu","9":"tag-actualites","10":"tag-culture-loisirs","11":"tag-edition-strasbourg","12":"tag-eu","13":"tag-europe","14":"tag-fil-info","15":"tag-fr","16":"tag-france","17":"tag-grand-est","18":"tag-news","19":"tag-oberhausbergen","20":"tag-republique-francaise","21":"tag-spectacle","22":"tag-strasbourg","23":"tag-strasbourg-nord"},"share_on_mastodon":{"url":"https:\/\/pubeurope.com\/@fr\/115382436769744522","error":""},"_links":{"self":[{"href":"https:\/\/www.europesays.com\/fr\/wp-json\/wp\/v2\/posts\/466750","targetHints":{"allow":["GET"]}}],"collection":[{"href":"https:\/\/www.europesays.com\/fr\/wp-json\/wp\/v2\/posts"}],"about":[{"href":"https:\/\/www.europesays.com\/fr\/wp-json\/wp\/v2\/types\/post"}],"author":[{"embeddable":true,"href":"https:\/\/www.europesays.com\/fr\/wp-json\/wp\/v2\/users\/2"}],"replies":[{"embeddable":true,"href":"https:\/\/www.europesays.com\/fr\/wp-json\/wp\/v2\/comments?post=466750"}],"version-history":[{"count":0,"href":"https:\/\/www.europesays.com\/fr\/wp-json\/wp\/v2\/posts\/466750\/revisions"}],"wp:featuredmedia":[{"embeddable":true,"href":"https:\/\/www.europesays.com\/fr\/wp-json\/wp\/v2\/media\/466751"}],"wp:attachment":[{"href":"https:\/\/www.europesays.com\/fr\/wp-json\/wp\/v2\/media?parent=466750"}],"wp:term":[{"taxonomy":"category","embeddable":true,"href":"https:\/\/www.europesays.com\/fr\/wp-json\/wp\/v2\/categories?post=466750"},{"taxonomy":"post_tag","embeddable":true,"href":"https:\/\/www.europesays.com\/fr\/wp-json\/wp\/v2\/tags?post=466750"}],"curies":[{"name":"wp","href":"https:\/\/api.w.org\/{rel}","templated":true}]}}