{"id":466754,"date":"2025-10-16T06:31:10","date_gmt":"2025-10-16T06:31:10","guid":{"rendered":"https:\/\/www.europesays.com\/fr\/466754\/"},"modified":"2025-10-16T06:31:10","modified_gmt":"2025-10-16T06:31:10","slug":"nice-les-argentiques-de-michael-kenna","status":"publish","type":"post","link":"https:\/\/www.europesays.com\/fr\/466754\/","title":{"rendered":"Nice. Les argentiques de Michael Kenna\u2026"},"content":{"rendered":"<p><img decoding=\"async\" src=\"https:\/\/www.europesays.com\/fr\/wp-content\/uploads\/2025\/10\/couv-kenna.png\" title=\"\" alt=\"\"\/><\/p>\n<p>Depuis plus de cinquante ans, le photographe britannique, Michael Kenna, explore le monde avec une sensibilit\u00e9 rare, captant l\u2019empreinte du temps, la m\u00e9moire des lieux et la po\u00e9sie silencieuse des paysages. La r\u00e9trospective \u00ab\u00a0Constellation\u00a0\u00bb invite les visiteurs \u00e0 d\u00e9couvrir 124 tirages argentiques, tir\u00e9s d\u2019un corpus d\u2019environ 4 000 tirages, repr\u00e9sentatifs des grandes s\u00e9ries qui jalonnent le parcours du photographe\u00a0: les paysages de nature, urbains et industriels du nord de l\u2019Angleterre ou de Detroit aux \u00c9tats-Unis, la France, les jardins Le N\u00f4tre, les bords de mer nimb\u00e9s de brume, Nice, Venise et l\u2019Italie, les autres pays europ\u00e9ens, ou encore les arbres incontournables du Japon, la Chine, la Tha\u00eflande, et la Cor\u00e9e.<\/p>\n<p>Loin du diktat des instantan\u00e9s, son travail rel\u00e8ve de l\u2019\u00e9vocation, de la suggestion. Il privil\u00e9gie les atmosph\u00e8res, les rythmes, les lignes. Son regard essaie de capter ce qui demeure, la pr\u00e9sence dans le vide de l\u2019absence\u00a0: un arbre solitaire, un chemin, une trace. Il interroge ainsi notre rapport \u00e0 la m\u00e9moire collective, au myst\u00e8re. Sans jamais c\u00e9der au spectaculaire, ses images invitent \u00e0 la lenteur, \u00e0 l\u2019introspection. Il a choisi le format le plus difficile, le petit format.<\/p>\n<p>L\u2019exposition &#8211; du 17 octobre 2025 au 25 janvier 2026 &#8211; met en lumi\u00e8re la coh\u00e9rence et la profondeur d\u2019une \u0153uvre o\u00f9 chaque photographie semble suspendue entre le visible et l\u2019invisible. Ainsi elle propose une travers\u00e9e intime de la terre, guid\u00e9e par un artiste qui, avec humilit\u00e9 et exigence, nous rappelle la beaut\u00e9 du monde par la force du regard et l\u2019appel du silence.<\/p>\n<ul>\n<li>Le mus\u00e9e de la Photographie Charles N\u00e8gre, depuis 2016 au c\u0153ur du Vieux-Nice &#8211; 1, place Pierre Gautier &#8211; dans un ancien b\u00e2timent industriel, propose toute l\u2019ann\u00e9e des expositions temporaires monographiques ou collectives des plus grands noms de la photographie. La galerie du mus\u00e9e, elle, est consacr\u00e9e \u00e0 la cr\u00e9ation r\u00e9gionale photographique,\u00a0 Tous les jours de 10 \u00e0 18 heures, sauf le lundi.<\/li>\n<\/ul>\n","protected":false},"excerpt":{"rendered":"Depuis plus de cinquante ans, le photographe britannique, Michael Kenna, explore le monde avec une sensibilit\u00e9 rare, captant&hellip;\n","protected":false},"author":2,"featured_media":466755,"comment_status":"","ping_status":"","sticky":false,"template":"","format":"standard","meta":{"footnotes":""},"categories":[2819],"tags":[1111,47,11,1777,674,1011,27,1110,1031,12,2401,882,25],"class_list":{"0":"post-466754","1":"post","2":"type-post","3":"status-publish","4":"format-standard","5":"has-post-thumbnail","7":"category-nice","8":"tag-actu","9":"tag-actualite","10":"tag-actualites","11":"tag-eu","12":"tag-europe","13":"tag-fr","14":"tag-france","15":"tag-informations","16":"tag-magazine","17":"tag-news","18":"tag-nice","19":"tag-provence-alpes-cote-dazur","20":"tag-republique-francaise"},"share_on_mastodon":{"url":"https:\/\/pubeurope.com\/@fr\/115382444605402417","error":""},"_links":{"self":[{"href":"https:\/\/www.europesays.com\/fr\/wp-json\/wp\/v2\/posts\/466754","targetHints":{"allow":["GET"]}}],"collection":[{"href":"https:\/\/www.europesays.com\/fr\/wp-json\/wp\/v2\/posts"}],"about":[{"href":"https:\/\/www.europesays.com\/fr\/wp-json\/wp\/v2\/types\/post"}],"author":[{"embeddable":true,"href":"https:\/\/www.europesays.com\/fr\/wp-json\/wp\/v2\/users\/2"}],"replies":[{"embeddable":true,"href":"https:\/\/www.europesays.com\/fr\/wp-json\/wp\/v2\/comments?post=466754"}],"version-history":[{"count":0,"href":"https:\/\/www.europesays.com\/fr\/wp-json\/wp\/v2\/posts\/466754\/revisions"}],"wp:featuredmedia":[{"embeddable":true,"href":"https:\/\/www.europesays.com\/fr\/wp-json\/wp\/v2\/media\/466755"}],"wp:attachment":[{"href":"https:\/\/www.europesays.com\/fr\/wp-json\/wp\/v2\/media?parent=466754"}],"wp:term":[{"taxonomy":"category","embeddable":true,"href":"https:\/\/www.europesays.com\/fr\/wp-json\/wp\/v2\/categories?post=466754"},{"taxonomy":"post_tag","embeddable":true,"href":"https:\/\/www.europesays.com\/fr\/wp-json\/wp\/v2\/tags?post=466754"}],"curies":[{"name":"wp","href":"https:\/\/api.w.org\/{rel}","templated":true}]}}