{"id":466758,"date":"2025-10-16T06:33:11","date_gmt":"2025-10-16T06:33:11","guid":{"rendered":"https:\/\/www.europesays.com\/fr\/466758\/"},"modified":"2025-10-16T06:33:11","modified_gmt":"2025-10-16T06:33:11","slug":"un-femmage-organise-a-nantes-pour-les-victimes","status":"publish","type":"post","link":"https:\/\/www.europesays.com\/fr\/466758\/","title":{"rendered":"un \u00ab\u00a0femmage\u00a0\u00bb organis\u00e9 \u00e0 Nantes pour les victimes"},"content":{"rendered":"<p>            Par<br \/>\n        <strong><br \/>\n            <a href=\"https:\/\/actu.fr\/auteur\/clemence-pays02-actu-fr\" title=\"Consulter tous les articles de Cl\u00e9mence Pays\" target=\"_blank\" rel=\"noopener\">Cl\u00e9mence Pays<\/a><br \/>\n        <\/strong><\/p>\n<p>        Publi\u00e9 le<\/p>\n<p>            16 oct. 2025 \u00e0 7h32        <\/p>\n<p><strong>114.<\/strong> C\u2019est le nombre de <strong>victimes de f\u00e9minicides en France, en 2025.<\/strong> Un chiffre qui a augment\u00e9, selon Nous Toutes 44, qui note qu\u2019\u00ab\u2009en 2024, \u00e0 la m\u00eame date, 103 femmes avaient \u00e9t\u00e9 tu\u00e9es parce qu\u2019elles \u00e9taient des femmes\u2009\u00bb.<\/p>\n<p class=\" wall-content\">Face \u00e0 ce terrible constat, le collectif f\u00e9ministe \u00ab\u2009pr\u00e9sentera <strong>un \u00e9v\u00e9nement consacr\u00e9 aux victimes de f\u00e9minicides de 2025<\/strong> en leur rendant femmage\u2009\u00bb. Le rendez-vous est donn\u00e9 <strong>samedi 18\u00a0octobre,<\/strong> \u00e0 14h, au Miroir d\u2019eau de Nantes.<\/p>\n<blockquote class=\"ac-article-quote wall-content\">\n<p>Cette ann\u00e9e encore, de nombreuses victimes restent invisibilis\u00e9es : femmes en situation de handicap, femmes \u00e2g\u00e9es, femmes racis\u00e9es, personnes LGBTQIA+, travailleuses du sexe\u2026 Ces femmes sont tu\u00e9es dans l\u2019indiff\u00e9rence des institutions cens\u00e9es les prot\u00e9ger.\n<\/p>\n<p>    <strong>Nous Toutes 44<\/strong>\n            <\/p><\/blockquote>\n<p class=\" wall-content\">Le rassemblement de samedi est \u00ab\u2009un appel \u00e0 l\u2019<strong>action collective<\/strong> contre les violences sexistes et sexuelles\u2009\u00bb.<\/p>\n<p>\u00ab\u2009L\u2019urgence d\u2019agir\u2009\u00bb<\/p>\n<p class=\" wall-content\">Nous Toutes 44 tient \u00e0 rappeler \u00ab\u2009l\u2019urgence d\u2019agir face \u00e0 la <strong>mont\u00e9e du masculinisme,<\/strong> \u00e0 la banalisation des <strong>discours de haine<\/strong> et au d\u00e9sengagement des pouvoirs publics, illustr\u00e9 par la <a href=\"https:\/\/actu.fr\/pays-de-la-loire\/la-roche-sur-yon_85191\/suite-aux-subventions-supprimees-le-planning-familial-de-vendee-dans-lincertitude_62718513.html\" target=\"_blank\" rel=\"noopener\">suppression des financements au Planning familial en Pays de la Loire<\/a>\u2009\u00bb.<\/p>\n<blockquote class=\"ac-article-quote wall-content\">\n<p>Nous exigeons le d\u00e9blocage de 2,5 milliards d\u2019euros annuels afin de financer des politiques publiques de lutte contre les violences sexistes et sexuelles, qui doivent s\u2019articuler autour de trois axes : la pr\u00e9vention des violences de genre, l\u2019accompagnement et le soutien des victimes ainsi que la garantie de l\u2019acc\u00e8s \u00e9quitable aux droits fondamentaux de toutes et tous.<\/p>\n<p>    <strong>Nous Toutes 44<\/strong>\n            <\/p><\/blockquote>\n<p class=\" wall-content\">Toutes les personnes qui \u00ab\u2009refusent ces violences\u2009\u00bb sont <strong>invit\u00e9es \u00e0 se joindre au collectif<\/strong> \u00ab\u2009pour un moment de solidarit\u00e9\u2009\u00bb, samedi 18\u00a0octobre.<\/p>\n<p class=\" wall-content\">Personnalisez votre actualit\u00e9 en ajoutant vos villes et m\u00e9dias en favori avec <a href=\"https:\/\/moncompte.actu.fr\" title=\"D\u00e9couvez Mon Actu\" rel=\"nofollow noopener\" data-trk=\"{&quot;cta&quot;:{&quot;action&quot;:&quot;https:\\\/\\\/moncompte.actu.fr&quot;,&quot;category&quot;:&quot;mon compte&quot;,&quot;from&quot;:&quot;article footer&quot;,&quot;name&quot;:&quot;Mon actu&quot;,&quot;type&quot;:&quot;cta&quot;}}\" target=\"_blank\">Mon Actu<\/a>.<\/p>\n","protected":false},"excerpt":{"rendered":"Par Cl\u00e9mence Pays Publi\u00e9 le 16 oct. 2025 \u00e0 7h32 114. C\u2019est le nombre de victimes de f\u00e9minicides&hellip;\n","protected":false},"author":2,"featured_media":466759,"comment_status":"","ping_status":"","sticky":false,"template":"","format":"standard","meta":{"footnotes":""},"categories":[2818],"tags":[1111,11,1777,674,3555,6757,1011,27,1272,766,12,2636,25,104],"class_list":{"0":"post-466758","1":"post","2":"type-post","3":"status-publish","4":"format-standard","5":"has-post-thumbnail","7":"category-nantes","8":"tag-actu","9":"tag-actualites","10":"tag-eu","11":"tag-europe","12":"tag-feminicide","13":"tag-feminisme","14":"tag-fr","15":"tag-france","16":"tag-manifestations","17":"tag-nantes","18":"tag-news","19":"tag-pays-de-la-loire","20":"tag-republique-francaise","21":"tag-societe"},"share_on_mastodon":{"url":"https:\/\/pubeurope.com\/@fr\/115382452481966707","error":""},"_links":{"self":[{"href":"https:\/\/www.europesays.com\/fr\/wp-json\/wp\/v2\/posts\/466758","targetHints":{"allow":["GET"]}}],"collection":[{"href":"https:\/\/www.europesays.com\/fr\/wp-json\/wp\/v2\/posts"}],"about":[{"href":"https:\/\/www.europesays.com\/fr\/wp-json\/wp\/v2\/types\/post"}],"author":[{"embeddable":true,"href":"https:\/\/www.europesays.com\/fr\/wp-json\/wp\/v2\/users\/2"}],"replies":[{"embeddable":true,"href":"https:\/\/www.europesays.com\/fr\/wp-json\/wp\/v2\/comments?post=466758"}],"version-history":[{"count":0,"href":"https:\/\/www.europesays.com\/fr\/wp-json\/wp\/v2\/posts\/466758\/revisions"}],"wp:featuredmedia":[{"embeddable":true,"href":"https:\/\/www.europesays.com\/fr\/wp-json\/wp\/v2\/media\/466759"}],"wp:attachment":[{"href":"https:\/\/www.europesays.com\/fr\/wp-json\/wp\/v2\/media?parent=466758"}],"wp:term":[{"taxonomy":"category","embeddable":true,"href":"https:\/\/www.europesays.com\/fr\/wp-json\/wp\/v2\/categories?post=466758"},{"taxonomy":"post_tag","embeddable":true,"href":"https:\/\/www.europesays.com\/fr\/wp-json\/wp\/v2\/tags?post=466758"}],"curies":[{"name":"wp","href":"https:\/\/api.w.org\/{rel}","templated":true}]}}