{"id":46677,"date":"2025-04-23T13:37:10","date_gmt":"2025-04-23T13:37:10","guid":{"rendered":"https:\/\/www.europesays.com\/fr\/46677\/"},"modified":"2025-04-23T13:37:10","modified_gmt":"2025-04-23T13:37:10","slug":"le-prince-louis-a-7-ans-un-nouveau-portrait-devoile-et-personne-na-loupe-ce-detail-physique","status":"publish","type":"post","link":"https:\/\/www.europesays.com\/fr\/46677\/","title":{"rendered":"Le prince Louis a 7 ans : un nouveau portrait d\u00e9voil\u00e9 et personne n\u2019a loup\u00e9 ce d\u00e9tail physique"},"content":{"rendered":"<p class=\"p1\">Le prince Louis a sept ans ! Le 23 avril 2018, le<br \/>\nprince William et Kate Middleton ont accueilli leur troisi\u00e8me<br \/>\nenfant \u00e0 l\u2019h\u00f4pital St Mary\u2019s de Londres. Baptis\u00e9 <strong>Louis<br \/>\nArthur Charles<\/strong> Mountbatten-Windsor, le petit gar\u00e7on a<br \/>\ndepuis bien grandi.<\/p>\n<p class=\"p1\">\u00c0 l\u2019occasion de son septi\u00e8me anniversaire, un nouveau<br \/>\nportrait du <a href=\"https:\/\/www.closermag.fr\/royautes\/le-prince-louis-a-7-ans-ses-photos-les-plus-craquantes-avec-ses-frere-et-soeur-3537713\" target=\"_blank\" rel=\"noopener\"><br \/>\nfr\u00e8re de George et Charlotte<\/a> a \u00e9t\u00e9 d\u00e9voil\u00e9 sur les r\u00e9seaux<br \/>\nsociaux. Cette ann\u00e9e, Kate Middleton n\u2019a pas pris elle-m\u00eame le<br \/>\nclich\u00e9. Elle a d\u00e9cid\u00e9 de faire appel au photographe Josh Shinner.<br \/>\nCelui-ci s\u2019est donc <strong>d\u00e9plac\u00e9 au d\u00e9but du mois<br \/>\nd\u2019avril<\/strong> dans leur r\u00e9sidence d\u2019Anmer Hall, dans le<br \/>\nNorfolk.<\/p>\n<p><img aria-describedby=\"caption-attachment-3539253\" itemprop=\"thumbnailUrl\" decoding=\"async\" loading=\"lazy\" class=\"size-full wp-image-3539253 img-responsive\" src=\"https:\/\/www.europesays.com\/fr\/wp-content\/uploads\/2025\/04\/prince-louis.jpg\" alt=\"Le prince Louis \u00e0 la messe de No\u00ebl \u00e0 Sandringham, le 25 d\u00e9cembre 2024.\" width=\"1200\" height=\"1538\"\/> \u00a9 Alpha Agency \/ Bestimage<\/p>\n<p id=\"caption-attachment-3539253\" class=\"wp-caption-text\">Le<br \/>\nprince Louis \u00e0 la messe de No\u00ebl \u00e0 Sandringham, le 25 d\u00e9cembre<br \/>\n2024.<\/p>\n<p>Le prince Louis a perdu ses dents de lait<\/p>\n<p class=\"p1\">Sur la photo prise pour c\u00e9l\u00e9brer son anniversaire,<br \/>\n<a href=\"https:\/\/www.closermag.fr\/royautes\/prince-louis-a-7-ans-kate-brise-deux-traditions-avec-le-portrait-de-son-plus-jeune-fils-3539227\" target=\"_blank\" rel=\"noopener\"><br \/>\nle prince Louis<\/a> a le regard tourn\u00e9 vers la cam\u00e9ra et affiche<br \/>\n<strong>un sourire radieux<\/strong>. Le clich\u00e9 est d\u2019autant plus<br \/>\nadorable qu\u2019il lui manque deux incisives sup\u00e9rieures. Son sourire<br \/>\n\u00e9dent\u00e9 montre ainsi qu\u2019il commence \u00e0 <strong>perdre ses dents de<br \/>\nlait<\/strong> au profit de ses dents d\u00e9finitives.<\/p>\n<p class=\"p1\">Face au photographe, le prince Louis est apparu v\u00eatu<br \/>\nd\u2019une chemise \u00e0 carreaux blanche et bleue, d\u2019un <strong>pull vert<br \/>\nfonc\u00e9<\/strong> et d\u2019un jean. \u201cNous souhaitons un tr\u00e8s joyeux 7e<br \/>\nanniversaire au prince Louis !\u201d, ont indiqu\u00e9 le prince William<br \/>\net Kate Middleton en l\u00e9gende du clich\u00e9. Leur publication a ensuite<br \/>\n\u00e9t\u00e9 repartag\u00e9e par le roi Charles III.<\/p>\n<blockquote class=\"instagram-media\" style=\"background: #ffffff;border: 0;margin: 1px;width: 100%;padding: 0;max-width: 500px;\" data-instgrm-permalink=\"https:\/\/www.instagram.com\/p\/DIyIsrKtRH0\/\" data-instgrm-version=\"14\"\/><p>\nKate Middleton a choisi un d\u00e9cor<br \/>\nprintanier<\/p>\n<p class=\"p1\">\u00c0 chaque anniversaire du prince Louis, <a href=\"https:\/\/www.closermag.fr\/royautes\/le-prince-louis-a-7-ans-un-anniversaire-mitige-pour-kate-middleton-3538974\" target=\"_blank\" rel=\"noopener\"><br \/>\nKate Middleton<\/a> partage une photo du petit gar\u00e7on \u00e0 l\u2019ext\u00e9rieur.<br \/>\nCelui qui est quatri\u00e8me dans l\u2019ordre de succession au tr\u00f4ne<br \/>\nbritannique passe effectivement beaucoup de temps \u00e0 la campagne.<br \/>\nPour son sixi\u00e8me anniversaire, le petit-fils du roi avait ainsi<br \/>\npos\u00e9 <strong>allong\u00e9 dans l\u2019herbe<\/strong>.<\/p>\n<p class=\"p1\">Cette fois, le prince Louis est assis au milieu d\u2019une<br \/>\n<strong>magnifique sc\u00e8ne printani\u00e8re<\/strong>. Il pose dans le<br \/>\ndomaine de Sandringham, au milieu des jacinthes des bois. Un d\u00e9cor<br \/>\nqu\u2019il a d\u2019ailleurs retrouv\u00e9 pour les f\u00eates de P\u00e2ques puisque le<br \/>\nprince William et Kate Middleton ont choisi de <strong>se<br \/>\nressourcer \u00e0 Anmer Hall<\/strong>. Un lieu qui permet \u00e0 leurs trois<br \/>\nenfants de profiter au maximum des grands espaces.<\/p>\n<p><script async src=\"\/\/www.instagram.com\/embed.js\"><\/script><\/p>\n","protected":false},"excerpt":{"rendered":"Le prince Louis a sept ans ! Le 23 avril 2018, le prince William et Kate Middleton ont&hellip;\n","protected":false},"author":2,"featured_media":46678,"comment_status":"","ping_status":"","sticky":false,"template":"","format":"standard","meta":{"footnotes":""},"categories":[1359],"tags":[548,58,59,1011,27,973,7529],"class_list":{"0":"post-46677","1":"post","2":"type-post","3":"status-publish","4":"format-standard","5":"has-post-thumbnail","7":"category-people","8":"tag-article-simple","9":"tag-divertissement","10":"tag-entertainment","11":"tag-fr","12":"tag-france","13":"tag-people","14":"tag-prince-louis"},"share_on_mastodon":{"url":"https:\/\/pubeurope.com\/@fr\/114387553066244059","error":""},"_links":{"self":[{"href":"https:\/\/www.europesays.com\/fr\/wp-json\/wp\/v2\/posts\/46677","targetHints":{"allow":["GET"]}}],"collection":[{"href":"https:\/\/www.europesays.com\/fr\/wp-json\/wp\/v2\/posts"}],"about":[{"href":"https:\/\/www.europesays.com\/fr\/wp-json\/wp\/v2\/types\/post"}],"author":[{"embeddable":true,"href":"https:\/\/www.europesays.com\/fr\/wp-json\/wp\/v2\/users\/2"}],"replies":[{"embeddable":true,"href":"https:\/\/www.europesays.com\/fr\/wp-json\/wp\/v2\/comments?post=46677"}],"version-history":[{"count":0,"href":"https:\/\/www.europesays.com\/fr\/wp-json\/wp\/v2\/posts\/46677\/revisions"}],"wp:featuredmedia":[{"embeddable":true,"href":"https:\/\/www.europesays.com\/fr\/wp-json\/wp\/v2\/media\/46678"}],"wp:attachment":[{"href":"https:\/\/www.europesays.com\/fr\/wp-json\/wp\/v2\/media?parent=46677"}],"wp:term":[{"taxonomy":"category","embeddable":true,"href":"https:\/\/www.europesays.com\/fr\/wp-json\/wp\/v2\/categories?post=46677"},{"taxonomy":"post_tag","embeddable":true,"href":"https:\/\/www.europesays.com\/fr\/wp-json\/wp\/v2\/tags?post=46677"}],"curies":[{"name":"wp","href":"https:\/\/api.w.org\/{rel}","templated":true}]}}