{"id":466770,"date":"2025-10-16T06:39:09","date_gmt":"2025-10-16T06:39:09","guid":{"rendered":"https:\/\/www.europesays.com\/fr\/466770\/"},"modified":"2025-10-16T06:39:09","modified_gmt":"2025-10-16T06:39:09","slug":"quatre-hommes-et-femmes-dorigine-tunisienne-juges-a-lille","status":"publish","type":"post","link":"https:\/\/www.europesays.com\/fr\/466770\/","title":{"rendered":"quatre hommes et femmes d&rsquo;origine tunisienne jug\u00e9s \u00e0 Lille"},"content":{"rendered":"<p>            Par<br \/>\n        <strong><br \/>\n            <a href=\"https:\/\/actu.fr\/auteur\/margot-nicodeme\" title=\"Consulter tous les articles de Margot Nicod\u00e8me\" target=\"_blank\" rel=\"noopener\">Margot Nicod\u00e8me<\/a><br \/>\n        <\/strong><\/p>\n<p>        Publi\u00e9 le<\/p>\n<p>            16 oct. 2025 \u00e0 7h50        <\/p>\n<p><b>Leurs sentiments \u00e9taient-ils sinc\u00e8res<\/b> ? C\u2019est la question qui a occup\u00e9 le tribunal correctionnel de <a href=\"https:\/\/actu.fr\/hauts-de-france\/lille_59350\" target=\"_blank\" rel=\"noopener\">Lille<\/a> (Nord) tout l\u2019apr\u00e8s-midi du 14 octobre 2024. Trois personnes comparaissaient \u2013 quatre \u00e9taient convoqu\u00e9es, mais le dernier homme est reparti vivre \u00e0 l\u2019\u00e9tranger \u2013 pour <b>avoir maniganc\u00e9 <a href=\"https:\/\/actu.fr\/auvergne-rhone-alpes\/bourg-les-valence_26058\/drome-la-maire-qui-a-refuse-un-mariage-visee-par-une-plainte-de-sos-racisme-voici-ce-qu-elle-risque_62821808.html\" target=\"_blank\" rel=\"noopener\">un mariage blanc<\/a> <\/b>en 2021. Les \u00e9poux d\u2019un c\u00f4t\u00e9, une femme de 47 ans et un homme de 56 ans ; les entremetteurs de l\u2019autre, une femme de 49 ans et un homme de 44 ans. <b>Tous sont d\u2019origine tunisienne<\/b>. L\u2019\u00e9pouse a d\u00fb se justifier de l\u2019absence totale de photos de son mari dans son t\u00e9l\u00e9phone, d\u2019\u00e9changes t\u00e9l\u00e9phoniques tr\u00e8s rares et \u00ab\u00a0tr\u00e8s formels\u00a0\u00bb, ainsi que d\u2019une vie commune inexistante dans son appartement de <a href=\"https:\/\/actu.fr\/tag\/lomme\" target=\"_blank\" rel=\"noopener\">Lomme<\/a>. Elle a r\u00e9fut\u00e9 les accusations qui p\u00e8sent sur elle.<\/p>\n<p>Le mari est reparti vivre en Tunisie depuis 8 mois<\/p>\n<p class=\" wall-content\">Le procureur informe, au cours de l\u2019audience, que<b> le parquet de Lille suit \u00ab\u00a0250 \u00e0 300 proc\u00e9dures de mariages frauduleux par an<\/b>\u00ab\u00a0. D\u2019entr\u00e9e de jeu, l\u2019avocate de l\u2019\u00e9pouse a demand\u00e9 \u00e0 la pr\u00e9sidente du tribunal de reconna\u00eetre \u00ab\u00a0la nullit\u00e9 de la proc\u00e9dure\u00a0\u00bb. Selon elle, les policiers n\u2019ont pas respect\u00e9 la loi \u00e0 l\u2019occasion d\u2019une \u00ab\u00a0visite surprise\u00a0\u00bb au domicile de sa cliente et ont \u00e9mis \u00ab\u00a0une convocation [\u00e0 l\u2019h\u00f4tel police] trompeuse\u00a0\u00bb.<\/p>\n<p class=\" wall-content\">Le tribunal choisit de juger le dossier, dont il rappelle les pr\u00e9misses : c\u2019est <b>un \u00ab\u00a0corbeau\u00a0\u00bb qui a d\u00e9nonc\u00e9 le couple<\/b>, ainsi que ses deux \u00ab\u00a0complices\u00a0\u00bb.\u00a0<\/p>\n<p class=\" wall-content\">En septembre 2021, un appel anonyme \u00e0 la police mentionne ce mariage qui date du 6 f\u00e9vrier de la m\u00eame ann\u00e9e. <b>L\u2019\u00e9pouse travaille comme femme de m\u00e9nage<\/b> au sein d\u2019un r\u00e9seau de trois boulangeries \u00e0 Lille. Une bonne amie \u00e0 elle a le m\u00eame poste dans ce r\u00e9seau, c\u2019est elle qui est aussi impliqu\u00e9e dans l\u2019affaire pour avoir jou\u00e9 les entremetteuses. Elle conna\u00eet le futur mari, qu\u2019elle a rencontr\u00e9 sur le <b>march\u00e9 de Wazemmes<\/b>. Il s\u2019av\u00e8re que ce Tunisien de 56 ans est aussi connu du patron des boulangeries, qui l\u2019a employ\u00e9 par le pass\u00e9, et qui emploie en 2021 les deux femmes.<\/p>\n<p class=\" wall-content\">C\u2019est tout ce petit monde qui est accus\u00e9 d\u2019avoir \u00ab\u00a0organis\u00e9 le mariage aux seules fins de faire obtenir un titre de s\u00e9jour\u00a0\u00bb.\u00a0<\/p>\n<p class=\" wall-content\">Car c\u2019\u00e9tait un des avantages \u00e0 l\u2019union :<b> le mari de 56 ans r\u00e9gularisait sa situation en France<\/b>. <b>L\u2019\u00e9pouse, elle, se serait vu promettre un post en CDI <\/b>dans la restauration, par le patron des boulangeries. Le mari n\u2019est pas l\u00e0 pour se d\u00e9fendre \u00e0 l\u2019audience du 14 octobre 2025, il est reparti en Tunisie depuis 8 mois, selon les aveux de sa femme.<\/p>\n<p>Votre r\u00e9gion, votre actu !<\/p>\n<p>Recevez chaque jour les infos qui comptent pour vous.<\/p>\n<p>\t<a href=\"https:\/\/actu.fr\/newsletter\" class=\"ac-btn ac-btn--corner ac-btn--medium ac-btn--blue800\" target=\"_blank\" rel=\"noopener\">S&rsquo;incrire<\/a><\/p>\n<p class=\" wall-content\"><b>Elle se d\u00e9fend d\u2019avoir pris part \u00e0 un mariage arrang\u00e9<\/b>. \u00c0\u00a0la question de la pr\u00e9sidente, qui veut savoir s\u2019il s\u2019agissait d\u2019un \u00ab\u00a0mariage d\u2019amour\u00a0\u00bb, elle r\u00e9pond : \u00ab\u00a0Si, quand m\u00eame.\u00a0\u00bb\u00a0<\/p>\n<p class=\" wall-content\">La pr\u00e9venue dit avoir vu en cet homme une figure paternelle pour son fils adolescent, atteint d\u2019autisme, ainsi qu\u2019un compagnon, qui viendrait mettre un terme \u00e0 ses 11 ann\u00e9es de c\u00e9libat et solitude. Elle doit pourtant se justifier face \u00e0 plusieurs \u00e9l\u00e9ments qui interpellent.\u00a0<\/p>\n<p>\u00ab\u00a0Je ne suis pas une femme trop t\u00e9l\u00e9phone, trop gadget, et je ne suis pas photo\u00a0\u00bb<\/p>\n<p class=\" wall-content\">Lors de la visite des policiers, le mari n\u2019est pas pr\u00e9sent \u00e0 son appartement. Ils constatent que le lit conjugal n\u2019est utilis\u00e9 que d\u2019un c\u00f4t\u00e9, l\u2019autre partie \u00e9tant recouverte de piles de v\u00eatements. L\u2019\u00e9pouse leur explique alors que son \u00ab\u00a0mari travaille \u00e0 Marseille, qu\u2019il y vit depuis le mariage, qu\u2019il revient tous les mois environ, puis qu\u2019il repart en Belgique\u00a0\u00bb pour travailler. \u00ab\u00a0<b>On a partag\u00e9 le toit, mais pas comme toute vie commune normale<\/b>\u00ab\u00a0, analyse la femme de 47 ans.<\/p>\n<p class=\" wall-content\">Son t\u00e9l\u00e9phone livre des donn\u00e9es \u00e9tonnantes : elle n\u2019a pas de photo de son conjoint, \u00e0 l\u2019exception d\u2019une seule prise le jour de leur mariage, et n\u2019\u00e9change quasiment pas avec lui, alors m\u00eame qu\u2019il est cens\u00e9 passer le plus clair de son temps en dehors de la r\u00e9gion.\u00a0<\/p>\n<blockquote class=\"ac-article-quote wall-content\">\n<p>Je ne suis pas une femme trop t\u00e9l\u00e9phone, trop gadget, et je ne suis pas photo. Et j\u2019ai eu un probl\u00e8me de t\u00e9l\u00e9phone.<\/p>\n<p>L\u2019\u00e9pouse accus\u00e9e de mariage frauduleux<\/p><\/blockquote>\n<p class=\" wall-content\">Le procureur se montre intransigeant. \u00ab\u00a0Ces \u00e9changes t\u00e9l\u00e9phoniques, on va les lire. Et c\u2019est tr\u00e8s formel, les deux n\u2019ont rien d\u2019un couple ou d\u2019un futur couple.\u00a0\u00bb<\/p>\n<p class=\" wall-content\">Le patron des boulangeries est aussi mis en cause dans l\u2019arrangement de ce mariage. La pr\u00e9sidente lui demande si cela ne lui a pas paru \u00ab\u00a0bizarre\u00a0\u00bb de se voir proposer le r\u00f4le de t\u00e9moin, alors que \u00ab\u00a0vous ne connaissez presque pas le mari\u00e9\u00a0\u00bb ? Cela faisait 2 ans, \u00e0 ce moment-l\u00e0, qu\u2019il ne l\u2019employait plus. R\u00e9ponse par la n\u00e9gative du pr\u00e9venu, qui avance avoir voulu rendre service.<\/p>\n<p>Le procureur requiert des interdictions de para\u00eetre sur le territoire fran\u00e7ais<\/p>\n<p class=\" wall-content\">La seconde femme qui compara\u00eet, l\u2019amie et \u00ab\u00a0coll\u00e8gue\u00a0\u00bb de l\u2019\u00e9pouse, nie elle aussi avoir pris part \u00e0 un quelconque plan, et assure que le mariage \u00e9tait authentique. Son avocate parle d\u2019une \u00ab\u00a0proc\u00e9dure \u00e9olienne, bas\u00e9e sur du vent\u00a0\u00bb, sans aucun \u00e9l\u00e9ment qui permette d\u2019appuyer son implication. Sa cliente n\u2019a fait que pr\u00e9senter les deux futurs \u00e9poux, dans un caf\u00e9 lillois. Point barre.<\/p>\n<p class=\" wall-content\">L\u2019avocate de l\u2019\u00e9pouse assure une longue plaidoirie. \u00ab\u00a0Elle dit qu\u2019elle avait besoin d\u2019un mari, qu\u2019elle avait envie de ne plus \u00eatre seule. Elle avait le droit \u00e0 une seconde chance.\u00a0\u00bb Famili\u00e8re avec le droit des \u00e9trangers, elle explique, non sans ironie, que \u00ab\u00a0c\u2019est peut-\u00eatre la premi\u00e8re fois qu\u2019elle assiste \u00e0 un mariage blanc entre deux \u00e9trangers\u00a0\u00bb. Sa cliente a en effet un titre de s\u00e9jour et n\u2019a pas la nationalit\u00e9 fran\u00e7aise.<\/p>\n<p class=\" wall-content\">Le procureur de la R\u00e9publique requiert contre l\u2019\u00e9pouse 6 mois de prison avec sursis et une interdiction de para\u00eetre sur le territoire fran\u00e7ais pendant 2 ans ; contre le mari reparti en Tunisie, 8 mois de prison avec sursis et une interdiction de territoire pendant 5 ans. Enfin, pour les complices pr\u00e9sum\u00e9s : 3 mois de prison avec sursis pour l\u2019amie, 4 mois avec sursis pour le patron des boulangeries et employeur.<\/p>\n<p class=\" wall-content\">La d\u00e9cision sera connue le 12 novembre prochain.<\/p>\n<p class=\" wall-content\">Personnalisez votre actualit\u00e9 en ajoutant vos villes et m\u00e9dias en favori avec <a href=\"https:\/\/moncompte.actu.fr\" title=\"D\u00e9couvez Mon Actu\" rel=\"nofollow noopener\" data-trk=\"{&quot;cta&quot;:{&quot;action&quot;:&quot;https:\\\/\\\/moncompte.actu.fr&quot;,&quot;category&quot;:&quot;mon compte&quot;,&quot;from&quot;:&quot;article footer&quot;,&quot;name&quot;:&quot;Mon actu&quot;,&quot;type&quot;:&quot;cta&quot;}}\" target=\"_blank\">Mon Actu<\/a>.<\/p>\n","protected":false},"excerpt":{"rendered":"Par Margot Nicod\u00e8me Publi\u00e9 le 16 oct. 2025 \u00e0 7h50 Leurs sentiments \u00e9taient-ils sinc\u00e8res ? C\u2019est la question&hellip;\n","protected":false},"author":2,"featured_media":466771,"comment_status":"","ping_status":"","sticky":false,"template":"","format":"standard","meta":{"footnotes":""},"categories":[2815],"tags":[1111,11,1777,674,118,1011,27,811,303,1307,1930,12,25],"class_list":{"0":"post-466770","1":"post","2":"type-post","3":"status-publish","4":"format-standard","5":"has-post-thumbnail","7":"category-lille","8":"tag-actu","9":"tag-actualites","10":"tag-eu","11":"tag-europe","12":"tag-faits-divers","13":"tag-fr","14":"tag-france","15":"tag-hauts-de-france","16":"tag-justice","17":"tag-lille","18":"tag-mariage","19":"tag-news","20":"tag-republique-francaise"},"share_on_mastodon":{"url":"https:\/\/pubeurope.com\/@fr\/115382476020933932","error":""},"_links":{"self":[{"href":"https:\/\/www.europesays.com\/fr\/wp-json\/wp\/v2\/posts\/466770","targetHints":{"allow":["GET"]}}],"collection":[{"href":"https:\/\/www.europesays.com\/fr\/wp-json\/wp\/v2\/posts"}],"about":[{"href":"https:\/\/www.europesays.com\/fr\/wp-json\/wp\/v2\/types\/post"}],"author":[{"embeddable":true,"href":"https:\/\/www.europesays.com\/fr\/wp-json\/wp\/v2\/users\/2"}],"replies":[{"embeddable":true,"href":"https:\/\/www.europesays.com\/fr\/wp-json\/wp\/v2\/comments?post=466770"}],"version-history":[{"count":0,"href":"https:\/\/www.europesays.com\/fr\/wp-json\/wp\/v2\/posts\/466770\/revisions"}],"wp:featuredmedia":[{"embeddable":true,"href":"https:\/\/www.europesays.com\/fr\/wp-json\/wp\/v2\/media\/466771"}],"wp:attachment":[{"href":"https:\/\/www.europesays.com\/fr\/wp-json\/wp\/v2\/media?parent=466770"}],"wp:term":[{"taxonomy":"category","embeddable":true,"href":"https:\/\/www.europesays.com\/fr\/wp-json\/wp\/v2\/categories?post=466770"},{"taxonomy":"post_tag","embeddable":true,"href":"https:\/\/www.europesays.com\/fr\/wp-json\/wp\/v2\/tags?post=466770"}],"curies":[{"name":"wp","href":"https:\/\/api.w.org\/{rel}","templated":true}]}}