{"id":466775,"date":"2025-10-16T06:42:12","date_gmt":"2025-10-16T06:42:12","guid":{"rendered":"https:\/\/www.europesays.com\/fr\/466775\/"},"modified":"2025-10-16T06:42:12","modified_gmt":"2025-10-16T06:42:12","slug":"grosses-perturbations-sur-la55-en-direction-de-marseille-apres-un-accident-a-hauteur-de-gignac","status":"publish","type":"post","link":"https:\/\/www.europesays.com\/fr\/466775\/","title":{"rendered":"Grosses perturbations sur l&rsquo;A55 en direction de Marseille apr\u00e8s un accident \u00e0 hauteur de Gignac"},"content":{"rendered":"<p class=\"font-bold\">L&rsquo;accident, qui implique une seule voiture, s&rsquo;est produit \u00e0 hauteur de Gignac dans le sens Martigues-Marseille.<\/p>\n<p>C&rsquo;est une nouvelle journ\u00e9e tr\u00e8s compliqu\u00e9e sur les routes du pourtour de l&rsquo;Etang de Berre. En plus des perturbations\u00a0<a href=\"https:\/\/maritima.fr\/actualites\/info-route\/martigues\/9435\/viaduc-de-martigues-de-nouvelles-perturbations-ce-jeudi-matin-il-va-falloir-sy-habituer-jusqua-la-fin-du-mois\" target=\"_blank\" rel=\"noopener\">\u00e0 l&rsquo;entr\u00e9e du viaduc de Martigues<\/a> pour des travaux et sur <a href=\"https:\/\/maritima.fr\/actualites\/faits-divers\/istres\/9436\/istres-un-motard-en-arret-cardio-respiratoire-apres-avoir-heurte-un-sanglier-sur-la-rn-1569\" target=\"_blank\" rel=\"noopener\">la RN1569 \u00e0 Istres apr\u00e8s un grave accident de moto<\/a>, l&rsquo;A55 est \u00e9galement satur\u00e9e suite \u00e0 l&rsquo;accident d&rsquo;une voiture. Il y a actuellement plusieurs kilom\u00e8tres de bouchon en direction de Marseille. Le bouchon remonte jusqu&rsquo;\u00e0 Chateauneuf.<\/p>\n<p>\u00a0<\/p>\n<p><img loading=\"lazy\" decoding=\"async\" src=\"https:\/\/ws.maritima.fr\/api\/images%2F1760595056460blob\" alt=\"\" width=\"600\" height=\"380\"\/><\/p>\n<p>capture \u00e9cran TomTom<\/p>\n","protected":false},"excerpt":{"rendered":"L&rsquo;accident, qui implique une seule voiture, s&rsquo;est produit \u00e0 hauteur de Gignac dans le sens Martigues-Marseille. C&rsquo;est une&hellip;\n","protected":false},"author":2,"featured_media":466776,"comment_status":"","ping_status":"","sticky":false,"template":"","format":"standard","meta":{"footnotes":""},"categories":[2814],"tags":[13345,119,1111,11,4899,1777,674,1011,27,884,12,882,25],"class_list":{"0":"post-466775","1":"post","2":"type-post","3":"status-publish","4":"format-standard","5":"has-post-thumbnail","7":"category-marseille","8":"tag-a55","9":"tag-accident","10":"tag-actu","11":"tag-actualites","12":"tag-bouchon","13":"tag-eu","14":"tag-europe","15":"tag-fr","16":"tag-france","17":"tag-marseille","18":"tag-news","19":"tag-provence-alpes-cote-dazur","20":"tag-republique-francaise"},"share_on_mastodon":{"url":"https:\/\/pubeurope.com\/@fr\/115382488376145638","error":""},"_links":{"self":[{"href":"https:\/\/www.europesays.com\/fr\/wp-json\/wp\/v2\/posts\/466775","targetHints":{"allow":["GET"]}}],"collection":[{"href":"https:\/\/www.europesays.com\/fr\/wp-json\/wp\/v2\/posts"}],"about":[{"href":"https:\/\/www.europesays.com\/fr\/wp-json\/wp\/v2\/types\/post"}],"author":[{"embeddable":true,"href":"https:\/\/www.europesays.com\/fr\/wp-json\/wp\/v2\/users\/2"}],"replies":[{"embeddable":true,"href":"https:\/\/www.europesays.com\/fr\/wp-json\/wp\/v2\/comments?post=466775"}],"version-history":[{"count":0,"href":"https:\/\/www.europesays.com\/fr\/wp-json\/wp\/v2\/posts\/466775\/revisions"}],"wp:featuredmedia":[{"embeddable":true,"href":"https:\/\/www.europesays.com\/fr\/wp-json\/wp\/v2\/media\/466776"}],"wp:attachment":[{"href":"https:\/\/www.europesays.com\/fr\/wp-json\/wp\/v2\/media?parent=466775"}],"wp:term":[{"taxonomy":"category","embeddable":true,"href":"https:\/\/www.europesays.com\/fr\/wp-json\/wp\/v2\/categories?post=466775"},{"taxonomy":"post_tag","embeddable":true,"href":"https:\/\/www.europesays.com\/fr\/wp-json\/wp\/v2\/tags?post=466775"}],"curies":[{"name":"wp","href":"https:\/\/api.w.org\/{rel}","templated":true}]}}