{"id":466777,"date":"2025-10-16T06:43:16","date_gmt":"2025-10-16T06:43:16","guid":{"rendered":"https:\/\/www.europesays.com\/fr\/466777\/"},"modified":"2025-10-16T06:43:16","modified_gmt":"2025-10-16T06:43:16","slug":"la-prefecture-ferme-plusieurs-etablissements-a-lyon","status":"publish","type":"post","link":"https:\/\/www.europesays.com\/fr\/466777\/","title":{"rendered":"la pr\u00e9fecture ferme plusieurs \u00e9tablissements \u00e0 Lyon"},"content":{"rendered":"<p itemprop=\"description\"><strong>La pr\u00e9fecture du Rh\u00f4ne a souhait\u00e9 frapper fort.<\/strong><\/p>\n<p>Ce mercredi soir, un exemple concret de la mise en \u0153uvre de la loi Narcotrafic a \u00e9t\u00e9 pr\u00e9sent\u00e9 par les services de l&rsquo;Etat et la DIPN lyonnaise. \u00ab\u00a0Nous montons en puissance\u00a0\u00bb, d\u00e9clarait Antoine Gu\u00e9rin, pr\u00e9fet d\u00e9l\u00e9gu\u00e9 pour la s\u00e9curit\u00e9, qui faisait proc\u00e9der \u00e0 la fermeture administrative pour 3 mois de deux \u00e9tablissements lyonnais soup\u00e7onn\u00e9s d&rsquo;\u00eatre li\u00e9s au trafic de stup\u00e9fiants, alors qu&rsquo;une sup\u00e9rette \u00e0 V\u00e9nissieux et un caf\u00e9 \u00e0 Villeurbanne ont d\u00e9j\u00e0 subi ce sort.<\/p>\n<p>Face \u00e0 la mont\u00e9e des tensions et des violences dans le secteur Villeroy\/Vend\u00f4me, avec en point d&rsquo;orgue <a href=\"https:\/\/www.lyonmag.com\/article\/147164\/fusillade-devant-la-maison-pour-tous-a-lyon-le-suspect-interpelle-la-victime-s-est-volatilisee\" target=\"_blank\" rel=\"noopener\">la fusillade du 3 octobre dernier<\/a>, la pr\u00e9fecture a fait fermer le bar El Morjane situ\u00e9 47 rue Villeroy. Dans son arr\u00eat\u00e9, que LyonMag a pu consulter, la pr\u00e9fecture rel\u00e8ve\u00a0\u00ab\u00a0la forte pr\u00e9sence d&rsquo;individus s&rsquo;adonnant \u00e0 divers trafics (stup\u00e9fiants ou m\u00e9dicaments notamment), lesquels sont r\u00e9guli\u00e8rement impliqu\u00e9s dans des rixes et des agressions\u00a0\u00bb. Repaire de dealers et de toxicomanes, le El Morjane a \u00e9t\u00e9 oblig\u00e9 de baisser le rideau.<\/p>\n<p>M\u00eame sort r\u00e9serv\u00e9 au Rosa Parks, \u00e9tablissement de la Duch\u00e8re o\u00f9 de nombreux contr\u00f4les cette ann\u00e9e ont permis de d\u00e9couvrir que les clients \u00e9taient souvent des vendeurs de drogue.<\/p>\n<p>Concernant le secteur Villeroy\/Vend\u00f4me, la pr\u00e9fecture a \u00e9galement annonc\u00e9 aux habitants la cr\u00e9ation d\u2019un groupe de partenariat op\u00e9rationnel par la police nationale d\u00e9di\u00e9 au suivi sp\u00e9cifique de ce secteur, le d\u00e9ploiement de CRS en renfort, un d\u00e9ploiement d\u2019unit\u00e9s d\u00e9di\u00e9es aux interpellations en flagrant d\u00e9lit et des fermetures administratives des \u00e9tablissements qui sont li\u00e9s aux trafics de stup\u00e9fiants et qui g\u00e9n\u00e8rent des troubles \u00e0 l\u2019ordre public.<\/p>\n","protected":false},"excerpt":{"rendered":"La pr\u00e9fecture du Rh\u00f4ne a souhait\u00e9 frapper fort. Ce mercredi soir, un exemple concret de la mise en&hellip;\n","protected":false},"author":2,"featured_media":466778,"comment_status":"","ping_status":"","sticky":false,"template":"","format":"standard","meta":{"footnotes":""},"categories":[1889],"tags":[1111,11,2813,2190,2430,1109,251,1112,2811,1777,674,118,1011,27,1922,1110,1114,2428,2810,12,241,316,25,2812,517,800],"class_list":{"0":"post-466777","1":"post","2":"type-post","3":"status-publish","4":"format-standard","5":"has-post-thumbnail","7":"category-lyon","8":"tag-actu","9":"tag-actualites","10":"tag-article","11":"tag-asvel","12":"tag-auvergne-rhone-alpes","13":"tag-breves","14":"tag-culture","15":"tag-depeches","16":"tag-economique","17":"tag-eu","18":"tag-europe","19":"tag-faits-divers","20":"tag-fr","21":"tag-france","22":"tag-info","23":"tag-informations","24":"tag-infos","25":"tag-lyon","26":"tag-lyonmag","27":"tag-news","28":"tag-ol","29":"tag-politique","30":"tag-republique-francaise","31":"tag-sociale","32":"tag-sport","33":"tag-transports"},"share_on_mastodon":{"url":"https:\/\/pubeurope.com\/@fr\/115382491910104539","error":""},"_links":{"self":[{"href":"https:\/\/www.europesays.com\/fr\/wp-json\/wp\/v2\/posts\/466777","targetHints":{"allow":["GET"]}}],"collection":[{"href":"https:\/\/www.europesays.com\/fr\/wp-json\/wp\/v2\/posts"}],"about":[{"href":"https:\/\/www.europesays.com\/fr\/wp-json\/wp\/v2\/types\/post"}],"author":[{"embeddable":true,"href":"https:\/\/www.europesays.com\/fr\/wp-json\/wp\/v2\/users\/2"}],"replies":[{"embeddable":true,"href":"https:\/\/www.europesays.com\/fr\/wp-json\/wp\/v2\/comments?post=466777"}],"version-history":[{"count":0,"href":"https:\/\/www.europesays.com\/fr\/wp-json\/wp\/v2\/posts\/466777\/revisions"}],"wp:featuredmedia":[{"embeddable":true,"href":"https:\/\/www.europesays.com\/fr\/wp-json\/wp\/v2\/media\/466778"}],"wp:attachment":[{"href":"https:\/\/www.europesays.com\/fr\/wp-json\/wp\/v2\/media?parent=466777"}],"wp:term":[{"taxonomy":"category","embeddable":true,"href":"https:\/\/www.europesays.com\/fr\/wp-json\/wp\/v2\/categories?post=466777"},{"taxonomy":"post_tag","embeddable":true,"href":"https:\/\/www.europesays.com\/fr\/wp-json\/wp\/v2\/tags?post=466777"}],"curies":[{"name":"wp","href":"https:\/\/api.w.org\/{rel}","templated":true}]}}