{"id":466781,"date":"2025-10-16T06:45:13","date_gmt":"2025-10-16T06:45:13","guid":{"rendered":"https:\/\/www.europesays.com\/fr\/466781\/"},"modified":"2025-10-16T06:45:13","modified_gmt":"2025-10-16T06:45:13","slug":"vacances-de-la-toussaint-les-routes-dile-de-france-classees-en-orange-seront-chargees-des-vendredi","status":"publish","type":"post","link":"https:\/\/www.europesays.com\/fr\/466781\/","title":{"rendered":"Vacances de la Toussaint\u00a0: les routes d\u2019\u00cele-de-France, class\u00e9es en orange, seront charg\u00e9es d\u00e8s vendredi"},"content":{"rendered":"<p class=\"paragraph text_align_left lp-f-body-02\">Premier week-end des <a href=\"https:\/\/www.leparisien.fr\/societe\/changer-les-vacances-de-toussaint-en-vacances-dautomne-pas-a-lordre-du-jour-du-tout-selon-le-ministere-03-10-2025-LZY2AOQBMVDG7EDNB2HBKL6E6Q.php\" target=\"_blank\" rel=\"noreferrer noopener\">vacances de la Toussaint<\/a> oblige, les Franciliens vont massivement prendre la route ce vendredi 17 et samedi 18 octobre. Bison fut\u00e9 a d\u00e9gain\u00e9 ses pr\u00e9visions et le verdict est sans appel : l\u2019\u00cele-de-France passe en orange ces deux jours dans le sens des d\u00e9parts.<\/p>\n<p class=\"paragraph text_align_left lp-f-body-02\">Selon les pr\u00e9visions nationales de circulation publi\u00e9es ce jeudi, les difficult\u00e9s se concentreront principalement sur les autoroutes A6 et A10, axes n\u00e9vralgiques des d\u00e9parts vers le sud et l\u2019ouest. \u00ab Les premiers d\u00e9parts viendront s\u2019ajouter \u00e0 ceux occasionn\u00e9s par les d\u00e9placements g\u00e9n\u00e9r\u00e9s par l\u2019activit\u00e9 \u00e9conomique du vendredi apr\u00e8s-midi \u00bb, pr\u00e9vient le minist\u00e8re des Transports.<\/p>\n<p>Vendredi, partir t\u00f4t ou tard<\/p>\n<p class=\"paragraph text_align_left lp-f-body-02\">D\u00e8s vendredi 17 octobre, la circulation sera dense sur l\u2019A6 et l\u2019A10 \u00e0 partir du milieu de l\u2019apr\u00e8s-midi. Pour \u00e9viter les embouteillages, Bison fut\u00e9 recommande de quitter ou traverser l\u2019\u00cele-de-France avant 14 heures ou apr\u00e8s 21 heures.<\/p>\n<p class=\"paragraph text_align_left lp-f-body-02\">Les automobilistes qui n\u2019auront pas le choix devront s\u2019armer de patience, notamment \u00e0 hauteur de Fleury-en-Bi\u00e8re sur l\u2019A6 et Saint-Arnoult-en-Yvelines sur l\u2019A10, o\u00f9 la circulation basculera de dense \u00e0 satur\u00e9e entre 18 heures et 20 heures pour la premi\u00e8re, et entre 14 heures et 21 heures pour la seconde.<\/p>\n<p>Samedi, fen\u00eatre de tir r\u00e9duite<\/p>\n<p class=\"paragraph text_align_left lp-f-body-02\">Le samedi 18 octobre s\u2019annonce plus cl\u00e9ment, mais pas exempt de difficult\u00e9s. Une circulation plus dense qu\u2019\u00e0 l\u2019accoutum\u00e9e est attendue en direction des barri\u00e8res de p\u00e9age des autoroutes A6 et A10 d\u00e8s le milieu de matin\u00e9e. Les pr\u00e9visions indiquent des difficult\u00e9s entre le milieu de matin\u00e9e et le d\u00e9but d\u2019apr\u00e8s-midi. Pour s\u2019\u00e9pargner les bouchons, mieux vaut partir avant 8 heures ou patienter jusqu\u2019\u00e0 16 heures.<\/p>\n<p class=\"paragraph text_align_left lp-f-body-02\">Sur l\u2019A6 vers la M\u00e9diterran\u00e9e, la circulation sera dense de 9 heures \u00e0 13 heures \u00e0 hauteur de Fleury-en-Bi\u00e8re. L\u2019A10 en direction de l\u2019Espagne via Bordeaux conna\u00eetra le m\u00eame sort de 8 heures \u00e0 16 heures \u00e0 hauteur de Saint-Arnoult-en-Yvelines.<\/p>\n<p>Plus favorable que l\u2019an dernier<\/p>\n<p class=\"paragraph text_align_left lp-f-body-02\">Ce week-end marque \u00e9galement le d\u00e9but des cong\u00e9s scolaires pour la Belgique et les zones Nord et Centre des Pays-Bas, ce qui pourrait ajouter quelques v\u00e9hicules suppl\u00e9mentaires sur les routes franciliennes. Bison fut\u00e9 pr\u00e9cise toutefois que \u00ab les d\u00e9placements ne devraient pas g\u00e9n\u00e9rer de trop fortes g\u00eanes pour les usagers sur les grands axes du pays \u00bb.<\/p>\n<p class=\"paragraph text_align_left lp-f-body-02\">Ces pr\u00e9visions restent plus favorables que l\u2019an dernier. En octobre 2024, Bison fut\u00e9 avait class\u00e9 le vendredi des d\u00e9parts de Toussaint <a href=\"https:\/\/www.leparisien.fr\/societe\/vacances-de-la-toussaint-circulation-difficile-ce-jeudi-lile-de-france-en-rouge-dans-le-sens-des-retours-dimanche-31-10-2024-I7H3BCVNMJE5BGNWEORPYFDORE.php\" target=\"_blank\" rel=\"noreferrer noopener\">en rouge pour l\u2019\u00cele-de-France<\/a>, synonyme de circulation tr\u00e8s difficile. Cette ann\u00e9e, le code orange t\u00e9moigne d\u2019une situation plus g\u00e9rable, m\u00eame si la prudence reste de mise. Les conditions m\u00e9t\u00e9orologiques, si elles s\u2019av\u00e8rent d\u00e9favorables, pourraient \u00e9galement compliquer la situation, indique Bison fut\u00e9.<\/p>\n","protected":false},"excerpt":{"rendered":"Premier week-end des vacances de la Toussaint oblige, les Franciliens vont massivement prendre la route ce vendredi 17&hellip;\n","protected":false},"author":2,"featured_media":466782,"comment_status":"","ping_status":"","sticky":false,"template":"","format":"standard","meta":{"footnotes":""},"categories":[1592],"tags":[1111,11,1777,674,1011,27,662,1944,12,626,25,2382],"class_list":{"0":"post-466781","1":"post","2":"type-post","3":"status-publish","4":"format-standard","5":"has-post-thumbnail","7":"category-ile-de-france","8":"tag-actu","9":"tag-actualites","10":"tag-eu","11":"tag-europe","12":"tag-fr","13":"tag-france","14":"tag-ile-de-france","15":"tag-ma-ville","16":"tag-news","17":"tag-paris","18":"tag-republique-francaise","19":"tag-transport-idf-oise"},"share_on_mastodon":{"url":"https:\/\/pubeurope.com\/@fr\/115382499629331250","error":""},"_links":{"self":[{"href":"https:\/\/www.europesays.com\/fr\/wp-json\/wp\/v2\/posts\/466781","targetHints":{"allow":["GET"]}}],"collection":[{"href":"https:\/\/www.europesays.com\/fr\/wp-json\/wp\/v2\/posts"}],"about":[{"href":"https:\/\/www.europesays.com\/fr\/wp-json\/wp\/v2\/types\/post"}],"author":[{"embeddable":true,"href":"https:\/\/www.europesays.com\/fr\/wp-json\/wp\/v2\/users\/2"}],"replies":[{"embeddable":true,"href":"https:\/\/www.europesays.com\/fr\/wp-json\/wp\/v2\/comments?post=466781"}],"version-history":[{"count":0,"href":"https:\/\/www.europesays.com\/fr\/wp-json\/wp\/v2\/posts\/466781\/revisions"}],"wp:featuredmedia":[{"embeddable":true,"href":"https:\/\/www.europesays.com\/fr\/wp-json\/wp\/v2\/media\/466782"}],"wp:attachment":[{"href":"https:\/\/www.europesays.com\/fr\/wp-json\/wp\/v2\/media?parent=466781"}],"wp:term":[{"taxonomy":"category","embeddable":true,"href":"https:\/\/www.europesays.com\/fr\/wp-json\/wp\/v2\/categories?post=466781"},{"taxonomy":"post_tag","embeddable":true,"href":"https:\/\/www.europesays.com\/fr\/wp-json\/wp\/v2\/tags?post=466781"}],"curies":[{"name":"wp","href":"https:\/\/api.w.org\/{rel}","templated":true}]}}