{"id":466808,"date":"2025-10-16T07:01:22","date_gmt":"2025-10-16T07:01:22","guid":{"rendered":"https:\/\/www.europesays.com\/fr\/466808\/"},"modified":"2025-10-16T07:01:22","modified_gmt":"2025-10-16T07:01:22","slug":"la-suspension-de-la-reforme-des-retraites-ressemble-a-un-cadeau-empoisonne-pour-le-parti-socialiste","status":"publish","type":"post","link":"https:\/\/www.europesays.com\/fr\/466808\/","title":{"rendered":"La suspension de la r\u00e9forme des retraites ressemble \u00e0 un cadeau empoisonn\u00e9 pour le Parti socialiste"},"content":{"rendered":"<p>        <img decoding=\"async\" loading=\"lazy\" src=\"https:\/\/www.europesays.com\/fr\/wp-content\/uploads\/2025\/10\/cea7c98_upload-1-qjbbewjaskgh-afp-20251014-hl-stenani-2918938-v1-highres-francepoliticsgovernmentpar.jpeg\"  width=\"728\" height=\"409\" alt=\"Olivier Faure lors du discours de politique g\u00e9n\u00e9rale de S\u00e9bastien Lecornu le 14\u00a0octobre.\"\/>  <\/p>\n<p>SERGE TENANI \/ Hans Lucas via AFP<\/p>\n<p>Olivier Faure lors du discours de politique g\u00e9n\u00e9rale de S\u00e9bastien Lecornu le 14\u00a0octobre.<\/p>\n<p class=\"asset asset-text\">POLITIQUE &#8211; Les socialistes exultent. Enfin une victoire. Ils en ont engrang\u00e9 si peu ces derniers temps. Lorsque le Premier ministre a annonc\u00e9 <a href=\"https:\/\/www.huffingtonpost.fr\/politique\/article\/ce-que-va-changer-la-suspension-de-la-reforme-des-retraites-et-ce-que-ca-va-couter_255986.html\" target=\"_blank\" rel=\"noopener\">\u00e0 la tribune de l\u2019Assembl\u00e9e nationale<\/a> \u00ab\u00a0suspendre la r\u00e9forme des retraites jusqu\u2019\u00e0 l\u2019\u00e9lection pr\u00e9sidentielle\u00a0\u00bb, bon nombre d\u2019entre eux ont d\u2019ailleurs applaudi. \u00ab\u00a0C\u2019est une immense victoire pour le mouvement social, la plus grande depuis le retrait du CPE en 2006\u00a0\u00bb, s\u2019est enthousiasm\u00e9 le d\u00e9put\u00e9 PS Philippe Brun quelques heures plus tard.<\/p>\n<p class=\"asset asset-text\">Conscient qu\u2019il s\u2019agissait de la seule mani\u00e8re d\u2019\u00e9viter la censure, S\u00e9bastien Lecornu a abattu cette carte redoutable et \u00e0 double tranchant lors de <a href=\"https:\/\/www.huffingtonpost.fr\/politique\/article\/sebastien-lecornu-propose-au-parlement-la-suspension-de-la-reforme-des-retraites_255982.html\" target=\"_blank\" rel=\"noopener\">sa d\u00e9claration de politique g\u00e9n\u00e9rale<\/a>. \u00ab\u00a0Je ressens ce que la derni\u00e8re r\u00e9forme a provoqu\u00e9\u00a0: des tensions, des inqui\u00e9tudes, de la lassitude\u00a0\u00bb, a-t-il justifi\u00e9, alors que le texte repoussant l\u2019\u00e2ge l\u00e9gal de d\u00e9part \u00e0 64\u00a0ans avait \u00e9t\u00e9 adopt\u00e9 au forceps en 2023.<\/p>\n<p class=\"asset asset-text\">V\u00e9ritable traumatisme pour le peuple de gauche, pour les syndicats et pour une part importante des travailleurs, qui avaient le sentiment, malgr\u00e9 <a href=\"https:\/\/www.huffingtonpost.fr\/politique\/video\/reforme-des-retraites-a-laval-on-se-surprend-a-etre-encore-tous-la_213787.html\" target=\"_blank\" rel=\"noopener\">les manifestations<\/a> et les gr\u00e8ves, de n\u2019avoir pas su se faire entendre, cette r\u00e9forme n\u2019a jamais quitt\u00e9 le d\u00e9bat public. Elle a irrigu\u00e9 <a href=\"https:\/\/www.huffingtonpost.fr\/politique\/article\/reforme-des-retraites-entre-le-rn-et-le-nfp-la-bataille-de-recits-recommence-a-l-assemblee-nationale_241204.html\" target=\"_blank\" rel=\"noopener\">le programme du Nouveau Front populaire<\/a>, qui proposait son \u00ab\u00a0abrogation imm\u00e9diate\u00a0\u00bb, et a m\u00eame \u00e9t\u00e9 au c\u0153ur d\u2019un \u00ab\u00a0serment solennel\u00a0\u00bb nou\u00e9 en juin\u00a02023\u00a0par l\u2019ensemble des forces de gauche, du Parti socialiste \u00e0 La France insoumise.<\/p>\n<p class=\"asset asset-text\">Emmanuel Macron en a tellement fait un totem, et un marqueur de son ADN de \u00ab\u00a0r\u00e9formateur\u00a0\u00bb, que ce recul est notable. \u00ab\u00a0C\u2019est une grande victoire. Bravo aux travailleurs qui se sont battus avec beaucoup de dignit\u00e9 en 2023. Il y avait besoin de r\u00e9parer la blessure d\u00e9mocratique de l\u2019adoption de cette r\u00e9forme\u00a0\u00bb, a applaudi la secr\u00e9taire g\u00e9n\u00e9rale de la CFDT Marylise L\u00e9on ce 15\u00a0octobre sur France Inter, pointant \u00ab\u00a0la bonne articulation entre le combat syndical et politique\u00a0\u00bb.<\/p>\n<p>                     Le PS entourloup\u00e9\u00a0?    <\/p>\n<p class=\"asset asset-text\">Mais cette apparente victoire, cens\u00e9e justifier \u00e0 elle seule la non-censure des socialistes, se r\u00e9v\u00e8le beaucoup plus pernicieuse. \u00c0 tel point que beaucoup se demandent aujourd\u2019hui si S\u00e9bastien Lecornu ne les a pas entourloup\u00e9s. D\u2019abord parce qu\u2019il n\u2019a r\u00e9v\u00e9l\u00e9 que tr\u00e8s tardivement la fa\u00e7on dont il comptait suspendre cette r\u00e9forme, donnant une impression d\u2019amateurisme au sein du PS. Ainsi Olivier Faure a-t-il assur\u00e9 sur BFMTV le 15\u00a0octobre au matin que la suspension passerait par l\u2019adoption d\u2019une loi sp\u00e9cifique au Parlement, avant d\u2019\u00eatre fermement contredit par le Premier ministre l\u2019apr\u00e8s-midi qui, lors des questions au gouvernement, a r\u00e9v\u00e9l\u00e9 que cela prendrait plut\u00f4t la forme d\u2019un amendement int\u00e9gr\u00e9 au budget de la S\u00e9curit\u00e9 sociale.<\/p>\n<p class=\"asset asset-text\">Une fa\u00e7on habile de coincer le PS, contraint de voter le budget de la S\u00e9curit\u00e9 sociale dans son enti\u00e8ret\u00e9 s\u2019il veut faire passer la suspension de la r\u00e9forme des retraites. Or, la copie pr\u00e9sent\u00e9e par le gouvernement contient des mesures qui, pour l\u2019essentiel, feraient fuir n\u2019importe quel \u00e9lecteur socialiste, \u00e0 commencer par le gel des pensions de retraite et des allocations sociales ou encore la baisse du remboursement de certains soins, notamment pour les personnes atteintes de maladies chroniques. \u00ab\u00a0Comment peut-on se faire rouler dans la farine comme cela\u00a0?\u00a0\u00bb, interroge le coordinateur de La France insoumise Manuel Bompard. \u00ab\u00a0D\u00e9put\u00e9s socialistes, il est encore temps de vous ressaisir et de censurer\u00a0!\u00a0\u00bb, insiste son coll\u00e8gue Paul Vannier. Au RN non plus, on n\u2019y croit pas. \u00ab\u00a0Je mets au d\u00e9fi les d\u00e9put\u00e9s socialistes d\u2019apporter aujourd\u2019hui la preuve concr\u00e8te qu\u2019ils ont les moyens d\u2019obtenir la suspension de la r\u00e9forme des retraites au-del\u00e0 que dans un slogan\u00a0\u00bb, leur a lanc\u00e9 le d\u00e9put\u00e9 Jean-Philippe Tanguy.<\/p>\n<p>    Voter le budget dans son enti\u00e8ret\u00e9    <\/p>\n<p class=\"asset asset-text\">Avant que la suspension de la r\u00e9forme des retraites ne devienne r\u00e9alit\u00e9, il faudra en tout \u00e9tat de cause en passer par un chemin sinueux. Dans l\u2019h\u00e9micycle, l\u2019amendement ne devra souffrir d\u2019aucune obstruction parlementaire pour avoir le temps d\u2019\u00eatre examin\u00e9 puis d\u2019\u00eatre vot\u00e9, il ne devra pas \u00eatre retir\u00e9 en commission mixte paritaire (CMP) \u00e0 majorit\u00e9 de droite et enfin il devra s\u2019inscrire dans un budget lui-m\u00eame vot\u00e9. Dans le cas contraire, et notamment si le gouvernement passe par ordonnances faute de pouvoir faire voter son budget, alors il reprendra sa copie initiale&#8230; qui ne contient pas la suspension de la r\u00e9forme des retraites.<\/p>\n<p class=\"asset asset-text\">Autre danger pour le PS\u00a0: que l\u2019abandon du 49.3\u00a0mis sur la table par S\u00e9bastien Lecornu soit tout sauf un cadeau. \u00ab\u00a0Avec le 49.3, les socialistes pouvaient encore se d\u00e9douaner de toute responsabilit\u00e9, n\u00e9gocier l\u2019inclusion de quelques amendements et retourner devant leurs \u00e9lecteurs avec des troph\u00e9es symboliques. Mais s\u2019ils doivent cette fois assumer le vote du budget Lecornu, ils entreront de facto dans le p\u00e9rim\u00e8tre de la majorit\u00e9\u00a0\u00bb, met en garde le constitutionnaliste Benjamin Morel dans <a href=\"https:\/\/www.lopinion.fr\/politique\/pourquoi-labandon-du-49-3-pourrait-contraindre-le-ps-a-voter-le-budget-lecornu\" target=\"_blank\" rel=\"noopener\" title=\"Nouvelle fen\u00eatre\">L\u2019Opinion<\/a>. Pour avoir un budget final qui leur convienne, et qui ne les oblige pas \u00e0 avaler trop de couleuvres, les socialistes vont surtout devoir \u00eatre pr\u00e9sents jour et nuit dans l\u2019h\u00e9micycle pour pousser leurs amendements.<\/p>\n<p>    \u00ab\u00a0Pas satisfaisant\u00a0\u00bb pour la CGT    <\/p>\n<p class=\"asset asset-text\">Cette perspective fait grincer des dents en interne. Outre le d\u00e9put\u00e9 PS de la Dr\u00f4me Paul Christophle, trois \u00e9lus ultramarins (Jiovanny William, Philippe Naillet et Elie Califer) ont fait savoir qu\u2019ils voteraient la censure. \u00ab\u00a0Il y a une victoire que nous avons obtenue, c\u2019est celle des retraites. Mais nous n\u2019en avons pas entendu assez sur la justice fiscale et le pouvoir d\u2019achat\u00a0\u00bb, a estim\u00e9 Paul Christophle sur BFMTV, comme pour rappeler \u00e0 son parti que le seul d\u00e9calage dans le temps de l\u2019application de la r\u00e9forme Borne ne doit pas suffire \u00e0 laisser S\u00e9bastien Lecornu en place. La col\u00e8re monte aussi chez les militants et cadres locaux. \u00ab\u00a0On s\u2019est fait pi\u00e9ger par les macronistes, une fois de plus. \u00c9vitez de prolonger la honte, votez la censure\u00a0\u00bb, enrage le secr\u00e9taire de la section PS de Charente Ars\u00e8ne Dehec.<\/p>\n<p class=\"asset asset-text\">D\u2019autant que la CGT ne salue pas particuli\u00e8rement la concession du Premier ministre. \u00ab\u00a0On ne suspend pas une injustice, on l\u2019abroge. Cette suspension est un d\u00e9calage qui va \u00eatre pay\u00e9 par le gel des pensions, donc les retrait\u00e9s actuels, et par le gel des prestations sociales. Ce n\u2019est pas satisfaisant\u00a0\u00bb, a tonn\u00e9 Fabienne Rouchy, membre du bureau conf\u00e9d\u00e9ral du syndicat.<\/p>\n<p class=\"asset asset-text\">Le pari des socialistes para\u00eet d\u2019autant plus hasardeux qu\u2019ils s\u2019isolent du reste de la gauche, et notamment de leurs partenaires \u00e9cologistes avec qui ils esp\u00e8rent b\u00e2tir une primaire pour 2027. Dans le m\u00eame temps, se rapprocher de la Macronie pourrait \u00eatre potentiellement d\u00e9vastateur, \u00e0 un moment o\u00f9 le chef de l\u2019\u00c9tat est particuli\u00e8rement impopulaire. Deux tiers des Fran\u00e7ais d\u00e9sapprouvent le maintien \u00e0 Matignon de S\u00e9bastien Lecornu, selon un sondage Odoxa-Backbone pour\u00a0Le Figaro paru ce mardi 15\u00a0octobre. Contre une promesse, toujours floue, sur les retraites, le parti d\u2019Olivier Faure a d\u00e9cid\u00e9 de le maintenir en poste.<\/p>\n","protected":false},"excerpt":{"rendered":"SERGE TENANI \/ Hans Lucas via AFP Olivier Faure lors du discours de politique g\u00e9n\u00e9rale de S\u00e9bastien Lecornu&hellip;\n","protected":false},"author":2,"featured_media":466809,"comment_status":"","ping_status":"","sticky":false,"template":"","format":"standard","meta":{"footnotes":""},"categories":[2],"tags":[11,416,1011,27,12,4484,316,11036,25,11067],"class_list":{"0":"post-466808","1":"post","2":"type-post","3":"status-publish","4":"format-standard","5":"has-post-thumbnail","7":"category-actualites","8":"tag-actualites","9":"tag-assemblee-nationale","10":"tag-fr","11":"tag-france","12":"tag-news","13":"tag-parti-socialiste-ps","14":"tag-politique","15":"tag-reforme-des-retraites","16":"tag-republique-francaise","17":"tag-sebastien-lecornu"},"share_on_mastodon":{"url":"https:\/\/pubeurope.com\/@fr\/115382562712981431","error":""},"_links":{"self":[{"href":"https:\/\/www.europesays.com\/fr\/wp-json\/wp\/v2\/posts\/466808","targetHints":{"allow":["GET"]}}],"collection":[{"href":"https:\/\/www.europesays.com\/fr\/wp-json\/wp\/v2\/posts"}],"about":[{"href":"https:\/\/www.europesays.com\/fr\/wp-json\/wp\/v2\/types\/post"}],"author":[{"embeddable":true,"href":"https:\/\/www.europesays.com\/fr\/wp-json\/wp\/v2\/users\/2"}],"replies":[{"embeddable":true,"href":"https:\/\/www.europesays.com\/fr\/wp-json\/wp\/v2\/comments?post=466808"}],"version-history":[{"count":0,"href":"https:\/\/www.europesays.com\/fr\/wp-json\/wp\/v2\/posts\/466808\/revisions"}],"wp:featuredmedia":[{"embeddable":true,"href":"https:\/\/www.europesays.com\/fr\/wp-json\/wp\/v2\/media\/466809"}],"wp:attachment":[{"href":"https:\/\/www.europesays.com\/fr\/wp-json\/wp\/v2\/media?parent=466808"}],"wp:term":[{"taxonomy":"category","embeddable":true,"href":"https:\/\/www.europesays.com\/fr\/wp-json\/wp\/v2\/categories?post=466808"},{"taxonomy":"post_tag","embeddable":true,"href":"https:\/\/www.europesays.com\/fr\/wp-json\/wp\/v2\/tags?post=466808"}],"curies":[{"name":"wp","href":"https:\/\/api.w.org\/{rel}","templated":true}]}}