{"id":466819,"date":"2025-10-16T07:09:08","date_gmt":"2025-10-16T07:09:08","guid":{"rendered":"https:\/\/www.europesays.com\/fr\/466819\/"},"modified":"2025-10-16T07:09:08","modified_gmt":"2025-10-16T07:09:08","slug":"f1-enjeux-favoris-programme-tv-tout-savoir-sur-le-grand-prix-des-etats-unis-a-austin-ouest-france","status":"publish","type":"post","link":"https:\/\/www.europesays.com\/fr\/466819\/","title":{"rendered":"F1. Enjeux, favoris, programme TV\u2026 Tout savoir sur le Grand Prix des \u00c9tats-Unis \u00e0 Austin &#8211; Ouest-France"},"content":{"rendered":"<ol>\n<li><a href=\"https:\/\/news.google.com\/rss\/articles\/CBMi-AFBVV95cUxOUU1pZFZ6LU9BbTdZQzFTaExEZ3h1ellTcXFwSzBpYmhWX29wckR1NFBUX3JIejVaZ1hmRDE1b09tZkcwOFZ1Rmh6TUtUdWNxRlVLUWZ3SEwzUllrSkFEb2hVN2U2VXBsdU0yVE1JUFhndWY3Z3V5SEZuZFhZVFEwVF9tdzFwVVdDbDdPWVpPWWM1OUlvNkVNVjgxRDFQblpUaUhiNjFDbGNsRHpYeW1vTk9DT2tsclA5dkdwQVhDdktQYXQxbDVrZllUWUlFNWhMMnJCX01zYVFsd2htMzhQZ25qQTZWZVdVLUk2QUhGV2Ziay0takM5Vg?oc=5\" target=\"_blank\" rel=\"nofollow noopener\">F1. Enjeux, favoris, programme TV\u2026 Tout savoir sur le Grand Prix des \u00c9tats-Unis \u00e0 Austin<\/a>&nbsp;&nbsp;Ouest-France<\/li>\n<li><a href=\"https:\/\/news.google.com\/rss\/articles\/CBMimAFBVV95cUxPZE5CSThPLVUtbGNBcF9YWk1PbkhZTnBSSEd4SHJtaTRncGZSY1FOY2FuYmxyVGc5VGlHZW5jMmhPQ2xEV1ZsQ1FWV25TTXp2N1ZJQ3VqWU1LRWdiQ3lib1VFakgtQk0wRktFNElZcmw1MjBaa2JfR3lGcE9XZ1VyZURHNHg1Sjk2NGlIZlVTa0poRVZPWVFRNQ?oc=5\" target=\"_blank\" rel=\"nofollow noopener\">Le programme du GP des \u00c9tats-Unis F1 2025 : dates, horaires et infos<\/a>&nbsp;&nbsp;Motorsport.com<\/li>\n<li><a href=\"https:\/\/news.google.com\/rss\/articles\/CBMi0AFBVV95cUxPYXU1aVFMRlhwdmVQQ2JhNTBSdHBuZ2RZeUpSSzhjbkdIWXdveFpNek03U0RvcDJORnJoSEU2MURhSHlTMHlsaVNFd0JleDBDWTU0UnotMlZqM1FhM0U3c2FHWFJvUGNEMmlnay1KVnc0VGtXWnNUR1loS3UxckJhN1haZy11VTRRQXZIc09lUnp1dS1lcExPMk1wQ25FOFJiT3oyUFoxbDNBQkdaTU03R0ptN1FGNU9hZVlHTDZ2Ml9yYWFJM2w2clZDLWQwVUQ3?oc=5\" target=\"_blank\" rel=\"nofollow noopener\">Un Grand Prix des \u00c9tats-Unis sous haute incertitude : pneus in\u00e9dits et pr\u00e9paration express<\/a>&nbsp;&nbsp;f1i.autojournal.fr<\/li>\n<li><a href=\"https:\/\/news.google.com\/rss\/articles\/CBMiwwFBVV95cUxOQ3l0MzgtWmMxRXBSbFBqQ1NYZUZxUUUyU1RrejFkZDdFVkJfUEt0SHJtZml4ci1jMjZld2JreVJxT3c0WlBGMFZvX1htQlJseUNIVEt6cVJWa2x3RUVDX1ZwVVVFa0Z3SVU3Q3lRM0RFYmhUNVlRRTVsWGR5eWpOSGctSkZVN0dIUnRiWGM1aVZDc3ZUWkJNUTVxYllEVjRJTlRrUlpUNkpRVkQxZnZzR2FpZE1XVU04NHd0a0cyZWFBWEU?oc=5\" target=\"_blank\" rel=\"nofollow noopener\">Trois Grand Prix aux \u00c9tats-Unis, comment la Formule 1 tente de s\u00e9duire le public am\u00e9ricain<\/a>&nbsp;&nbsp;Sud Ouest<\/li>\n<li><a href=\"https:\/\/news.google.com\/rss\/articles\/CBMixgFBVV95cUxOclFVeGVRT2ttVXdERjA2WlhDSzU1eTdwRWVpMDRsRWFLYjFJS2pUWW1rVXVZdXNXelZTTkZVdy1HZkhic3RZQVh0aEE3eWlvOW1YXzJaazk0d3h6cC14U0c0M2tvaDZ1VGo1dUllSGFDUUNsTkY3dl9INzdPd2M0S1k4U0RPTGlFeGphSktJdS1xNDJzdlFyWXdMMW1FWEs3eGlZTGFkWUdidVNmM2h0SE56enZ4YXRKdTM1aDZnRTY4ZXpOdGc?oc=5\" target=\"_blank\" rel=\"nofollow noopener\">Grand Prix F1 des \u00c9tats-Unis 2025 : programme TV complet et horaires<\/a>&nbsp;&nbsp;Les Num\u00e9riques<\/li>\n<\/ol>\n","protected":false},"excerpt":{"rendered":"F1. Enjeux, favoris, programme TV\u2026 Tout savoir sur le Grand Prix des \u00c9tats-Unis \u00e0 Austin&nbsp;&nbsp;Ouest-France Le programme du&hellip;\n","protected":false},"author":2,"featured_media":395849,"comment_status":"","ping_status":"","sticky":false,"template":"","format":"standard","meta":{"footnotes":""},"categories":[1412],"tags":[1451,1452,1453,1454,1455,1011,27,60],"class_list":{"0":"post-466819","1":"post","2":"type-post","3":"status-publish","4":"format-standard","5":"has-post-thumbnail","7":"category-f1","8":"tag-f1","9":"tag-formula-1","10":"tag-formula1","11":"tag-formule-1","12":"tag-formule1","13":"tag-fr","14":"tag-france","15":"tag-sports"},"share_on_mastodon":{"url":"https:\/\/pubeurope.com\/@fr\/115382594053354197","error":""},"_links":{"self":[{"href":"https:\/\/www.europesays.com\/fr\/wp-json\/wp\/v2\/posts\/466819","targetHints":{"allow":["GET"]}}],"collection":[{"href":"https:\/\/www.europesays.com\/fr\/wp-json\/wp\/v2\/posts"}],"about":[{"href":"https:\/\/www.europesays.com\/fr\/wp-json\/wp\/v2\/types\/post"}],"author":[{"embeddable":true,"href":"https:\/\/www.europesays.com\/fr\/wp-json\/wp\/v2\/users\/2"}],"replies":[{"embeddable":true,"href":"https:\/\/www.europesays.com\/fr\/wp-json\/wp\/v2\/comments?post=466819"}],"version-history":[{"count":0,"href":"https:\/\/www.europesays.com\/fr\/wp-json\/wp\/v2\/posts\/466819\/revisions"}],"wp:featuredmedia":[{"embeddable":true,"href":"https:\/\/www.europesays.com\/fr\/wp-json\/wp\/v2\/media\/395849"}],"wp:attachment":[{"href":"https:\/\/www.europesays.com\/fr\/wp-json\/wp\/v2\/media?parent=466819"}],"wp:term":[{"taxonomy":"category","embeddable":true,"href":"https:\/\/www.europesays.com\/fr\/wp-json\/wp\/v2\/categories?post=466819"},{"taxonomy":"post_tag","embeddable":true,"href":"https:\/\/www.europesays.com\/fr\/wp-json\/wp\/v2\/tags?post=466819"}],"curies":[{"name":"wp","href":"https:\/\/api.w.org\/{rel}","templated":true}]}}