{"id":466820,"date":"2025-10-16T07:10:22","date_gmt":"2025-10-16T07:10:22","guid":{"rendered":"https:\/\/www.europesays.com\/fr\/466820\/"},"modified":"2025-10-16T07:10:22","modified_gmt":"2025-10-16T07:10:22","slug":"record-de-quintana-plus-de-100-victoires-une-dizaine-de-noms-les-chiffres-fous-des-20-ans-de-lequipe-arkea-bb-hotels","status":"publish","type":"post","link":"https:\/\/www.europesays.com\/fr\/466820\/","title":{"rendered":"Record de Quintana, plus de 100 victoires, une dizaine de noms : les chiffres fous des 20 ans de l\u2019\u00e9quipe Ark\u00e9a-B&#038;B Hotels"},"content":{"rendered":"<p>En 20 ans de vie, l\u2019\u00e9quipe bretonne d\u2019Ark\u00e9a-B&amp;B Hotels a largement fait sa place dans le paysage cycliste fran\u00e7ais. Alors que la formation dirig\u00e9e par Emmanuel Hubert est amen\u00e9e \u00e0 dispara\u00eetre, retour ces deux d\u00e9cennies en chiffres.<\/p>\n<p>1<\/p>\n<p>En 2023, le sprinteur italien de la formation Ark\u00e9a-B&amp;B Hotels termine deuxi\u00e8me du Tour des Flandres. Il s\u2019agit, aujourd\u2019hui, du seul et unique podium d\u2019un coureur de l\u2019\u00e9quipe bretonne sur un des cinq Monuments de la saison.<\/p>\n<p>5<\/p>\n<p>Cinq coureurs de l\u2019\u00e9quipe ont \u00e9t\u00e9 sacr\u00e9s champions de France \u00e9lites. Le plus r\u00e9cent, <a href=\"https:\/\/www.letelegramme.fr\/sports\/cyclisme\/kevin-vauquelin-cest-un-moteur-de-fou-estime-thomas-voeckler-le-selectionneur-de-lequipe-de-france-6860608.php\" target=\"_blank\" rel=\"noopener\">K\u00e9vin Vauquelin,<\/a> avait remport\u00e9 les championnats de France du contre-la-montre chez les espoirs, en 2021. En 2019, Ark\u00e9a-B&amp;B Hotels, connue alors sous le nom Ark\u00e9a-Samsic, avait m\u00eame \u00e9t\u00e9 sacr\u00e9e sur le contre-la-montre espoirs, avec Thibault Guernalec, et sur la course en ligne, avec le succ\u00e8s retentissant de Warren Barguil. Steven Tronet, sous l\u2019\u00e9gide de Bretagne-S\u00e9ch\u00e9 Environnement, avait \u00e9t\u00e9 sacr\u00e9 champion de France sur route en 2015, comme Dimitri Champion (Bretagne-Sch\u00fcller) avant lui.<\/p>\n<p><img decoding=\"async\" src=\"https:\/\/www.europesays.com\/fr\/wp-content\/uploads\/2025\/10\/68efb849726bf7565e0170a5.1.jpeg\" width=\"480\" height=\"300\" class=\"web_golden_m\" loading=\"lazy\" alt=\"Nairo Quintana a \u00e9volu\u00e9 chez Ark\u00e9a-Samsic entre\u00a02020 et\u00a02022.\"\/>Nairo Quintana a \u00e9volu\u00e9 chez Ark\u00e9a-Samsic entre\u00a02020 et\u00a02022. (Photo Nicolas Cr\u00e9ach)9<\/p>\n<p>L\u2019\u00e9quipe d\u2019Ark\u00e9a-B&amp;B Hotels a port\u00e9 neuf noms en 20 ans. Si elle \u00e9tait port\u00e9e par <a href=\"https:\/\/www.letelegramme.fr\/sports\/cyclisme\/cest-definitivement-termine-pour-nous-pourquoi-credit-mutuel-arkea-se-retire-du-cyclisme-professionnel-6882432.php\" target=\"_blank\" rel=\"noopener\">Cr\u00e9dit Mutuel Ark\u00e9a<\/a> depuis 2013, elle a aussi longtemps \u00e9t\u00e9 financ\u00e9e par la r\u00e9gion Bretagne, entre 2005 et 2013.<\/p>\n<p>11<\/p>\n<p>Membre de l\u2019\u00e9quipe Ark\u00e9a-B&amp;B Hotels entre 2020 et 2022, Nairo Quintana est le coureur qui a cumul\u00e9 le plus de victoires sous le maillot de la formation bretonne, avec onze succ\u00e8s. K\u00e9vin Vauquelin, avec dix victoires, est deuxi\u00e8me.<\/p>\n<p>12<\/p>\n<p>Avec douze saisons dans les jambes entre 2014 et 2025, Anthony Delaplace est le coureur qui affiche la plus grande long\u00e9vit\u00e9 sous le maillot d\u2019Ark\u00e9a-B&amp;B Hotels. Le Normand de 36 ans, tout frais retrait\u00e9 du cyclisme professionnel, devance Florian Vachon (11 saisons entre 2010 et 2020), K\u00e9vin Ledanois (10 saisons entre 2014 et 2024) et Laurent Pichon (10 saisons entre 2010 et 2023).<\/p>\n<p>21<\/p>\n<p>La formation Bretagne-Jean Floc\u2019h, devenue Ark\u00e9a-B&amp;B Hotels, a r\u00e9alis\u00e9 21 saisons sur le circuit professionnel.<\/p>\n<p>31<\/p>\n<p>En 20 ans, l\u2019\u00e9quipe Ark\u00e9a-B &amp; B Hotels a fait signer 31 premiers contrats professionnels \u00e0 des coureurs et coureuses cyclistes. De Guillaume Le Floch et Cyril Gautier (2007) \u00e0 Victor Guernalec, Swann Gloux et Paul Thierry, en 2025.<\/p>\n<p><img decoding=\"async\" src=\"https:\/\/www.europesays.com\/fr\/wp-content\/uploads\/2025\/10\/68efb8494d226d209b03f2a5.1.jpeg\" width=\"480\" height=\"300\" class=\"web_golden_m\" loading=\"lazy\" alt=\"De gauche \u00e0 droite, Guillaume Le Floc\u2019h, Ronan Pensec et Cyril Gautier.\"\/>De gauche \u00e0 droite, Guillaume Le Floc\u2019h, Ronan Pensec et Cyril Gautier. (Photo d\u2019archives Patrick Tellier)108<\/p>\n<p>Comme le nombre de victoires des membres de l\u2019\u00e9quipe chez les professionnels. Dans le d\u00e9tail, cela donne 90 succ\u00e8s pour l\u2019\u00e9quipe premi\u00e8re, 15 pour les f\u00e9minines et trois pour la Conti. Dont une victoire en Grand Tour (<a href=\"https:\/\/www.letelegramme.fr\/sports\/cyclisme\/kevin-vauquelin-la-consecration-dun-prodige-sur-le-tour-de-france-2024-6616344.php\" target=\"_blank\" rel=\"noopener\">Vauquelin en 2024<\/a>) et deux victoires en World Tour (sur Tirreno-Adriatico en 2022 et Paris-Nice en 2020)<\/p>\n<p>189<\/p>\n<p>Au total, 189 coureurs ont port\u00e9 les couleurs d\u2019Ark\u00e9a-B&amp;B Hotels depuis 2005, dont 135 dans l\u2019\u00e9quipe premi\u00e8re, 33 chez les filles et 21 pour la Conti.<\/p>\n","protected":false},"excerpt":{"rendered":"En 20 ans de vie, l\u2019\u00e9quipe bretonne d\u2019Ark\u00e9a-B&amp;B Hotels a largement fait sa place dans le paysage cycliste&hellip;\n","protected":false},"author":2,"featured_media":466821,"comment_status":"","ping_status":"","sticky":false,"template":"","format":"standard","meta":{"footnotes":""},"categories":[1411],"tags":[34378,1154,207,1011,27,2427,60],"class_list":{"0":"post-466820","1":"post","2":"type-post","3":"status-publish","4":"format-standard","5":"has-post-thumbnail","7":"category-cyclisme","8":"tag-arkea-bb-hotels","9":"tag-cycling","10":"tag-cyclisme","11":"tag-fr","12":"tag-france","13":"tag-professionnels","14":"tag-sports"},"share_on_mastodon":{"url":"https:\/\/pubeurope.com\/@fr\/115382598577564830","error":""},"_links":{"self":[{"href":"https:\/\/www.europesays.com\/fr\/wp-json\/wp\/v2\/posts\/466820","targetHints":{"allow":["GET"]}}],"collection":[{"href":"https:\/\/www.europesays.com\/fr\/wp-json\/wp\/v2\/posts"}],"about":[{"href":"https:\/\/www.europesays.com\/fr\/wp-json\/wp\/v2\/types\/post"}],"author":[{"embeddable":true,"href":"https:\/\/www.europesays.com\/fr\/wp-json\/wp\/v2\/users\/2"}],"replies":[{"embeddable":true,"href":"https:\/\/www.europesays.com\/fr\/wp-json\/wp\/v2\/comments?post=466820"}],"version-history":[{"count":0,"href":"https:\/\/www.europesays.com\/fr\/wp-json\/wp\/v2\/posts\/466820\/revisions"}],"wp:featuredmedia":[{"embeddable":true,"href":"https:\/\/www.europesays.com\/fr\/wp-json\/wp\/v2\/media\/466821"}],"wp:attachment":[{"href":"https:\/\/www.europesays.com\/fr\/wp-json\/wp\/v2\/media?parent=466820"}],"wp:term":[{"taxonomy":"category","embeddable":true,"href":"https:\/\/www.europesays.com\/fr\/wp-json\/wp\/v2\/categories?post=466820"},{"taxonomy":"post_tag","embeddable":true,"href":"https:\/\/www.europesays.com\/fr\/wp-json\/wp\/v2\/tags?post=466820"}],"curies":[{"name":"wp","href":"https:\/\/api.w.org\/{rel}","templated":true}]}}