{"id":466827,"date":"2025-10-16T07:14:19","date_gmt":"2025-10-16T07:14:19","guid":{"rendered":"https:\/\/www.europesays.com\/fr\/466827\/"},"modified":"2025-10-16T07:14:19","modified_gmt":"2025-10-16T07:14:19","slug":"le-livre-de-so-foot-consacre-a-michel-platini-en-librairie-le-5-novembre","status":"publish","type":"post","link":"https:\/\/www.europesays.com\/fr\/466827\/","title":{"rendered":"Le livre de SO FOOT consacr\u00e9 \u00e0 Michel Platini &#8211; En librairie le 5 novembre."},"content":{"rendered":"<p><strong>Pr\u00e9face.<\/strong> Par Alain Giresse. La classe.<\/p>\n<p><strong>Hall of Fame.<\/strong> Michel les adore, ils adorent Platini.<\/p>\n<p><strong>Hall of Shame.<\/strong> Michel les aime moins, ils aiment moins Platini.<\/p>\n<p><strong>Ils ont dit.<\/strong> Tout le monde a quelque chose (de sympa) \u00e0 dire sur <a target=\"_blank\" href=\"https:\/\/www.sofoot.com\/articles\/so-foot-sort-un-beau-livre-de-192-pages-consacre-a-michel-platini\" rel=\"noopener\">Michel Platini<\/a>.<\/p>\n<p><strong>La courbe de vie.<\/strong> Les moments forts qui ont jalonn\u00e9 sa carri\u00e8re et sa vie.<\/p>\n<p><strong>J\u0153uf.<\/strong> L\u00e0 o\u00f9 tout a commenc\u00e9, pas tr\u00e8s loin de Metz.<\/p>\n<p><strong>Le look de Michel.<\/strong> Platini, c\u2019est aussi une d\u00e9gaine bien l\u00e9ch\u00e9e.<\/p>\n<p><strong>Entretien.<\/strong> Michel Platini parle de son idole\u00a0: Johan Cruyff.<\/p>\n<p><strong>Le jour o\u00f9\u2026<\/strong> le plus beau but de sa vie a \u00e9t\u00e9 refus\u00e9.<\/p>\n<p>+ Jeu soussign\u00e9 Michel<\/p>\n<p><strong>Entretien.<\/strong> Michel parle de sa passion pour le jeu et de sa fa\u00e7on de le jouer.<\/p>\n<p>+ L\u2019art du coup franc<\/p>\n<p><strong>L\u2019instant P.<\/strong> Le moment o\u00f9 l\u2019univers a compris que les coups francs avaient un nouveau ma\u00eetre.<\/p>\n<p><strong>Le jour o\u00f9\u2026<\/strong> Platini a mis deux coups francs \u00e0 Dino Zoff.<\/p>\n<p><strong>Entretien.<\/strong> Pourquoi \u00e9tait-il si fort sur coup franc\u00a0? Platini r\u00e9pond lui-m\u00eame.<\/p>\n<p><strong>Et si\u2026<\/strong> Platini avait \u00e9t\u00e9 nul sur coup franc\u00a0?<\/p>\n<p>+ Le Grand Bleu<\/p>\n<p><strong>Bleu roi.<\/strong> Ce que Michel Platini doit \u00e0 l\u2019\u00e9quipe de France. Et inversement.<\/p>\n<p><strong>Le jour o\u00f9\u2026<\/strong> Platoche a jou\u00e9 pour le Kowe\u00eft.<\/p>\n<p><strong>Ses pires matchs en Bleu.<\/strong> Il y en a tr\u00e8s peu, \u00e9videmment.<\/p>\n<p><strong>L\u2019armistice.<\/strong> En 2018, So Foot r\u00e9unissait Michel Platini et Karl-Heinz Rummenigge pour faire la paix.<\/p>\n<p><strong>Le carr\u00e9 magique.<\/strong> L\u2019av\u00e8nement de Platini en Bleu est indissociable d\u2019une des plus belles inventions tactiques du XXe si\u00e8cle en \u00e9quipe de France.<\/p>\n<p><strong>Les nouveaux Platini.<\/strong> Avant les nouveaux Zidane, il y a eu Passi, Ferreri, P\u00e9rez, Vercruysse et compagnie. Leur t\u00e2che : essayer de remplacer Platini. R\u00e9sultat : pas facile facile.<\/p>\n<p>+ Euro 1984 : la le\u00e7on<\/p>\n<p><strong>La bo\u00eete de neuf.<\/strong> Lors de l\u2019Euro 1984, Platini marque 9\u00a0fois, de toutes les fa\u00e7ons possibles.<\/p>\n<p><strong>Le m\u00e2t bleu.<\/strong> Analyse tactique du chef-d\u2019\u0153uvre d\u2019une vie du num\u00e9ro\u00a010 fran\u00e7ais.<\/p>\n<p><strong>Entretien.<\/strong> Platini raconte son Euro, jusqu\u2019au but en finale et ce ballon qui passe sous le bras d\u2019Arconada.<\/p>\n<p>+ Les clubs de sa vie<\/p>\n<p><strong>Nancy.<\/strong> Les premi\u00e8res \u00e9motions, les premi\u00e8res victoires, les premi\u00e8res ambitions.<\/p>\n<p><strong>Le jour o\u00f9\u2026<\/strong> Platini a failli signer au PSG.<\/p>\n<p><strong>Saint-\u00c9tienne.<\/strong> Les ann\u00e9es st\u00e9phanoises de Platoche auraient pu, ou d\u00fb, se passer encore mieux que \u00e7a.<\/p>\n<p><strong>Juventus.<\/strong> C\u2019est \u00e0 Turin, sous le maillot noir et blanc, que Platini \u00e9crira les plus grandes pages de sa l\u00e9gende en club.<\/p>\n<p><strong>Le Heysel.<\/strong> L\u2019histoire d\u2019une victoire, d\u2019un but et d\u2019une c\u00e9l\u00e9bration pol\u00e9mique, un soir de drame.<\/p>\n<p><strong>L\u2019incroyable jubil\u00e9 de Platini.<\/strong> O\u00f9 il est question de Maradona et d\u2019un maillot \u00ab\u00a0No Drug\u00a0\u00bb.<\/p>\n<p>+ Et apr\u00e8s ?<\/p>\n<p><strong>Le s\u00e9lectionneur.<\/strong> Un grand joueur fait-il un grand s\u00e9lectionneur\u00a0? Pas forc\u00e9ment, non.<\/p>\n<p><strong>La chute en 11\u00a0\u00e9tapes.<\/strong> Dans son ascension vers les sommets de la gouvernance du foot, Platini s\u2019est pris les pieds dans quelques obstacles.<\/p>\n<p><strong>Le commentateur.<\/strong> On dit que Platini voyait les buts avant qu\u2019ils arrivent. Vrai ou faux\u00a0?<\/p>\n<p><strong>Le copr\u00e9sident.<\/strong> Platini est pour quelque chose dans la victoire de la France lors du Mondial 1998. Notamment parce que c\u2019\u00e9tait un peu le sien.<\/p>\n<p><strong>Le pr\u00e9sident.<\/strong> Quel h\u00e9ritage a laiss\u00e9 Platini en tant que pr\u00e9sident de l\u2019UEFA au football\u00a0?<\/p>\n<p>+ Culture Platini<\/p>\n<p><strong>L\u2019en-chanteur.<\/strong> Michel Platini a inspir\u00e9 de nombreux artistes. Surtout dans la musique.<\/p>\n<p><strong>La rencontre avec Marguerite Duras.<\/strong> De l\u2019avis de Michel lui-m\u00eame, cet entretien crois\u00e9 donn\u00e9 \u00e0 Lib\u00e9ration l\u2019a marqu\u00e9 plus que les autres.<\/p>\n<p>+ Le livre sort le <strong>5 novembre 2025,<\/strong> mais il est d\u00e9j\u00e0 possible de le <strong>pr\u00e9commander<\/strong> :<\/p>\n<p><a target=\"_blank\" href=\"https:\/\/urlr.me\/nS4gZe\" rel=\"noopener\"><img decoding=\"async\" loading=\"lazy\" class=\"\" src=\"https:\/\/www.europesays.com\/fr\/wp-content\/uploads\/2025\/10\/1760598857_247_grande.jpg\" alt=\"\" width=\"2103\" height=\"2560\"\/><\/a><\/p>\n<p><a target=\"_blank\" href=\"https:\/\/tidd.ly\/3IXf1lB\" rel=\"noopener\"><img decoding=\"async\" loading=\"lazy\" class=\"\" src=\"https:\/\/www.europesays.com\/fr\/wp-content\/uploads\/2025\/10\/1760598859_257_grande.jpg\" alt=\"\" width=\"1093\" height=\"1500\"\/><\/a><\/p>\n<p>\u00a0<\/p>\n<p>\u00a0<\/p>\n<p>\t\t\t\t\t\t\t\t\t\t<a class=\"lien-connexe\" href=\"https:\/\/www.sofoot.com\/articles\/yamal-raphinha-lewandowski-ferran-blesses-qui-pour-jouer-dans-lattaque-du-fc-barcelone\" target=\"_blank\" rel=\"noopener\">Qui pour jouer dans l\u2019attaque du FC Barcelone\u00a0?<\/a>\t\t\t\t\t<\/p>\n","protected":false},"excerpt":{"rendered":"Pr\u00e9face. Par Alain Giresse. La classe. Hall of Fame. Michel les adore, ils adorent Platini. Hall of Shame.&hellip;\n","protected":false},"author":2,"featured_media":466828,"comment_status":"","ping_status":"","sticky":false,"template":"","format":"standard","meta":{"footnotes":""},"categories":[1357],"tags":[47,61,1379,69,65,58,59,64,63,1011,27,68,66,1380,62,70,67],"class_list":{"0":"post-466827","1":"post","2":"type-post","3":"status-publish","4":"format-standard","5":"has-post-thumbnail","7":"category-livres","8":"tag-actualite","9":"tag-actus-football","10":"tag-books","11":"tag-bundesliga","12":"tag-championnats-europeens","13":"tag-divertissement","14":"tag-entertainment","15":"tag-equipe-de-france","16":"tag-football","17":"tag-fr","18":"tag-france","19":"tag-ligua","20":"tag-ligue-1","21":"tag-livres","22":"tag-news-foot","23":"tag-premier-league","24":"tag-serie-a"},"share_on_mastodon":{"url":"https:\/\/pubeurope.com\/@fr\/115382613865377660","error":""},"_links":{"self":[{"href":"https:\/\/www.europesays.com\/fr\/wp-json\/wp\/v2\/posts\/466827","targetHints":{"allow":["GET"]}}],"collection":[{"href":"https:\/\/www.europesays.com\/fr\/wp-json\/wp\/v2\/posts"}],"about":[{"href":"https:\/\/www.europesays.com\/fr\/wp-json\/wp\/v2\/types\/post"}],"author":[{"embeddable":true,"href":"https:\/\/www.europesays.com\/fr\/wp-json\/wp\/v2\/users\/2"}],"replies":[{"embeddable":true,"href":"https:\/\/www.europesays.com\/fr\/wp-json\/wp\/v2\/comments?post=466827"}],"version-history":[{"count":0,"href":"https:\/\/www.europesays.com\/fr\/wp-json\/wp\/v2\/posts\/466827\/revisions"}],"wp:featuredmedia":[{"embeddable":true,"href":"https:\/\/www.europesays.com\/fr\/wp-json\/wp\/v2\/media\/466828"}],"wp:attachment":[{"href":"https:\/\/www.europesays.com\/fr\/wp-json\/wp\/v2\/media?parent=466827"}],"wp:term":[{"taxonomy":"category","embeddable":true,"href":"https:\/\/www.europesays.com\/fr\/wp-json\/wp\/v2\/categories?post=466827"},{"taxonomy":"post_tag","embeddable":true,"href":"https:\/\/www.europesays.com\/fr\/wp-json\/wp\/v2\/tags?post=466827"}],"curies":[{"name":"wp","href":"https:\/\/api.w.org\/{rel}","templated":true}]}}