{"id":466829,"date":"2025-10-16T07:15:12","date_gmt":"2025-10-16T07:15:12","guid":{"rendered":"https:\/\/www.europesays.com\/fr\/466829\/"},"modified":"2025-10-16T07:15:12","modified_gmt":"2025-10-16T07:15:12","slug":"tensions-sur-le-plateau-de-bonjour-sur-tf1-ce-matin-quand-bruce-toussaint-lance-a-manuel-bompard-de-lfi-vous-etes-tres-nerveux-vous-allez-me-faire-un-doigt-dhonneur-en-sortant-du-plateau","status":"publish","type":"post","link":"https:\/\/www.europesays.com\/fr\/466829\/","title":{"rendered":"Tensions sur le plateau de \u00ab\u00a0Bonjour\u00a0\u00bb sur TF1, ce matin, quand Bruce Toussaint lance \u00e0 Manuel Bompard de LFI : \u00ab\u00a0Vous \u00eates tr\u00e8s nerveux ! Vous allez me faire un doigt d&rsquo;honneur en sortant du plateau ?\u00a0\u00bb &#8211; Regardez"},"content":{"rendered":"<p>Que se passe-t-il du c\u00f4t\u00e9 de la France Insoumise et pourquoi autant de nervosit\u00e9 dans le parti d&rsquo;extr\u00eame gauche depuis quelques jours ? Les incidents se multiplient en effet sur les plateaux, que ce soit en t\u00e9l\u00e9 ou en radio<\/p>\n<p>Il y a quelques jours, Jean-Luc M\u00e9lenchon faisait un doigt d&rsquo;honneur \u00e0 Benjamin Duhamel en quittant le studio de France Inter, hier Sonia Mabrouck s&rsquo;accrochait en plein direct avec Manuel Bompard \u00e0 propos d&rsquo;une photo post\u00e9e par Thomas Portes, et ce matin, c&rsquo;est un incident avec Bruce Toussaint qui s&rsquo;est produit dans \u00ab\u00a0Bonjour\u00a0\u00bb sur TF1.<\/p>\n<p>Interrog\u00e9 sur les ex\u00e9cutions sommaires auxquelles se livre le Hamas depuis quelques jours \u00e0 Gaza, Manuel Bompard a hauss\u00e9 le ton : \u00ab\u00a0Vous voulez faire croire que je peux ne pas les condamner ? C&rsquo;est clair non ? Je donne des r\u00e9ponses tr\u00e8s claires et vous tenter de faire croire que \u00e7a ne l&rsquo;est pas&#8230;\u00a0\u00bb<\/p>\n<p>Et Bruce Toussaint de lui r\u00e9pondre : \u00ab\u00a0Ce n&rsquo;est pas aussi clair que \u00e7a vos r\u00e9ponses ? Vous allez me faire un doigt d&rsquo;honneur en sortant du plateau ? Qu&rsquo;est ce qui se passe l\u00e0 ? Il y a surtout beaucoup de nervosit\u00e9 de votre part ! Je me permets juste de vous poser une question !\u00a0\u00bb<\/p>\n<p>Regardez cet \u00e9change ce matin sur TF1.<\/p>\n<p>\u00a0<\/p>\n<blockquote class=\"twitter-tweet\">\n<p lang=\"fr\" dir=\"ltr\">\u00a0\u00ab\u00a0Vous allez me faire un doigt d\u2019honneur en sortant du plateau ?\u00a0\u00bb, a lanc\u00e9 Bruce Toussaint \u00e0 Manuel Bompard (LFI) sur TF1.<a href=\"https:\/\/t.co\/X2jsrvGVje\" rel=\"nofollow\">pic.twitter.com\/X2jsrvGVje<\/a><\/p>\n<p>\u2014 AlertesInfos (@AlertesInfos) <a href=\"https:\/\/twitter.com\/AlertesInfos\/status\/1978701746588250578?ref_src=twsrc%5Etfw\" rel=\"nofollow noopener\" target=\"_blank\">October 16, 2025<\/a><\/p><\/blockquote>\n<p>          <script async src=\"https:\/\/platform.twitter.com\/widgets.js\" charset=\"utf-8\"><\/script><\/p>\n","protected":false},"excerpt":{"rendered":"Que se passe-t-il du c\u00f4t\u00e9 de la France Insoumise et pourquoi autant de nervosit\u00e9 dans le parti d&rsquo;extr\u00eame&hellip;\n","protected":false},"author":2,"featured_media":466830,"comment_status":"","ping_status":"","sticky":false,"template":"","format":"standard","meta":{"footnotes":""},"categories":[1356],"tags":[6777,6779,58,59,1011,27,17852,252,199,1364],"class_list":{"0":"post-466829","1":"post","2":"type-post","3":"status-publish","4":"format-standard","5":"has-post-thumbnail","7":"category-television","8":"tag-bonjour","9":"tag-bruce-toussaint","10":"tag-divertissement","11":"tag-entertainment","12":"tag-fr","13":"tag-france","14":"tag-manuel-bompard","15":"tag-television","16":"tag-tf1","17":"tag-tv"},"share_on_mastodon":{"url":"https:\/\/pubeurope.com\/@fr\/115382617616763422","error":""},"_links":{"self":[{"href":"https:\/\/www.europesays.com\/fr\/wp-json\/wp\/v2\/posts\/466829","targetHints":{"allow":["GET"]}}],"collection":[{"href":"https:\/\/www.europesays.com\/fr\/wp-json\/wp\/v2\/posts"}],"about":[{"href":"https:\/\/www.europesays.com\/fr\/wp-json\/wp\/v2\/types\/post"}],"author":[{"embeddable":true,"href":"https:\/\/www.europesays.com\/fr\/wp-json\/wp\/v2\/users\/2"}],"replies":[{"embeddable":true,"href":"https:\/\/www.europesays.com\/fr\/wp-json\/wp\/v2\/comments?post=466829"}],"version-history":[{"count":0,"href":"https:\/\/www.europesays.com\/fr\/wp-json\/wp\/v2\/posts\/466829\/revisions"}],"wp:featuredmedia":[{"embeddable":true,"href":"https:\/\/www.europesays.com\/fr\/wp-json\/wp\/v2\/media\/466830"}],"wp:attachment":[{"href":"https:\/\/www.europesays.com\/fr\/wp-json\/wp\/v2\/media?parent=466829"}],"wp:term":[{"taxonomy":"category","embeddable":true,"href":"https:\/\/www.europesays.com\/fr\/wp-json\/wp\/v2\/categories?post=466829"},{"taxonomy":"post_tag","embeddable":true,"href":"https:\/\/www.europesays.com\/fr\/wp-json\/wp\/v2\/tags?post=466829"}],"curies":[{"name":"wp","href":"https:\/\/api.w.org\/{rel}","templated":true}]}}