{"id":466838,"date":"2025-10-16T07:20:16","date_gmt":"2025-10-16T07:20:16","guid":{"rendered":"https:\/\/www.europesays.com\/fr\/466838\/"},"modified":"2025-10-16T07:20:16","modified_gmt":"2025-10-16T07:20:16","slug":"la-famille-de-diane-keaton-revele-la-cause-de-sa-mort","status":"publish","type":"post","link":"https:\/\/www.europesays.com\/fr\/466838\/","title":{"rendered":"La famille de Diane Keaton r\u00e9v\u00e8le la cause de sa mort"},"content":{"rendered":"<p>    Diane Keaton dans les rues de Los Angeles le 20 ao\u00fbt 2024.<br \/>\n                Bauer-Griffin\/INSTARImages\/ABACA<\/p>\n<p>\n    L\u2019actrice nous a quitt\u00e9s ce samedi 11 octobre \u00e0 l\u2019\u00e2ge de 79 ans. Quelques jours plus tard, sa famille s\u2019est confi\u00e9e au magazine People.<\/p>\n<p class=\"fig-paragraph\">Elle \u00e9tait l\u2019une des actrices les plus embl\u00e9matiques de Hollywood. Apr\u00e8s le d\u00e9c\u00e8s de\u00a0<a href=\"https:\/\/madame.lefigaro.fr\/tag\/diane-keaton\" target=\"_blank\" data-fig-type=\"Keyword\" rel=\"sponsored noopener\" data-gtm-custom-categorie=\"navigation\" data-gtm-custom-action=\"crossclick\" data-gtm-custom-label=\"Contextuel\" data-gtm-event=\"customEventSPE\" data-fig-domain=\"MADAME\">Diane Keaton<\/a>\u00a0ce samedi 11 octobre, ses proches se sont exprim\u00e9s dans une d\u00e9claration accord\u00e9e au magazine People. La famille a alors confirm\u00e9 que l\u2019actrice oscaris\u00e9e \u00e9tait d\u00e9c\u00e9d\u00e9e d\u2019une pneumonie, et a ensuite exprim\u00e9 sa gratitude pour tout le soutien qu\u2019elle a re\u00e7u ces derniers jours. \u00abLa famille Keaton est tr\u00e8s reconnaissante pour les messages d\u2019amour et de soutien extraordinaires qu\u2019elle a re\u00e7us ces derniers jours au nom de leur ch\u00e8re Diane, d\u00e9c\u00e9d\u00e9e d\u2019une pneumonie le 11 octobre\u00bb, peut-on lire dans la d\u00e9claration, alors que les hommages \u00e0 l\u2019actrice se multiplient depuis samedi.<\/p>\n<p>La famille de Diane Keaton a ensuite \u00e9voqu\u00e9 les causes qui lui tenaient \u00e0 c\u0153ur\u00a0: \u00abElle aimait ses animaux et soutenait sans faille les sans-abri. Tout don en sa m\u00e9moire \u00e0 une banque alimentaire locale ou \u00e0 un refuge pour animaux serait donc un merveilleux hommage qui lui serait tr\u00e8s appr\u00e9ci\u00e9\u00bb. Ce samedi, alors que sa mort \u00e0 l\u2019\u00e2ge de 79 ans \u00e9tait annonc\u00e9e par le magazine People, les circonstances n\u2019avaient pas encore \u00e9t\u00e9 r\u00e9v\u00e9l\u00e9es. \u00abAucun autre d\u00e9tail n\u2019est disponible pour le moment, et sa famille a demand\u00e9 que son intimit\u00e9 soit respect\u00e9e en cette p\u00e9riode de grande tristesse\u00bb, avait alors d\u00e9clar\u00e9 un porte-parole.<\/p>\n<p>Une mort \u00abinattendue\u00bb<\/p>\n<p class=\"fig-paragraph\">Le jour de la mort de l\u2019actrice d\u2019Annie Hall, une source avait r\u00e9v\u00e9l\u00e9 \u00e0 People que sa sant\u00e9 \u00abs\u2019\u00e9tait d\u00e9t\u00e9rior\u00e9e tr\u00e8s soudainement\u00bb, ce qui avait \u00e9t\u00e9 \u00abd\u00e9chirant pour tous ceux qui l\u2019aimaient\u00bb. Elle ajoutait que sa mort \u00e9tait \u00abtellement inattendue, surtout pour quelqu\u2019un d\u2019aussi fort et plein d\u2019\u00e9nergie\u00bb. Et de conclure\u00a0: \u00abAu cours de ses derniers mois, elle \u00e9tait entour\u00e9e uniquement de ses proches, qui ont choisi de garder les choses tr\u00e8s priv\u00e9es. M\u00eame ses amis de longue date n\u2019\u00e9taient pas pleinement conscients de ce qui se passait\u00bb.<\/p>\n","protected":false},"excerpt":{"rendered":"Diane Keaton dans les rues de Los Angeles le 20 ao\u00fbt 2024. Bauer-Griffin\/INSTARImages\/ABACA L\u2019actrice nous a quitt\u00e9s ce&hellip;\n","protected":false},"author":2,"featured_media":466839,"comment_status":"","ping_status":"","sticky":false,"template":"","format":"standard","meta":{"footnotes":""},"categories":[8],"tags":[58208,58,59,1011,27],"class_list":{"0":"post-466838","1":"post","2":"type-post","3":"status-publish","4":"format-standard","5":"has-post-thumbnail","7":"category-divertissement","8":"tag-diane-keaton","9":"tag-divertissement","10":"tag-entertainment","11":"tag-fr","12":"tag-france"},"share_on_mastodon":{"url":"https:\/\/pubeurope.com\/@fr\/115382637308846001","error":""},"_links":{"self":[{"href":"https:\/\/www.europesays.com\/fr\/wp-json\/wp\/v2\/posts\/466838","targetHints":{"allow":["GET"]}}],"collection":[{"href":"https:\/\/www.europesays.com\/fr\/wp-json\/wp\/v2\/posts"}],"about":[{"href":"https:\/\/www.europesays.com\/fr\/wp-json\/wp\/v2\/types\/post"}],"author":[{"embeddable":true,"href":"https:\/\/www.europesays.com\/fr\/wp-json\/wp\/v2\/users\/2"}],"replies":[{"embeddable":true,"href":"https:\/\/www.europesays.com\/fr\/wp-json\/wp\/v2\/comments?post=466838"}],"version-history":[{"count":0,"href":"https:\/\/www.europesays.com\/fr\/wp-json\/wp\/v2\/posts\/466838\/revisions"}],"wp:featuredmedia":[{"embeddable":true,"href":"https:\/\/www.europesays.com\/fr\/wp-json\/wp\/v2\/media\/466839"}],"wp:attachment":[{"href":"https:\/\/www.europesays.com\/fr\/wp-json\/wp\/v2\/media?parent=466838"}],"wp:term":[{"taxonomy":"category","embeddable":true,"href":"https:\/\/www.europesays.com\/fr\/wp-json\/wp\/v2\/categories?post=466838"},{"taxonomy":"post_tag","embeddable":true,"href":"https:\/\/www.europesays.com\/fr\/wp-json\/wp\/v2\/tags?post=466838"}],"curies":[{"name":"wp","href":"https:\/\/api.w.org\/{rel}","templated":true}]}}