{"id":466842,"date":"2025-10-16T07:22:12","date_gmt":"2025-10-16T07:22:12","guid":{"rendered":"https:\/\/www.europesays.com\/fr\/466842\/"},"modified":"2025-10-16T07:22:12","modified_gmt":"2025-10-16T07:22:12","slug":"nestle-compte-supprimer-16-000-postes-au-niveau-mondial-durant-les-deux-prochaines-annees","status":"publish","type":"post","link":"https:\/\/www.europesays.com\/fr\/466842\/","title":{"rendered":"Nestl\u00e9 compte supprimer 16.000 postes au niveau mondial durant les deux prochaines ann\u00e9es"},"content":{"rendered":"<p>\n    Entre monde en mutation et n\u00e9cessit\u00e9 d\u2019adaptation, le nouveau patron de Nestl\u00e9 annonce prendre des mesures \u00abn\u00e9cessaires\u00bb, bien que \u00abdifficiles\u00bb.<\/p>\n<p class=\"fig-paragraph\">Le nouveau patron de\u00a0<a href=\"http:\/\/www.lefigaro.fr\/societes\/pablo-isla-philipp-navratil-une-nouvelle-generation-aux-manettes-pour-relancer-nestle-20250917\" target=\"_blank\" data-fig-type=\"Article\" rel=\"noopener nofollow\" data-gtm-custom-categorie=\"navigation\" data-gtm-custom-action=\"crossclick\" data-gtm-custom-label=\"Contextuel\" data-gtm-event=\"customEventSPE\" data-fig-domain=\"LEFIGARO\">Nestl\u00e9<\/a>\u00a0a annonc\u00e9 la suppression de 16.000 postes soit pr\u00e8s de 5,7 % de ses salari\u00e9s durant les deux prochaines ann\u00e9es. Une annonce faite lors de la publication jeudi du chiffre d\u2019affaires sur neuf mois du g\u00e9ant suisse , qui marque un repli de 1,9% \u00e0 65,9 milliards de francs suisses (71 milliards d\u2019euros).<\/p>\n<p class=\"fig-paragraph\">\u00abLe monde \u00e9volue et Nestl\u00e9 doit s\u2019adapter plus rapidement\u00bb, ce qui impliquera \u00abde prendre des d\u00e9cisions difficiles, mais n\u00e9cessaires, pour r\u00e9duire les effectifs\u00bb, a d\u00e9clar\u00e9 Philipp Navratil, qui a repris les commandes du g\u00e9ant de l\u2019alimentation d\u00e9but septembre, cit\u00e9 dans un communiqu\u00e9.<\/p>\n<p>                                    <a class=\"fig-a11y-skip a11y-hidden\" href=\"#fig-a11y-skip-main-inarticle\"><br \/>\n        Passer la publicit\u00e9<br \/>\n    <\/a><\/p>\n<p class=\"fig-paragraph\">Ce programme de r\u00e9duction des effectifs comprend notamment la suppression de 12.000 postes de bureau dans diverses fonctions et parties du monde, \u00abpermettant de r\u00e9aliser 1 milliard de francs d\u2019\u00e9conomies annuelles d\u2019ici fin 2027\u00bb, soit le double du montant pr\u00e9vu jusqu\u2019\u00e0 pr\u00e9sent, d\u00e9taille le communiqu\u00e9 du groupe suisse.<\/p>\n<p class=\"fig-paragraph\">S\u2019y ajouteront 4000 postes dans le cadre d\u2019initiatives d\u00e9j\u00e0 en cours visant \u00e0 accro\u00eetre la productivit\u00e9 dans la production et la cha\u00eene d\u2019approvisionnement, ajoute le communiqu\u00e9. \u00abNous augmentons d\u00e8s aujourd\u2019hui notre objectif d\u2019\u00e9conomies \u00e0 3 milliards de francs\u00bb, a ajout\u00e9 Philipp Navratil, contre 2,5 milliards de francs vis\u00e9s auparavant.<\/p>\n<p class=\"fig-paragraph\">Le g\u00e9ant de l\u2019alimentation aux plus de 2000 marques, dont les caf\u00e9s solubles Nescaf\u00e9, bouillons Maggi et barres chocolat\u00e9es Kit Kat, a connu un mois de septembre agit\u00e9 \u00e0 sa t\u00eate entre le licenciement de son pr\u00e9c\u00e9dent directeur g\u00e9n\u00e9ral, le Fran\u00e7ais\u00a0<a href=\"http:\/\/www.lefigaro.fr\/societes\/le-patron-de-nestle-contraint-a-la-demission-immediate-pour-cause-de-relation-avec-une-subordonnee-directe-20250901\" data-fig-type=\"NewsFlash\" data-gtm-custom-categorie=\"navigation\" data-gtm-custom-action=\"crossclick\" data-gtm-custom-label=\"Contextuel\" data-gtm-event=\"customEventSPE\" data-fig-domain=\"LEFIGARO\" rel=\"nofollow noopener\" target=\"_blank\">Laurent Freixe<\/a>, et le d\u00e9part plus t\u00f4t que pr\u00e9vu de son pr\u00e9sident, le Belge Paul Bulcke. Les analystes financiers esp\u00e8rent que Philipp Navratil, qui dirigeait jusqu\u2019alors Nespresso, parviendra \u00e0 ramener la stabilit\u00e9 au sein du groupe qui a vu sa croissance s\u2019\u00e9tioler depuis la vague d\u2019inflation de 2022 et a \u00e9t\u00e9 secou\u00e9 par un scandale autour de ses eaux en bouteille. Sur les neuf premiers mois de 2025, la croissance organique des ventes s\u2019est chiffr\u00e9e \u00e0 3,3%, sous l\u2019effet de l\u2019augmentation des prix, relev\u00e9s de 2,8%.<\/p>\n","protected":false},"excerpt":{"rendered":"Entre monde en mutation et n\u00e9cessit\u00e9 d\u2019adaptation, le nouveau patron de Nestl\u00e9 annonce prendre des mesures \u00abn\u00e9cessaires\u00bb, bien&hellip;\n","protected":false},"author":2,"featured_media":466843,"comment_status":"","ping_status":"","sticky":false,"template":"","format":"standard","meta":{"footnotes":""},"categories":[6],"tags":[35,33,34,1011,27,414,74,5824],"class_list":{"0":"post-466842","1":"post","2":"type-post","3":"status-publish","4":"format-standard","5":"has-post-thumbnail","7":"category-economie","8":"tag-business","9":"tag-economie","10":"tag-economy","11":"tag-fr","12":"tag-france","13":"tag-licenciement","14":"tag-monde","15":"tag-nestle"},"share_on_mastodon":{"url":"https:\/\/pubeurope.com\/@fr\/115382645083173731","error":""},"_links":{"self":[{"href":"https:\/\/www.europesays.com\/fr\/wp-json\/wp\/v2\/posts\/466842","targetHints":{"allow":["GET"]}}],"collection":[{"href":"https:\/\/www.europesays.com\/fr\/wp-json\/wp\/v2\/posts"}],"about":[{"href":"https:\/\/www.europesays.com\/fr\/wp-json\/wp\/v2\/types\/post"}],"author":[{"embeddable":true,"href":"https:\/\/www.europesays.com\/fr\/wp-json\/wp\/v2\/users\/2"}],"replies":[{"embeddable":true,"href":"https:\/\/www.europesays.com\/fr\/wp-json\/wp\/v2\/comments?post=466842"}],"version-history":[{"count":0,"href":"https:\/\/www.europesays.com\/fr\/wp-json\/wp\/v2\/posts\/466842\/revisions"}],"wp:featuredmedia":[{"embeddable":true,"href":"https:\/\/www.europesays.com\/fr\/wp-json\/wp\/v2\/media\/466843"}],"wp:attachment":[{"href":"https:\/\/www.europesays.com\/fr\/wp-json\/wp\/v2\/media?parent=466842"}],"wp:term":[{"taxonomy":"category","embeddable":true,"href":"https:\/\/www.europesays.com\/fr\/wp-json\/wp\/v2\/categories?post=466842"},{"taxonomy":"post_tag","embeddable":true,"href":"https:\/\/www.europesays.com\/fr\/wp-json\/wp\/v2\/tags?post=466842"}],"curies":[{"name":"wp","href":"https:\/\/api.w.org\/{rel}","templated":true}]}}