{"id":466849,"date":"2025-10-16T07:26:11","date_gmt":"2025-10-16T07:26:11","guid":{"rendered":"https:\/\/www.europesays.com\/fr\/466849\/"},"modified":"2025-10-16T07:26:11","modified_gmt":"2025-10-16T07:26:11","slug":"un-employe-blesse-et-une-famille-evacuee","status":"publish","type":"post","link":"https:\/\/www.europesays.com\/fr\/466849\/","title":{"rendered":"un employ\u00e9 bless\u00e9 et une famille \u00e9vacu\u00e9e"},"content":{"rendered":"<p>Un feu s\u2019est d\u00e9clar\u00e9 dans un restaurant situ\u00e9 \u00e0 l\u2019angle des rues Jean-Jaur\u00e8s et Martin-Bernard, mercredi peu avant 19 heures.<\/p>\n<p class=\"p2\">L\u2019incendie a pris dans la hotte de la cuisine de l\u2019\u00e9tablissement \u00d4&rsquo; Royal grillades et a n\u00e9cessit\u00e9 l\u2019\u00e9vacuation de la famille domicili\u00e9e au deuxi\u00e8me \u00e9tage de l\u2019immeuble.\u00a0<\/p>\n<p class=\"p2\">Les sapeurs-pompiers sont intervenus, mais le sinistre a \u00e9t\u00e9 ma\u00eetris\u00e9 avant leur arriv\u00e9e \u00e0 l\u2019aide d\u2019un extincteur. Dans cette man\u0153uvre, un membre du personnel \u00e2g\u00e9 de 33 ans a \u00e9t\u00e9 bless\u00e9. Pris en charge, il a \u00e9t\u00e9 transport\u00e9 \u00e0 l\u2019h\u00f4pital Le Corbusier.<\/p>\n<p class=\"p2\">Les secours ont effectu\u00e9 des reconnaissances afin de s\u2019assurer que tout risque \u00e9tait \u00e9cart\u00e9 dans le b\u00e2timent.\u00a0<\/p>\n<p class=\"p3\">\u00a0La famille a regagn\u00e9 son logement apr\u00e8s l\u2019intervention. \u00ab\u00a0Tout va bien \u00bb, nous a simplement gliss\u00e9 l\u2019un de ses membres, qui n\u2019a pas souhait\u00e9 s\u2019\u00e9pancher ce jeudi matin.<\/p>\n<p>Le restaurant ferm\u00e9 jusqu\u2019\u00e0 un contr\u00f4le de la ventilation\u00a0<\/p>\n<p class=\"p2\">La circulation a \u00e9t\u00e9 coup\u00e9e aux abords par les polices nationale et municipale. Une grille de barbecue a \u00e9t\u00e9 d\u00e9pos\u00e9e \u00e0 l\u2019ext\u00e9rieur du restaurant et y \u00e9tait toujours ce jeudi matin.\u00a0<\/p>\n<p class=\"p2\">Le restaurant, ouvert cet \u00e9t\u00e9, restera ferm\u00e9 le temps d\u2019un contr\u00f4le du syst\u00e8me de ventilation.<\/p>\n","protected":false},"excerpt":{"rendered":"Un feu s\u2019est d\u00e9clar\u00e9 dans un restaurant situ\u00e9 \u00e0 l\u2019angle des rues Jean-Jaur\u00e8s et Martin-Bernard, mercredi peu avant&hellip;\n","protected":false},"author":2,"featured_media":466850,"comment_status":"","ping_status":"","sticky":false,"template":"","format":"standard","meta":{"footnotes":""},"categories":[9653],"tags":[1111,11,2430,7539,1777,674,274,107,10282,1011,27,1310,3367,12,25,4001],"class_list":{"0":"post-466849","1":"post","2":"type-post","3":"status-publish","4":"format-standard","5":"has-post-thumbnail","7":"category-saint-etienne","8":"tag-actu","9":"tag-actualites","10":"tag-auvergne-rhone-alpes","11":"tag-edition-loire-sud","12":"tag-eu","13":"tag-europe","14":"tag-faits-divers-justice","15":"tag-fil-info","16":"tag-firminy","17":"tag-fr","18":"tag-france","19":"tag-incendie","20":"tag-loire","21":"tag-news","22":"tag-republique-francaise","23":"tag-saint-etienne"},"share_on_mastodon":{"url":"https:\/\/pubeurope.com\/@fr\/115382660883173637","error":""},"_links":{"self":[{"href":"https:\/\/www.europesays.com\/fr\/wp-json\/wp\/v2\/posts\/466849","targetHints":{"allow":["GET"]}}],"collection":[{"href":"https:\/\/www.europesays.com\/fr\/wp-json\/wp\/v2\/posts"}],"about":[{"href":"https:\/\/www.europesays.com\/fr\/wp-json\/wp\/v2\/types\/post"}],"author":[{"embeddable":true,"href":"https:\/\/www.europesays.com\/fr\/wp-json\/wp\/v2\/users\/2"}],"replies":[{"embeddable":true,"href":"https:\/\/www.europesays.com\/fr\/wp-json\/wp\/v2\/comments?post=466849"}],"version-history":[{"count":0,"href":"https:\/\/www.europesays.com\/fr\/wp-json\/wp\/v2\/posts\/466849\/revisions"}],"wp:featuredmedia":[{"embeddable":true,"href":"https:\/\/www.europesays.com\/fr\/wp-json\/wp\/v2\/media\/466850"}],"wp:attachment":[{"href":"https:\/\/www.europesays.com\/fr\/wp-json\/wp\/v2\/media?parent=466849"}],"wp:term":[{"taxonomy":"category","embeddable":true,"href":"https:\/\/www.europesays.com\/fr\/wp-json\/wp\/v2\/categories?post=466849"},{"taxonomy":"post_tag","embeddable":true,"href":"https:\/\/www.europesays.com\/fr\/wp-json\/wp\/v2\/tags?post=466849"}],"curies":[{"name":"wp","href":"https:\/\/api.w.org\/{rel}","templated":true}]}}