{"id":466851,"date":"2025-10-16T07:27:13","date_gmt":"2025-10-16T07:27:13","guid":{"rendered":"https:\/\/www.europesays.com\/fr\/466851\/"},"modified":"2025-10-16T07:27:13","modified_gmt":"2025-10-16T07:27:13","slug":"loire-un-incendie-se-declenche-dans-cette-usine-sensible-ce-quil-sest-passe","status":"publish","type":"post","link":"https:\/\/www.europesays.com\/fr\/466851\/","title":{"rendered":"Loire. Un incendie se d\u00e9clenche dans cette usine sensible : ce qu&rsquo;il s&rsquo;est pass\u00e9"},"content":{"rendered":"<p>            Par<br \/>\n        <strong><br \/>\n            <a href=\"https:\/\/actu.fr\/auteur\/mathias-souteyrat\" title=\"Consulter tous les articles de Mathias Souteyrat\" rel=\"nofollow noopener\" target=\"_blank\">Mathias Souteyrat<\/a><br \/>\n        <\/strong><\/p>\n<p>        Publi\u00e9 le<\/p>\n<p>            16 oct. 2025 \u00e0 8h38        <\/p>\n<p>Dans la nuit du mercredi 15 au jeudi 16 octobre 2025, un incendie s\u2019est produit \u00e0 Industeel, filiale du groupe ArcelorMittal, sur la commune de <a href=\"https:\/\/actu.fr\/auvergne-rhone-alpes\/chateauneuf_42053\/loire-emilie-se-bat-pour-revoir-son-fils-concu-avec-son-ex-compagne-par-pma-en-espagne_63296002.html\" rel=\"nofollow noopener\" target=\"_blank\">Ch\u00e2teauneuf<\/a> (Loire), pr\u00e8s de <a href=\"https:\/\/actu.fr\/saint-etienne\/\" rel=\"nofollow noopener\" target=\"_blank\">Saint-Etienne<\/a>.\u00a0<\/p>\n<p>Pas de bless\u00e9<\/p>\n<p class=\" wall-content\">Les secours sont intervenus dans une usine, pour un feu sur un <strong>groupe hydraulique et une flaque d\u2019huile enflamm\u00e9e de 20 m\u00b2 environ<\/strong>. Dix-huit salari\u00e9s \u00e9taient sur les lieux. Aucun bless\u00e9 parmi eux, pr\u00e9cisent les sapeurs-pompiers de la Loire<\/p>\n<p>60 salari\u00e9s au ch\u00f4mage technique<\/p>\n<p class=\" wall-content\">L\u2019intervention rapide a permis la limitation de la propagation, et le feu a \u00e9t\u00e9 \u00e9teint au moyen d\u2019un tapis de mousse.<\/p>\n<p class=\" wall-content\">Soixante salari\u00e9s sont au ch\u00f4mage technique pour plusieurs jours, le temps des r\u00e9parations.<br \/>L\u2019\u00e9quipe risque chimique a \u00e9cart\u00e9 tout risque de pollution de la rivi\u00e8re Gier.<\/p>\n<p class=\" wall-content\">Industeel, filiale du groupe ArcelorMittal n\u00b01 de l\u2019acier mondial, est sp\u00e9cialis\u00e9 dans la fabrication de <strong>t\u00f4les d\u2019acier de fortes \u00e9paisseurs.<\/strong><\/p>\n<p class=\" wall-content\">Personnalisez votre actualit\u00e9 en ajoutant vos villes et m\u00e9dias en favori avec <a href=\"https:\/\/moncompte.actu.fr\" title=\"D\u00e9couvez Mon Actu\" rel=\"nofollow noopener\" data-trk=\"{&quot;cta&quot;:{&quot;action&quot;:&quot;https:\\\/\\\/moncompte.actu.fr&quot;,&quot;category&quot;:&quot;mon compte&quot;,&quot;from&quot;:&quot;article footer&quot;,&quot;name&quot;:&quot;Mon actu&quot;,&quot;type&quot;:&quot;cta&quot;}}\" target=\"_blank\">Mon Actu<\/a>.<\/p>\n","protected":false},"excerpt":{"rendered":"Par Mathias Souteyrat Publi\u00e9 le 16 oct. 2025 \u00e0 8h38 Dans la nuit du mercredi 15 au jeudi&hellip;\n","protected":false},"author":2,"featured_media":81398,"comment_status":"","ping_status":"","sticky":false,"template":"","format":"standard","meta":{"footnotes":""},"categories":[9653],"tags":[1111,11,2430,1777,674,118,1011,27,1310,12,1311,25,4001],"class_list":{"0":"post-466851","1":"post","2":"type-post","3":"status-publish","4":"format-standard","5":"has-post-thumbnail","7":"category-saint-etienne","8":"tag-actu","9":"tag-actualites","10":"tag-auvergne-rhone-alpes","11":"tag-eu","12":"tag-europe","13":"tag-faits-divers","14":"tag-fr","15":"tag-france","16":"tag-incendie","17":"tag-news","18":"tag-pompiers","19":"tag-republique-francaise","20":"tag-saint-etienne"},"share_on_mastodon":{"url":"https:\/\/pubeurope.com\/@fr\/115382664840864204","error":""},"_links":{"self":[{"href":"https:\/\/www.europesays.com\/fr\/wp-json\/wp\/v2\/posts\/466851","targetHints":{"allow":["GET"]}}],"collection":[{"href":"https:\/\/www.europesays.com\/fr\/wp-json\/wp\/v2\/posts"}],"about":[{"href":"https:\/\/www.europesays.com\/fr\/wp-json\/wp\/v2\/types\/post"}],"author":[{"embeddable":true,"href":"https:\/\/www.europesays.com\/fr\/wp-json\/wp\/v2\/users\/2"}],"replies":[{"embeddable":true,"href":"https:\/\/www.europesays.com\/fr\/wp-json\/wp\/v2\/comments?post=466851"}],"version-history":[{"count":0,"href":"https:\/\/www.europesays.com\/fr\/wp-json\/wp\/v2\/posts\/466851\/revisions"}],"wp:featuredmedia":[{"embeddable":true,"href":"https:\/\/www.europesays.com\/fr\/wp-json\/wp\/v2\/media\/81398"}],"wp:attachment":[{"href":"https:\/\/www.europesays.com\/fr\/wp-json\/wp\/v2\/media?parent=466851"}],"wp:term":[{"taxonomy":"category","embeddable":true,"href":"https:\/\/www.europesays.com\/fr\/wp-json\/wp\/v2\/categories?post=466851"},{"taxonomy":"post_tag","embeddable":true,"href":"https:\/\/www.europesays.com\/fr\/wp-json\/wp\/v2\/tags?post=466851"}],"curies":[{"name":"wp","href":"https:\/\/api.w.org\/{rel}","templated":true}]}}