{"id":466854,"date":"2025-10-16T07:29:10","date_gmt":"2025-10-16T07:29:10","guid":{"rendered":"https:\/\/www.europesays.com\/fr\/466854\/"},"modified":"2025-10-16T07:29:10","modified_gmt":"2025-10-16T07:29:10","slug":"un-bar-a-tapas-avec-des-specialites-faites-maison-vient-douvrir-pres-de-la-place-stanislas-a-nancy","status":"publish","type":"post","link":"https:\/\/www.europesays.com\/fr\/466854\/","title":{"rendered":"Un bar \u00e0 tapas avec des sp\u00e9cialit\u00e9s faites maison vient d&rsquo;ouvrir pr\u00e8s de la place Stanislas \u00e0 Nancy"},"content":{"rendered":"<p>            Par<br \/>\n        <strong><br \/>\n            <a href=\"https:\/\/actu.fr\/auteur\/pierre-emile-bouchy-actu-fr\" title=\"Consulter tous les articles de Paul-Emile Bouchy\" target=\"_blank\" rel=\"noopener\">Paul-Emile Bouchy<\/a><br \/>\n        <\/strong><\/p>\n<p>        Publi\u00e9 le<\/p>\n<p>            16 oct. 2025 \u00e0 9h13        <\/p>\n<p>Dans le centre-ville de <a href=\"https:\/\/actu.fr\/grand-est\/nancy_54395\" target=\"_blank\" rel=\"noopener\">Nancy<\/a>, la partie pi\u00e9tonne de la rue Stanislas vient d\u2019accueillir un nouveau commerce. Apr\u00e8s <a href=\"https:\/\/actu.fr\/grand-est\/nancy_54395\/nancy-avec-son-concept-de-pizzas-roulees-ce-restaurant-italien-va-s-installer-pres-de-de-la-place-stanislas_61370138.html\" target=\"_blank\" rel=\"noopener\">Allegria et ses pizzas roul\u00e9es<\/a> ou encore <a href=\"https:\/\/actu.fr\/grand-est\/nancy_54395\/nancy-un-nouveau-restaurant-japonais-va-ouvrir-a-deux-pas-de-la-place-stanislas_60752828.html\" target=\"_blank\" rel=\"noopener\">le restaurant japonais Nagoya<\/a> en 2024, c\u2019est d\u00e9sormais <strong>French Taperia<\/strong>, <strong>un bar \u00e0 tapas, qui vient d\u2019ouvrir<\/strong> ses portes mardi 14\u00a0octobre.<\/p>\n<p>Des tapas renouvel\u00e9es \u00e0 chaque saison<\/p>\n<p class=\" wall-content\">Situ\u00e9 au 15 rue Stanislas \u00e0 Nancy, ce nouveau bar propose <strong>un large choix de tapas<\/strong>. Une id\u00e9e \u00e0 laquelle r\u00e9fl\u00e9chit depuis longtemps le g\u00e9rant, d\u00e9j\u00e0 \u00e0 la t\u00eate de French Trattoria, pr\u00e8s de la <a href=\"https:\/\/actu.fr\/grand-est\/nancy_54395\/photos-la-mediatheque-de-la-manufacture-rouvre-samedi-a-nancy-decouvrez-les-nouveautes_60896214.html\" target=\"_blank\" rel=\"noopener\">m\u00e9diath\u00e8que de la Manufacture<\/a>\u2009: \u00ab\u2009J\u2019aime souvent aller dans le sud de l\u2019Espagne et profiter de ces bars. Il n\u2019y avait pas encore cette offre \u00e0 Nancy, contrairement \u00e0 d\u2019autres villes comme Strasbourg o\u00f9 on a nos adresses.\u2009\u00bb<\/p>\n<p class=\" wall-content\">\u00c0 la carte, les clients peuvent retrouver<strong> des planches de charcuterie, du fromage, des hu\u00eetres mais aussi des\u00a0croquetas\u00a0et des\u00a0montaditos<\/strong>, ces mini-sandwichs tr\u00e8s appr\u00e9ci\u00e9s du c\u00f4t\u00e9 ib\u00e9rique. \u00ab\u2009On a fait une carte d\u2019automne avec des produits de saison. <strong>Tous les trois mois, la carte sera renouvel\u00e9e<\/strong>\u2009\u00bb, ajoute le g\u00e9rant.<\/p>\n<p class=\" wall-content\"><a href=\"https:\/\/www.instagram.com\/french_taperia\/embed\" title=\"Ouvrir le lien sur Instagram\" target=\"_blank\" rel=\"noopener\">Visualiser le contenu sur Instagram<\/a><\/p>\n<p>Des sp\u00e9cialit\u00e9s enti\u00e8rement pr\u00e9par\u00e9es sur place<\/p>\n<p class=\" wall-content\">Que ce soient les tapas ou les desserts,<strong> tous les produits propos\u00e9s sont pr\u00e9par\u00e9s sur place<\/strong>. Les amateurs de cocktails pourront aussi d\u00e9couvrir une carte vari\u00e9e.<\/p>\n<p class=\" wall-content\">\u00ab\u2009On a envie que ce soit un lieu o\u00f9 les gens aiment se retrouver et partager un bon moment autour de plusieurs assiettes\u2009\u00bb, explique-t-il.<\/p>\n<p class=\" wall-content\">French Taperia est <strong>ouvert midi et soir du mardi au samedi<\/strong>. \u00ab\u2009Le midi, en plus de la carte, on proposera une formule avec un plat du jour \u00e0 13\u00a0euros\u2009\u00bb, conclut le g\u00e9rant.<\/p>\n<p class=\" wall-content\">Personnalisez votre actualit\u00e9 en ajoutant vos villes et m\u00e9dias en favori avec <a href=\"https:\/\/moncompte.actu.fr\" title=\"D\u00e9couvez Mon Actu\" rel=\"nofollow noopener\" data-trk=\"{&quot;cta&quot;:{&quot;action&quot;:&quot;https:\\\/\\\/moncompte.actu.fr&quot;,&quot;category&quot;:&quot;mon compte&quot;,&quot;from&quot;:&quot;article footer&quot;,&quot;name&quot;:&quot;Mon actu&quot;,&quot;type&quot;:&quot;cta&quot;}}\" target=\"_blank\">Mon Actu<\/a>.<\/p>\n<p>                    <script async src=\"\/\/www.instagram.com\/embed.js\"><\/script><\/p>\n","protected":false},"excerpt":{"rendered":"Par Paul-Emile Bouchy Publi\u00e9 le 16 oct. 2025 \u00e0 9h13 Dans le centre-ville de Nancy, la partie pi\u00e9tonne&hellip;\n","protected":false},"author":2,"featured_media":466855,"comment_status":"","ping_status":"","sticky":false,"template":"","format":"standard","meta":{"footnotes":""},"categories":[9635],"tags":[1111,11,215,1777,674,1011,27,775,1702,12,3147,25,104],"class_list":{"0":"post-466854","1":"post","2":"type-post","3":"status-publish","4":"format-standard","5":"has-post-thumbnail","7":"category-nancy","8":"tag-actu","9":"tag-actualites","10":"tag-commerce","11":"tag-eu","12":"tag-europe","13":"tag-fr","14":"tag-france","15":"tag-grand-est","16":"tag-nancy","17":"tag-news","18":"tag-nouveaux-commerces","19":"tag-republique-francaise","20":"tag-societe"},"share_on_mastodon":{"url":"https:\/\/pubeurope.com\/@fr\/115382672724670621","error":""},"_links":{"self":[{"href":"https:\/\/www.europesays.com\/fr\/wp-json\/wp\/v2\/posts\/466854","targetHints":{"allow":["GET"]}}],"collection":[{"href":"https:\/\/www.europesays.com\/fr\/wp-json\/wp\/v2\/posts"}],"about":[{"href":"https:\/\/www.europesays.com\/fr\/wp-json\/wp\/v2\/types\/post"}],"author":[{"embeddable":true,"href":"https:\/\/www.europesays.com\/fr\/wp-json\/wp\/v2\/users\/2"}],"replies":[{"embeddable":true,"href":"https:\/\/www.europesays.com\/fr\/wp-json\/wp\/v2\/comments?post=466854"}],"version-history":[{"count":0,"href":"https:\/\/www.europesays.com\/fr\/wp-json\/wp\/v2\/posts\/466854\/revisions"}],"wp:featuredmedia":[{"embeddable":true,"href":"https:\/\/www.europesays.com\/fr\/wp-json\/wp\/v2\/media\/466855"}],"wp:attachment":[{"href":"https:\/\/www.europesays.com\/fr\/wp-json\/wp\/v2\/media?parent=466854"}],"wp:term":[{"taxonomy":"category","embeddable":true,"href":"https:\/\/www.europesays.com\/fr\/wp-json\/wp\/v2\/categories?post=466854"},{"taxonomy":"post_tag","embeddable":true,"href":"https:\/\/www.europesays.com\/fr\/wp-json\/wp\/v2\/tags?post=466854"}],"curies":[{"name":"wp","href":"https:\/\/api.w.org\/{rel}","templated":true}]}}