{"id":466856,"date":"2025-10-16T07:30:11","date_gmt":"2025-10-16T07:30:11","guid":{"rendered":"https:\/\/www.europesays.com\/fr\/466856\/"},"modified":"2025-10-16T07:30:11","modified_gmt":"2025-10-16T07:30:11","slug":"un-hommage-a-samuel-paty-et-dominique-bernard-a-toulon","status":"publish","type":"post","link":"https:\/\/www.europesays.com\/fr\/466856\/","title":{"rendered":"Un hommage \u00e0 Samuel Paty et Dominique Bernard \u00e0 Toulon"},"content":{"rendered":"\n<p>Deux jours apr\u00e8s le triste anniversaire du meurtre de Dominique Bernard (survenu le 13\u00a0octobre 2023), et un jour avant celui du meurtre de Samuel Paty (le 16\u00a0octobre 2020), environ 70\u00a0personnes, parmi lesquelles de nombreux enseignants, sont venues rendre hommage aux deux hommes, sauvagement abattus dans l\u2019exercice de leurs fonctions. Apr\u00e8s la lecture du po\u00e8me \u00ab\u00a0Si\u00a0\u00bb de Rudyard Kipling, qu\u2019avait offert Samuel Paty \u00e0 sa s\u0153ur Mickaelle quand elle avait 16 ans, et qu\u2019elle a elle-m\u00eame remis \u00e0 l\u2019un des mis en cause lors du proc\u00e8s, une minute de silence a \u00e9t\u00e9 respect\u00e9e. Des bougies ont ensuite \u00e9t\u00e9 allum\u00e9es au pied des portraits des deux hommes.<\/p>\n","protected":false},"excerpt":{"rendered":"Deux jours apr\u00e8s le triste anniversaire du meurtre de Dominique Bernard (survenu le 13\u00a0octobre 2023), et un jour&hellip;\n","protected":false},"author":2,"featured_media":466857,"comment_status":"","ping_status":"","sticky":false,"template":"","format":"standard","meta":{"footnotes":""},"categories":[9619],"tags":[1111,11,35483,1777,674,1011,27,12,882,25,2310],"class_list":{"0":"post-466856","1":"post","2":"type-post","3":"status-publish","4":"format-standard","5":"has-post-thumbnail","7":"category-toulon","8":"tag-actu","9":"tag-actualites","10":"tag-dominique-bernard","11":"tag-eu","12":"tag-europe","13":"tag-fr","14":"tag-france","15":"tag-news","16":"tag-provence-alpes-cote-dazur","17":"tag-republique-francaise","18":"tag-toulon"},"share_on_mastodon":{"url":"https:\/\/pubeurope.com\/@fr\/115382676505436270","error":""},"_links":{"self":[{"href":"https:\/\/www.europesays.com\/fr\/wp-json\/wp\/v2\/posts\/466856","targetHints":{"allow":["GET"]}}],"collection":[{"href":"https:\/\/www.europesays.com\/fr\/wp-json\/wp\/v2\/posts"}],"about":[{"href":"https:\/\/www.europesays.com\/fr\/wp-json\/wp\/v2\/types\/post"}],"author":[{"embeddable":true,"href":"https:\/\/www.europesays.com\/fr\/wp-json\/wp\/v2\/users\/2"}],"replies":[{"embeddable":true,"href":"https:\/\/www.europesays.com\/fr\/wp-json\/wp\/v2\/comments?post=466856"}],"version-history":[{"count":0,"href":"https:\/\/www.europesays.com\/fr\/wp-json\/wp\/v2\/posts\/466856\/revisions"}],"wp:featuredmedia":[{"embeddable":true,"href":"https:\/\/www.europesays.com\/fr\/wp-json\/wp\/v2\/media\/466857"}],"wp:attachment":[{"href":"https:\/\/www.europesays.com\/fr\/wp-json\/wp\/v2\/media?parent=466856"}],"wp:term":[{"taxonomy":"category","embeddable":true,"href":"https:\/\/www.europesays.com\/fr\/wp-json\/wp\/v2\/categories?post=466856"},{"taxonomy":"post_tag","embeddable":true,"href":"https:\/\/www.europesays.com\/fr\/wp-json\/wp\/v2\/tags?post=466856"}],"curies":[{"name":"wp","href":"https:\/\/api.w.org\/{rel}","templated":true}]}}