{"id":466872,"date":"2025-10-16T07:41:37","date_gmt":"2025-10-16T07:41:37","guid":{"rendered":"https:\/\/www.europesays.com\/fr\/466872\/"},"modified":"2025-10-16T07:41:37","modified_gmt":"2025-10-16T07:41:37","slug":"goncourt-des-lyceens-lheure-du-grand-oral-pour-les-auteurs","status":"publish","type":"post","link":"https:\/\/www.europesays.com\/fr\/466872\/","title":{"rendered":"Goncourt des lyc\u00e9ens : l\u2019heure du grand oral pour les auteurs"},"content":{"rendered":"<p><strong>\u00ab\u00a0C\u2019est impressionnant et, pour nous, une grande opportunit\u00e9 d\u2019\u00e9changer avec les auteurs,<\/strong> confient les lyc\u00e9ennes fougeraises Jeanne, Sarah et Ilona. <strong>On n\u2019imagine pas le travail de l\u2019\u00e9crivain derri\u00e8re le livre. Les voir en vrai, nous donne envie de lire, \u00e7a d\u00e9veloppe notre esprit critique.\u00a0\u00bb<\/strong><\/p>\n<p>Le compte \u00e0 rebours est lanc\u00e9 pour les 2\u00a0000\u00a0\u00e9l\u00e8ves des 57\u00a0lyc\u00e9es qui participent au <a href=\"https:\/\/www.ouest-france.fr\/culture\/livres\/prix-goncourt\/sandrine-collette-remporte-le-prix-goncourt-des-lyceens-pour-son-roman-madelaine-avant-laube-3a9418e8-ad69-11ef-9f0f-abd6acfb270c#:~:text=R%C3%A9serv%C3%A9%20aux%20abonn%C3%A9s-,Sandrine%20Collette%20remporte%20le%20prix%20Goncourt%20des%20lyc%C3%A9ens%20pour%20son,France%20d%C3%A9lib%C3%A9rait%20%C3%A0%20huis%20clos.\" target=\"_self\" rel=\"noopener\">38e Prix Goncourt des lyc\u00e9ens, <\/a>d\u00e9cern\u00e9 le 27\u00a0novembre \u00e0 Rennes. Il leur reste un mois pour poursuivre la lecture des quatorze romans en lice. Un marathon litt\u00e9raire\u2026<\/p>\n<p>\u00ab\u00a0Le prix se porte bien\u00a0\u00bb<\/p>\n<p>Mardi \u00e0 Rennes, avait lieu l\u2019une des rencontres r\u00e9gionales, temps fort de la manifestation. Une journ\u00e9e d\u00e9cisive o\u00f9 les auteurs disposent de quinze minutes pour r\u00e9pondre aux questions des 230\u00a0\u00e9l\u00e8ves bretons, normands et lig\u00e9riens.<\/p>\n<p><strong>\u00ab\u00a0Comme une op\u00e9ration v\u00e9rit\u00e9. On voit tout de suite ce qui les a touch\u00e9s, int\u00e9ress\u00e9s ou pas dans nos livres\u00a0\u00bb<\/strong> commente <a href=\"https:\/\/rennes.maville.com\/actu\/actudet_-avec-son-nouveau-roman-tressaillir-maria-pourchet-electrise-la-rentree-litteraire-_54135-6948543_actu.Htm\" target=\"_self\" rel=\"noopener\">Maria Pourchet, auteure de Tressaillir.<\/a> Guillaume Poix auteur de Perp\u00e9tuit\u00e9 se dit \u00e9mu\u00a0: <strong>\u00ab\u00a0Face aux jeunes, c\u2019est d\u00e9sar\u00e7onnant, on est dans des \u00e9changes vrais, la simplicit\u00e9 du face-\u00e0-face.\u00a0\u00bb<\/strong><\/p>\n<p>\t<img decoding=\"async\" src=\"https:\/\/www.europesays.com\/fr\/wp-content\/uploads\/2025\/10\/P35524011D7021561G_px_640_.jpg\" alt=\"photo natacha appanah, autrice de la nuit au c\u0153ur, lors des rencontres goncourt, \u00e0 rennes, avec les \u00e9l\u00e8ves du grand ouest.  \u00a9  ouest-france\" width=\"640\" title=\" Natacha Appanah, autrice de La Nuit au c\u0153ur, lors des rencontres Goncourt, \u00e0 Rennes, avec les \u00e9l\u00e8ves du Grand Ouest.   Ouest-France \"\/><\/p>\n<p class=\"elmt-legende\"> Natacha Appanah, autrice de La Nuit au c\u0153ur, lors des rencontres Goncourt, \u00e0 Rennes, avec les \u00e9l\u00e8ves du Grand Ouest.   Ouest-France <\/p>\n<p><strong>\u00ab\u00a0Rencontrer des auteurs n\u2019est pas quelque chose que l\u2019on vit tous les jours\u00a0\u00bb,<\/strong> t\u00e9moigne Rose, lyc\u00e9enne rennaise.<strong> \u00ab\u00a0C\u2019est super int\u00e9ressant de conna\u00eetre leur source d\u2019inspiration\u00a0\u00bb<\/strong> t\u00e9moigne Charlyse, du lyc\u00e9e de Cesson. <strong>\u00ab\u00a0On d\u00e9couvre des styles litt\u00e9raires, des auteurs qu\u2019on n\u2019aurait pas lus naturellement, <\/strong>ajoute Lucie<strong>. Et notre avis les int\u00e9resse. On se sent reconnus.\u00a0\u00bb<\/strong><\/p>\n<p>\t<img decoding=\"async\" src=\"https:\/\/www.europesays.com\/fr\/wp-content\/uploads\/2025\/10\/P35524012D7021561G_px_640_.jpg\" alt=\"photo ces rencontres r\u00e9gionales, l\u2019occasion pour les \u00e9l\u00e8ves de poser toutes leurs questions aux auteurs.  \u00a9  ouest-france\" width=\"640\" title=\" Ces rencontres r\u00e9gionales, l\u2019occasion pour les \u00e9l\u00e8ves de poser toutes leurs questions aux auteurs.   Ouest-France \"\/><\/p>\n<p class=\"elmt-legende\"> Ces rencontres r\u00e9gionales, l\u2019occasion pour les \u00e9l\u00e8ves de poser toutes leurs questions aux auteurs.   Ouest-France <\/p>\n<p>Les th\u00e9matiques des romans sont plut\u00f4t sombres, prison, deuil, schizophr\u00e9nie, guerre civile, f\u00e9minicides, homophobie\u2026 Et les questions des lyc\u00e9ens multiples et bien senties\u00a0: Source d\u2019inspiration, part d\u2019autobiographie, motivation, recherches\u2026<\/p>\n<p><strong>\u00ab\u00a0Cela nous donne un autre point de vue sur le livre\u00a0\u00bb, <\/strong>se f\u00e9licite Achille, de Rennes. Tous savent que leur vote peut changer la vie d\u2019un auteur.<a href=\"http:\/\/www.rennes.maville.com\/sortir\/infos_-rennes.-le-goncourt-des-lyceens-va-feter-ses-30-ans_52674-3309833_actu.Htm\" target=\"_self\" rel=\"noopener\"> Le Prix Goncourt des lyc\u00e9ens<\/a> est l\u2019une des meilleures ventes en librairie,<strong> \u00ab\u00a0c\u2019est une responsabilit\u00e9, \u00e7a motive aussi\u00a0\u00bb,<\/strong> l\u00e2che Jules.<\/p>\n<p>\t<img decoding=\"async\" src=\"https:\/\/www.europesays.com\/fr\/wp-content\/uploads\/2025\/10\/P35524013D7021561G_px_640_.jpg\" alt=\"photo jeanne et ma\u00eblig, montrent la d\u00e9dicace de david thomas, auteur de \\\\\" un=\"\" fr=\"\" ouest-france=\"\" width=\"640\" title=\" Jeanne et Ma\u00eblig, montrent la d\u00e9dicace de David Thomas, auteur de \\\"\/><\/p>\n<p class=\"elmt-legende\"> Jeanne et Ma\u00eblig, montrent la d\u00e9dicace de David Thomas, auteur de \\<\/p>\n<p>Au lyc\u00e9e de Foug\u00e8res, le Goncourt des lyc\u00e9ens a resserr\u00e9 les liens dans la classe.<strong> \u00ab\u00a0On discute des livres. C\u2019est nouveau pour nous de lire ces romans pour adultes, autour de l\u2019actualit\u00e9, de sujets de soci\u00e9t\u00e9\u2026\u00a0\u00bb<\/strong><\/p>\n<p>La lecture ne les impressionne pas, <strong>\u00ab\u00a0On n\u2019est pas en sp\u00e9cialit\u00e9 HLP (Humanit\u00e9s, litt\u00e9rature et philosophie) pour rien\u00a0!\u00a0\u00bb<\/strong> lancent Kalyce et Louise. Et pour ceux qui auraient encore des r\u00e9ticences, voir les romanciers d\u00e9bloquent des choses, estime Sylvie Voscaroudis, professeure de Lettres \u00e0 Cesson.<\/p>\n<p><a href=\"https:\/\/rennes.maville.com\/info\/info-locale\/le-goncourt-cette-folle-journee-des-lyceens-5388045\" target=\"_self\" rel=\"noopener\">Bernard Le Doze<\/a> co-cr\u00e9ateur du Goncourt des lyc\u00e9ens peut \u00eatre rassur\u00e9\u00a0:<strong> \u00ab\u00a0Je suis toujours \u00e9mu de voir le s\u00e9rieux des \u00e9l\u00e8ves, la disponibilit\u00e9 des auteurs. Apr\u00e8s 38\u00a0ans, le prix <\/strong> <strong>se porte bien.\u00a0\u00bb<\/strong><\/p>\n<p>\u00a0<\/p>\n","protected":false},"excerpt":{"rendered":"\u00ab\u00a0C\u2019est impressionnant et, pour nous, une grande opportunit\u00e9 d\u2019\u00e9changer avec les auteurs, confient les lyc\u00e9ennes fougeraises Jeanne, Sarah&hellip;\n","protected":false},"author":2,"featured_media":466873,"comment_status":"","ping_status":"","sticky":false,"template":"","format":"standard","meta":{"footnotes":""},"categories":[2821],"tags":[1111,11,711,829,1777,674,1011,27,51438,2515,3838,15387,12,59075,584,25],"class_list":{"0":"post-466872","1":"post","2":"type-post","3":"status-publish","4":"format-standard","5":"has-post-thumbnail","7":"category-rennes","8":"tag-actu","9":"tag-actualites","10":"tag-auteurs","11":"tag-bretagne","12":"tag-eu","13":"tag-europe","14":"tag-fr","15":"tag-france","16":"tag-goncourt","17":"tag-grand","18":"tag-heure","19":"tag-lyceens","20":"tag-news","21":"tag-oral","22":"tag-rennes","23":"tag-republique-francaise"},"share_on_mastodon":{"url":"https:\/\/pubeurope.com\/@fr\/115382720295678370","error":""},"_links":{"self":[{"href":"https:\/\/www.europesays.com\/fr\/wp-json\/wp\/v2\/posts\/466872","targetHints":{"allow":["GET"]}}],"collection":[{"href":"https:\/\/www.europesays.com\/fr\/wp-json\/wp\/v2\/posts"}],"about":[{"href":"https:\/\/www.europesays.com\/fr\/wp-json\/wp\/v2\/types\/post"}],"author":[{"embeddable":true,"href":"https:\/\/www.europesays.com\/fr\/wp-json\/wp\/v2\/users\/2"}],"replies":[{"embeddable":true,"href":"https:\/\/www.europesays.com\/fr\/wp-json\/wp\/v2\/comments?post=466872"}],"version-history":[{"count":0,"href":"https:\/\/www.europesays.com\/fr\/wp-json\/wp\/v2\/posts\/466872\/revisions"}],"wp:featuredmedia":[{"embeddable":true,"href":"https:\/\/www.europesays.com\/fr\/wp-json\/wp\/v2\/media\/466873"}],"wp:attachment":[{"href":"https:\/\/www.europesays.com\/fr\/wp-json\/wp\/v2\/media?parent=466872"}],"wp:term":[{"taxonomy":"category","embeddable":true,"href":"https:\/\/www.europesays.com\/fr\/wp-json\/wp\/v2\/categories?post=466872"},{"taxonomy":"post_tag","embeddable":true,"href":"https:\/\/www.europesays.com\/fr\/wp-json\/wp\/v2\/tags?post=466872"}],"curies":[{"name":"wp","href":"https:\/\/api.w.org\/{rel}","templated":true}]}}