{"id":466881,"date":"2025-10-16T07:46:12","date_gmt":"2025-10-16T07:46:12","guid":{"rendered":"https:\/\/www.europesays.com\/fr\/466881\/"},"modified":"2025-10-16T07:46:12","modified_gmt":"2025-10-16T07:46:12","slug":"bientot-un-centre-de-supervision-urbain-commun-pour-les-petites-communes-du-departement","status":"publish","type":"post","link":"https:\/\/www.europesays.com\/fr\/466881\/","title":{"rendered":"bient\u00f4t un centre de supervision urbain commun pour les petites communes du d\u00e9partement"},"content":{"rendered":"<p>\n    Au premier semestre 2026, les communes \u00e9quip\u00e9es de cam\u00e9ras, mais qui ne disposent pas de CSU, pourront se rattacher \u00e0 un centre d\u00e9partemental avec des agents pr\u00e9sents en continu.<\/p>\n<p class=\"fig-paragraph\">Les images des\u00a0<a href=\"http:\/\/www.lefigaro.fr\/nice\/nice-bientot-300-nouvelles-cameras-de-videosurveillance-dans-une-ville-qui-en-compte-deja-5000-20241219\" data-fig-type=\"NewsFlash\" data-gtm-custom-categorie=\"navigation\" data-gtm-custom-action=\"crossclick\" data-gtm-custom-label=\"Contextuel\" data-gtm-event=\"customEventSPE\" data-fig-domain=\"LEFIGARO\" rel=\"nofollow noopener\" target=\"_blank\">cam\u00e9ras de vid\u00e9osurveillance<\/a>\u00a0de plusieurs communes des Alpes-Maritimes seront bient\u00f4t renvoy\u00e9es vers un seul et m\u00eame centre de supervision urbain d\u00e9partemental, qui doit voir le jour au premier semestre 2026, a annonc\u00e9\u00a0<a href=\"http:\/\/www.lefigaro.fr\/nice\/le-patron-lr-des-alpes-maritimes-charles-ange-ginesy-relaxe-dans-une-affaire-de-favoristime-20250929\" data-fig-type=\"NewsFlash\" data-gtm-custom-categorie=\"navigation\" data-gtm-custom-action=\"crossclick\" data-gtm-custom-label=\"Contextuel\" data-gtm-event=\"customEventSPE\" data-fig-domain=\"LEFIGARO\" rel=\"nofollow noopener\" target=\"_blank\">le pr\u00e9sident LR Charles-Ange Gin\u00e9sy<\/a>.<\/p>\n<p class=\"fig-paragraph\">Vot\u00e9 en 2023, ce projet \u00e0 1,75 million d\u2019euros doit permettre aux communes plus rurales, \u00e9quip\u00e9es de cam\u00e9ras, de disposer d\u2019un centre op\u00e9rationnel et technologique avec une dizaine d\u2019agents derri\u00e8re des \u00e9crans, chose qu\u2019elles ne peuvent pas forc\u00e9ment se payer \u00e0 d\u00e9faut de vouloir renforcer leur dispositif de s\u00e9curit\u00e9.<\/p>\n<p>                                    <a class=\"fig-a11y-skip a11y-hidden\" href=\"#fig-a11y-skip-main-inarticle\"><br \/>\n        Passer la publicit\u00e9<br \/>\n    <\/a><\/p>\n<p class=\"fig-paragraph\">Ce futur centre de supervision urbain, qui se trouvera au sein du centre administratif des Alpes-Maritimes dans l\u2019ouest de Nice, sera op\u00e9rationnel d\u2019ici la fin de l\u2019ann\u00e9e, a assur\u00e9 Charles-Ange Gin\u00e9sy. Une trentaine de communes, essentiellement de l\u2019arri\u00e8re-pays ni\u00e7ois, ont \u00e0 ce stade donn\u00e9 un retour favorable et seront prochainement reli\u00e9es \u00e0 ce centre.<\/p>\n<p>24 heures sur 24<\/p>\n<p class=\"fig-paragraph\">Seules les villes de moins de 40.000 habitants peuvent b\u00e9n\u00e9ficier de ce dispositif mutualis\u00e9, les autres grandes collectivit\u00e9s\u00a0<a href=\"http:\/\/www.lefigaro.fr\/nice\/securite-a-nice-plongee-au-coeur-du-premier-complexe-de-videoprotection-francais-20230126\" data-fig-type=\"Article\" data-gtm-custom-categorie=\"navigation\" data-gtm-custom-action=\"crossclick\" data-gtm-custom-label=\"Contextuel\" data-gtm-event=\"customEventSPE\" data-fig-domain=\"LEFIGARO\" rel=\"nofollow noopener\" target=\"_blank\">comme Nice<\/a>\u00a0ou Cannes ayant d\u00e9j\u00e0 leur propre centre de supervision. Au total, 151 communes maralpines sont \u00e9ligibles et ont re\u00e7u une proposition du conseil d\u00e9partemental.<\/p>\n<p class=\"fig-paragraph\">Les flux vid\u00e9o de toutes ces petites villes (250 cam\u00e9ras recens\u00e9es \u00e0 ce jour) seront re\u00e7us par ce CSU commun et exploit\u00e9s en temps r\u00e9el par des agents pr\u00e9sents \u00ab24 heures sur 24 et 7 jours sur 7\u00bb, insiste Charles-Ange Gin\u00e9sy aupr\u00e8s du Figaro. \u00abLa d\u00e9linquance s\u2019organise l\u00e0 o\u00f9 elle n\u2019est pas traqu\u00e9e et il faut la traquer\u00bb, d\u00e9fend\u00a0<a href=\"http:\/\/www.lefigaro.fr\/nice\/au-departement-des-alpes-maritimes-eric-ciotti-presque-comme-si-de-rien-n-etait-avec-lr-20250117\" data-fig-type=\"NewsFlash\" data-gtm-custom-categorie=\"navigation\" data-gtm-custom-action=\"crossclick\" data-gtm-custom-label=\"Contextuel\" data-gtm-event=\"customEventSPE\" data-fig-domain=\"LEFIGARO\" rel=\"nofollow noopener\" target=\"_blank\">le pr\u00e9sident LR de la collectivit\u00e9<\/a>.<\/p>\n<p class=\"fig-paragraph\">De plus en plus de petites communes s\u2019\u00e9quipent de cam\u00e9ras, notamment pour surveiller leurs infrastructures comme les \u00e9coles, et d\u2019autres souhaitent encore le faire. Ce CSU commun a aussi pour objectif de les encourager \u00e0 investir dans des cam\u00e9ras avec l\u2019appui de ce service d\u00e9partemental. Un syndicat mixte va \u00eatre cr\u00e9\u00e9 pour la gestion du CSU avant d\u2019envisager une convention avec la pr\u00e9fecture et les forces de s\u00e9curit\u00e9 de l\u2019\u00c9tat pour que les images et les renseignements soient aussi partag\u00e9s avec la gendarmerie.<\/p>\n","protected":false},"excerpt":{"rendered":"Au premier semestre 2026, les communes \u00e9quip\u00e9es de cam\u00e9ras, mais qui ne disposent pas de CSU, pourront se&hellip;\n","protected":false},"author":2,"featured_media":466882,"comment_status":"","ping_status":"","sticky":false,"template":"","format":"standard","meta":{"footnotes":""},"categories":[2819],"tags":[1111,11,1777,674,1011,27,12,2401,882,25,656,11941],"class_list":{"0":"post-466881","1":"post","2":"type-post","3":"status-publish","4":"format-standard","5":"has-post-thumbnail","7":"category-nice","8":"tag-actu","9":"tag-actualites","10":"tag-eu","11":"tag-europe","12":"tag-fr","13":"tag-france","14":"tag-news","15":"tag-nice","16":"tag-provence-alpes-cote-dazur","17":"tag-republique-francaise","18":"tag-securite","19":"tag-surveillance-video"},"share_on_mastodon":{"url":"https:\/\/pubeurope.com\/@fr\/115382739466904325","error":""},"_links":{"self":[{"href":"https:\/\/www.europesays.com\/fr\/wp-json\/wp\/v2\/posts\/466881","targetHints":{"allow":["GET"]}}],"collection":[{"href":"https:\/\/www.europesays.com\/fr\/wp-json\/wp\/v2\/posts"}],"about":[{"href":"https:\/\/www.europesays.com\/fr\/wp-json\/wp\/v2\/types\/post"}],"author":[{"embeddable":true,"href":"https:\/\/www.europesays.com\/fr\/wp-json\/wp\/v2\/users\/2"}],"replies":[{"embeddable":true,"href":"https:\/\/www.europesays.com\/fr\/wp-json\/wp\/v2\/comments?post=466881"}],"version-history":[{"count":0,"href":"https:\/\/www.europesays.com\/fr\/wp-json\/wp\/v2\/posts\/466881\/revisions"}],"wp:featuredmedia":[{"embeddable":true,"href":"https:\/\/www.europesays.com\/fr\/wp-json\/wp\/v2\/media\/466882"}],"wp:attachment":[{"href":"https:\/\/www.europesays.com\/fr\/wp-json\/wp\/v2\/media?parent=466881"}],"wp:term":[{"taxonomy":"category","embeddable":true,"href":"https:\/\/www.europesays.com\/fr\/wp-json\/wp\/v2\/categories?post=466881"},{"taxonomy":"post_tag","embeddable":true,"href":"https:\/\/www.europesays.com\/fr\/wp-json\/wp\/v2\/tags?post=466881"}],"curies":[{"name":"wp","href":"https:\/\/api.w.org\/{rel}","templated":true}]}}