{"id":466885,"date":"2025-10-16T07:48:11","date_gmt":"2025-10-16T07:48:11","guid":{"rendered":"https:\/\/www.europesays.com\/fr\/466885\/"},"modified":"2025-10-16T07:48:11","modified_gmt":"2025-10-16T07:48:11","slug":"le-ps-et-les-verts-veulent-faire-de-nantes-une-ville-refuge","status":"publish","type":"post","link":"https:\/\/www.europesays.com\/fr\/466885\/","title":{"rendered":"le PS et les Verts veulent faire de Nantes une \u00ab\u00a0ville refuge\u00a0\u00bb"},"content":{"rendered":"<p>            Par<br \/>\n        <strong><br \/>\n            <a href=\"https:\/\/actu.fr\/auteur\/laure-gentil\" title=\"Consulter tous les articles de Laure Gentil\" target=\"_blank\" rel=\"noopener\">Laure Gentil<\/a><br \/>\n        <\/strong><\/p>\n<p>        Publi\u00e9 le<\/p>\n<p>            16 oct. 2025 \u00e0 9h27        <\/p>\n<p><strong>Marie Vitoux<\/strong>, cheffe de file d\u2019<a href=\"https:\/\/actu.fr\/pays-de-la-loire\/nantes_44109\/municipales-2026-a-nantes-les-verts-appellent-a-l-union-avec-le-ps-et-lfi-des-le-premier-tour_62693952.html\" target=\"_blank\" rel=\"noopener\">Ambitions Communes<\/a>, et les Verts <a href=\"https:\/\/actu.fr\/pays-de-la-loire\/nantes_44109\/municipales-2026-a-nantes-les-verts-s-allient-avec-johanna-rolland-pour-le-premier-tour_63301246.html\" target=\"_blank\" rel=\"noopener\">se rangent derri\u00e8re Johanna Rolland (Parti Socialiste)<\/a> pour les prochaines municipales en 2026. Une d\u00e9cision annonc\u00e9e ce mercredi 15 octobre apr\u00e8s le vote de<strong> 180 militants \u00e9cologistes<\/strong>. Ces derniers avaient le choix entre faire cavalier seul, rejoindre <a href=\"https:\/\/actu.fr\/pays-de-la-loire\/nantes_44109\/c-est-une-cabale-les-chefs-de-file-lfi-pour-les-municipales-a-nantes-sanctionnes_63003028.html\" target=\"_blank\" rel=\"noopener\">la France Insoumise<\/a> ou s\u2019allier avec le Parti Socialiste et la maire Johanna Rolland. C\u2019est cette derni\u00e8re proposition qui l\u2019a emport\u00e9e <strong>\u00e0 81,2\u2009%.<\/strong><\/p>\n<p class=\" wall-content\">Une conf\u00e9rence de presse a par la suite \u00e9t\u00e9 organis\u00e9e pour d\u00e9tailler <strong>le projet commun<\/strong> des deux partis.<\/p>\n<p>\u00ab\u2009Il veut d\u00e9faire ce que nous voulons faire\u2009\u00bb<\/p>\n<p class=\" wall-content\">Johanna Rolland et Marie Vitoux sont tr\u00e8s claires, leur ambition est de faire barrage \u00e0 la \u00ab\u2009mont\u00e9e de l\u2019extr\u00eame droite\u2009\u00bb. Le <a href=\"https:\/\/actu.fr\/pays-de-la-loire\/nantes_44109\/municipales-2026-a-nantes-foulques-chombart-de-lauwe-promet-une-opposition-tonique-pour-prendre-la-mairie_63101251.html\" target=\"_blank\" rel=\"noopener\">candidat des R\u00e9publicains, Foulques Chombart de Lauwe<\/a> a \u00e9t\u00e9 vis\u00e9 nomm\u00e9ment. La maire de gauche d\u00e9nonce un candidat qui \u00ab\u2009veut d\u00e9faire ce nous voulons faire\u2009\u00bb.<\/p>\n<blockquote class=\"ac-article-quote wall-content\">\n<p>Il y a un choix qui s&rsquo;annonce pour les Nantaises et les Nantais.\u00a0 D&rsquo;un c\u00f4t\u00e9 le repli, la fermeture, le conservatisme, avec un candidat de droite, qui laisse d\u00e9j\u00e0 pr\u00e9sager, au-del\u00e0 de ses grossi\u00e8ret\u00e9s et de ses outrances qui me paraissent tellement loin de l&rsquo;esprit Nantais, de sa volont\u00e9 de d\u00e9manteler ce qui fait qu&rsquo;on veut faire soci\u00e9t\u00e9.<\/p>\n<p>    <strong>Johanna Rolland<\/strong><br \/>\n        Maire de Nantes    <\/p><\/blockquote>\n<p class=\" wall-content\">\u00ab\u2009Nous, avec Marie (Vitoux N.D.L.R), nous voulons une ville plus juste, on veut une ville plus \u00e9cologiste, on veut une ville plus f\u00e9ministe, on veut une ville o\u00f9 on vit bien\u2009\u00bb, a-t-elle assur\u00e9.<\/p>\n<p>Quel est le programme\u2009?<\/p>\n<p class=\" wall-content\">Si l\u2019\u00e9laboration du programme \u00ab\u2009se poursuit\u2009\u00bb entre les deux forces politiques. Johanna Rolland et Marie Vitoux s\u2019accordent d\u00e9j\u00e0 sur plusieurs mesures comme notamment plus de <strong>d\u00e9bitumisation<\/strong>, doubler le nombre de places d\u2019h\u00e9bergement d\u2019urgence, <strong>\u00e9largir la gratuit\u00e9 des transports<\/strong> aux plus modestes (soit 15\u2009000 personnes en plus), la<strong> cr\u00e9ation de 150\u00a0km<\/strong> de nouvelles <strong>pistes cyclables<\/strong>, un <strong>go\u00fbter gratuit<\/strong> dans les \u00e9coles primaires, et transformer Nantes en \u00ab\u2009ville refuge\u2009\u00bb.<\/p>\n<p>Votre r\u00e9gion, votre actu !<\/p>\n<p>Recevez chaque jour les infos qui comptent pour vous.<\/p>\n<p>\t<a href=\"https:\/\/actu.fr\/newsletter\" class=\"ac-btn ac-btn--corner ac-btn--medium ac-btn--blue800\" target=\"_blank\" rel=\"noopener\">S&rsquo;incrire<\/a><\/p>\n<blockquote class=\"ac-article-quote wall-content\">\n<p>Je suis fi\u00e8re de me dire qu&rsquo;aujourd&rsquo;hui dans les discussions qu&rsquo;on a eues, on s&rsquo;accorde pour se dire que Nantes devient demain une ville refuge, c&rsquo;est-\u00e0-dire une ville qui assume l&rsquo;accueil inconditionnel des exil\u00e9s, quelle que soit la situation administrative, et qui assume de dire, qu&rsquo;en lien avec l&rsquo;Etat, on doublera les places d&rsquo;h\u00e9bergement.<\/p>\n<p>    <strong>Marie Vitoux<\/strong><br \/>\n        Cheffe de file des \u00c9cologistes \u00e0 Nantes    <\/p><\/blockquote>\n<p class=\" wall-content\">L\u2019autre mesure phare concerne le <strong>logement\u2009<\/strong>: 60\u2009% de la production neuve sera r\u00e9gul\u00e9e pour des logements accessibles \u00ab\u2009aux classes moyennes et populaires\u2009\u00bb avec\u2009: 40\u2009% de logements sociaux et 20\u2009% de logements en location ou en accession \u00ab\u2009\u00e0 prix abordables et ma\u00eetris\u00e9s\u2009\u00bb.<\/p>\n<p class=\" wall-content\">Selon la maire, les partis s\u2019engagent dans \u00ab\u2009une campagne solide sur ses appuis, une campagne enthousiaste, une campagne qui donne de l\u2019espoir\u2009\u00bb.<\/p>\n<p>    <img   decoding=\"async\" loading=\"lazy\" src=\"https:\/\/www.europesays.com\/fr\/wp-content\/uploads\/2025\/10\/nantes-johanna-rolland-marie-vitoux-5-960x640.jpeg\" alt=\"L'union entre le Parti Socialiste, les Verts et les Communistes n'int\u00e9grera pas les Insoumis \u00e0 Nantes.\" width=\"960\" height=\"640\"\/><br \/>\n    L\u2019union entre le Parti Socialiste, les Verts et les Communistes n\u2019int\u00e9grera pas les Insoumis \u00e0 Nantes. (\u00a9Laure Gentil \/ actu Nantes)Pas d\u2019accord avec la France Insoumise<\/p>\n<p class=\" wall-content\">Si Marie Vitoux a longtemps souhait\u00e9 une <strong>union des gauches<\/strong> \u00ab\u2009la plus large possible\u2009\u00bb pour les municipales, la porte s\u2019est referm\u00e9e d\u00e9finitivement pour une alliance avec<strong> la France Insoumise.<\/strong><\/p>\n<p class=\" wall-content\">\u00ab\u2009Il n\u2019y aura pas d\u2019accord avec la France Insoumise et ils n\u2019en souhaitent pas non plus\u2009\u00bb, a fermement indiqu\u00e9 Johanna Rolland.<\/p>\n<p class=\" wall-content\">De leur c\u00f4t\u00e9, les insoumis, apr\u00e8s l\u2019annonce des r\u00e9sultats du vote des militants \u00e9colos, ont d\u00e9nonc\u00e9 \u00ab\u2009une continuit\u00e9 socialiste\u2009\u00bb de la part des Verts. \u00ab\u2009Nous avions propos\u00e9 aux \u00e9cologistes de b\u00e2tir un front commun de rupture [\u2026] Par leur choix, et de notre point de vue, les \u00e9cologistes abandonnent l\u2019\u00e9cologie populaire et assument dans cette \u00e9lection le bilan de la maire socialiste sortante, pourtant largement contest\u00e9 par les Nantais\u2009\u00bb, ont-ils \u00e9crit dans leur communiqu\u00e9.<a href=\"https:\/\/actu.fr\/pays-de-la-loire\/nantes_44109\/municipales-2026-a-nantes-qui-sont-les-nouvelles-tetes-de-liste-des-insoumis_63277675.html\" target=\"_blank\" rel=\"noopener\"> William Aucant et Erika Cadersah, les deux chefs de file,<\/a> pr\u00e9senteront leur propre liste aux \u00e9lections.<\/p>\n<p class=\" wall-content\">Personnalisez votre actualit\u00e9 en ajoutant vos villes et m\u00e9dias en favori avec <a href=\"https:\/\/moncompte.actu.fr\" title=\"D\u00e9couvez Mon Actu\" rel=\"nofollow noopener\" data-trk=\"{&quot;cta&quot;:{&quot;action&quot;:&quot;https:\\\/\\\/moncompte.actu.fr&quot;,&quot;category&quot;:&quot;mon compte&quot;,&quot;from&quot;:&quot;article footer&quot;,&quot;name&quot;:&quot;Mon actu&quot;,&quot;type&quot;:&quot;cta&quot;}}\" target=\"_blank\">Mon Actu<\/a>.<\/p>\n","protected":false},"excerpt":{"rendered":"Par Laure Gentil Publi\u00e9 le 16 oct. 2025 \u00e0 9h27 Marie Vitoux, cheffe de file d\u2019Ambitions Communes, et&hellip;\n","protected":false},"author":2,"featured_media":466886,"comment_status":"","ping_status":"","sticky":false,"template":"","format":"standard","meta":{"footnotes":""},"categories":[2818],"tags":[1111,11,4188,1777,674,7430,1011,27,3434,766,12,4484,2636,316,25],"class_list":{"0":"post-466885","1":"post","2":"type-post","3":"status-publish","4":"format-standard","5":"has-post-thumbnail","7":"category-nantes","8":"tag-actu","9":"tag-actualites","10":"tag-elections-municipales","11":"tag-eu","12":"tag-europe","13":"tag-europe-ecologie-les-verts-eelv","14":"tag-fr","15":"tag-france","16":"tag-municipales-2026","17":"tag-nantes","18":"tag-news","19":"tag-parti-socialiste-ps","20":"tag-pays-de-la-loire","21":"tag-politique","22":"tag-republique-francaise"},"share_on_mastodon":{"url":"https:\/\/pubeurope.com\/@fr\/115382748511513198","error":""},"_links":{"self":[{"href":"https:\/\/www.europesays.com\/fr\/wp-json\/wp\/v2\/posts\/466885","targetHints":{"allow":["GET"]}}],"collection":[{"href":"https:\/\/www.europesays.com\/fr\/wp-json\/wp\/v2\/posts"}],"about":[{"href":"https:\/\/www.europesays.com\/fr\/wp-json\/wp\/v2\/types\/post"}],"author":[{"embeddable":true,"href":"https:\/\/www.europesays.com\/fr\/wp-json\/wp\/v2\/users\/2"}],"replies":[{"embeddable":true,"href":"https:\/\/www.europesays.com\/fr\/wp-json\/wp\/v2\/comments?post=466885"}],"version-history":[{"count":0,"href":"https:\/\/www.europesays.com\/fr\/wp-json\/wp\/v2\/posts\/466885\/revisions"}],"wp:featuredmedia":[{"embeddable":true,"href":"https:\/\/www.europesays.com\/fr\/wp-json\/wp\/v2\/media\/466886"}],"wp:attachment":[{"href":"https:\/\/www.europesays.com\/fr\/wp-json\/wp\/v2\/media?parent=466885"}],"wp:term":[{"taxonomy":"category","embeddable":true,"href":"https:\/\/www.europesays.com\/fr\/wp-json\/wp\/v2\/categories?post=466885"},{"taxonomy":"post_tag","embeddable":true,"href":"https:\/\/www.europesays.com\/fr\/wp-json\/wp\/v2\/tags?post=466885"}],"curies":[{"name":"wp","href":"https:\/\/api.w.org\/{rel}","templated":true}]}}