{"id":466891,"date":"2025-10-16T07:51:11","date_gmt":"2025-10-16T07:51:11","guid":{"rendered":"https:\/\/www.europesays.com\/fr\/466891\/"},"modified":"2025-10-16T07:51:11","modified_gmt":"2025-10-16T07:51:11","slug":"un-barrage-contre-le-plastique-a-toulouse-plastic-vortex-va-repecher-des-tonnes-de-dechets-dans-la-garonne","status":"publish","type":"post","link":"https:\/\/www.europesays.com\/fr\/466891\/","title":{"rendered":"Un barrage contre le plastique\u00a0: \u00e0 Toulouse, Plastic Vortex va rep\u00eacher des tonnes de d\u00e9chets dans la Garonne"},"content":{"rendered":"<p class=\"paragraph text_align_left lp-f-body-02\"><a href=\"https:\/\/www.leparisien.fr\/environnement\/un-camion-de-dechets-plastiques-se-deverse-chaque-minute-pourquoi-une-pollution-durable-affecte-les-oceans-09-08-2023-O6LTVYK2PRFQVLWYMSKVJSAEAU.php \" target=\"_self\" rel=\"noopener\">Chaque ann\u00e9e, jusqu\u2019\u00e0 2,7 millions de tonnes de plastiques sont d\u00e9vers\u00e9es dans les oc\u00e9ans <\/a>a r\u00e9v\u00e9l\u00e9 en 2021 une \u00e9tude de l\u2019ONG The Ocean Cleanup. Ces d\u00e9chets, dont 80 % sont d\u2019origine terrestre, sont achemin\u00e9s par <a href=\"https:\/\/www.leparisien.fr\/environnement\/une-pollution-diffuse-et-installee-les-grands-fleuves-europeens-envahis-par-les-microplastiques-07-04-2025-WCSHAGYX5JF73NKSYJLWQWHTX4.php\" target=\"_self\" rel=\"noopener\">les rivi\u00e8res et les fleuves devenus de v\u00e9ritables autoroutes plastiques<\/a>. Pour traiter cette pollution \u00e0 la source, <a href=\"https:\/\/www.leparisien.fr\/environnement\/un-collecteur-chasse-le-plastique-flottant-sur-la-garonne-01-10-2019-8163669.php\" target=\"_self\" rel=\"noopener\">la soci\u00e9t\u00e9 toulousaine Plastic Vortex <\/a>a imagin\u00e9 et fabriqu\u00e9 un syst\u00e8me brevet\u00e9 de barrage flottant qu\u2019elle a d\u00e9ploy\u00e9 pour la premi\u00e8re fois \u00e0 Toulouse, son site pilote.<\/p>\n<p class=\"paragraph text_align_left lp-f-body-02\">L\u2019installation a \u00e9t\u00e9 arrim\u00e9e le 19 septembre dernier c\u00f4t\u00e9 rive droite de la Garonne, au pont d\u2019Ancely et de l\u2019autre, 150 m\u00e8tres plus bas, au pont de Blagnac, dans le quartier des Sept-Deniers. Accroch\u00e9s \u00e0 un c\u00e2ble m\u00e9tallique, une bande en caoutchouc immerg\u00e9e sur 40 cm et des flotteurs de part et d\u2019autre traversent la Garonne en diagonale pour guider les d\u00e9chets vers un syst\u00e8me de collecte automatis\u00e9.<\/p>\n<p class=\"paragraph text_align_left lp-f-body-02\">\u00ab Une fois bloqu\u00e9s, les macroplastiques sont remont\u00e9s \u00e0 l\u2019aide d\u2019un convoyeur jusqu\u2019\u00e0 une benne positionn\u00e9e sur la berge. Ce tapis roulant se d\u00e9clenche selon les besoins et ne n\u00e9cessite pas d\u2019intervention humaine ce qui permet de r\u00e9duire les co\u00fbts d\u2019exploitation \u00bb, explique Patrick Thaunay, cofondateur de Plastic Vortex.<\/p>\n<p>30 autres barrages install\u00e9s en France<\/p>\n<p class=\"paragraph text_align_left lp-f-body-02\">\u00c0 l\u2019\u00e9chelle de la ville de Toulouse, ce barrage flottant<b> <\/b>doit permettre, sans g\u00eaner la circulation de la faune aquatique, d\u2019intercepter 80 % des d\u00e9chets circulant sur la Garonne \u00e0 la surface de l\u2019eau, de la taille d\u2019un m\u00e9got \u00e0 celle d\u2019un bidon. La soci\u00e9t\u00e9 estime que 8 tonnes de plastiques, soit l\u2019\u00e9quivalent de 425 000 bouteilles, pourraient \u00eatre r\u00e9cup\u00e9r\u00e9es chaque ann\u00e9e pour \u00eatre tri\u00e9es et dirig\u00e9es vers des fili\u00e8res de valorisation.<\/p>\n<p class=\"paragraph text_align_left lp-f-body-02\">Pour donner vie \u00e0 leur premier projet de barrage, test\u00e9 \u00e0 Toulouse en partenariat avec la collectivit\u00e9 Toulouse M\u00e9tropole, les quatre associ\u00e9s de Plastic Vortex ont investi au total 180 000 euros de fonds propres et lev\u00e9 320 000 euros sous forme de pr\u00eats bancaires et de subventions accord\u00e9es par l\u2019Agence de l\u2019eau Adour-Garonne, la R\u00e9gion et Bpifrance. <\/p>\n<p class=\"paragraph text_align_left lp-f-body-02\">Le dispositif a \u00e9t\u00e9 con\u00e7u pour pouvoir fonctionner aussi durant les crues annuelles et s\u2019ouvre automatiquement en deux en cas de trop forte mont\u00e9e des eaux pour ne pas se laisser emporter. Au-del\u00e0 de Toulouse, le projet de Plastic Vortex et ses actionnaires, parmi lesquels figure Inddigo, soci\u00e9t\u00e9 de conseil et d\u2019ing\u00e9nierie en d\u00e9veloppement durable, est de parvenir \u00e0 un maillage national en installant 30 autres barrages en France.<\/p>\n<p class=\"paragraph text_align_left lp-f-body-02\">Une fois d\u00e9ploy\u00e9, ce r\u00e9seau pourrait permettre, selon les estimations de l\u2019\u00e9quipe de Plastic Vortex, de capter quelque 175 tonnes de plastiques sur les 250 qui prennent chaque ann\u00e9e le chemin des mers et des oc\u00e9ans via les cours d\u2019eau fran\u00e7ais, soit l\u2019\u00e9quivalent de 9 millions de bouteilles en plastique.<\/p>\n","protected":false},"excerpt":{"rendered":"Chaque ann\u00e9e, jusqu\u2019\u00e0 2,7 millions de tonnes de plastiques sont d\u00e9vers\u00e9es dans les oc\u00e9ans a r\u00e9v\u00e9l\u00e9 en 2021&hellip;\n","protected":false},"author":2,"featured_media":466892,"comment_status":"","ping_status":"","sticky":false,"template":"","format":"standard","meta":{"footnotes":""},"categories":[2816],"tags":[1111,917,11,459,1777,674,1011,27,3746,4623,12,2680,25,2312],"class_list":{"0":"post-466891","1":"post","2":"type-post","3":"status-publish","4":"format-standard","5":"has-post-thumbnail","7":"category-toulouse","8":"tag-actu","9":"tag-actu-locale","10":"tag-actualites","11":"tag-departements-horsidfo","12":"tag-eu","13":"tag-europe","14":"tag-fr","15":"tag-france","16":"tag-futurs","17":"tag-haute-garonne-31","18":"tag-news","19":"tag-occitanie","20":"tag-republique-francaise","21":"tag-toulouse"},"share_on_mastodon":{"url":"https:\/\/pubeurope.com\/@fr\/115382759139195731","error":""},"_links":{"self":[{"href":"https:\/\/www.europesays.com\/fr\/wp-json\/wp\/v2\/posts\/466891","targetHints":{"allow":["GET"]}}],"collection":[{"href":"https:\/\/www.europesays.com\/fr\/wp-json\/wp\/v2\/posts"}],"about":[{"href":"https:\/\/www.europesays.com\/fr\/wp-json\/wp\/v2\/types\/post"}],"author":[{"embeddable":true,"href":"https:\/\/www.europesays.com\/fr\/wp-json\/wp\/v2\/users\/2"}],"replies":[{"embeddable":true,"href":"https:\/\/www.europesays.com\/fr\/wp-json\/wp\/v2\/comments?post=466891"}],"version-history":[{"count":0,"href":"https:\/\/www.europesays.com\/fr\/wp-json\/wp\/v2\/posts\/466891\/revisions"}],"wp:featuredmedia":[{"embeddable":true,"href":"https:\/\/www.europesays.com\/fr\/wp-json\/wp\/v2\/media\/466892"}],"wp:attachment":[{"href":"https:\/\/www.europesays.com\/fr\/wp-json\/wp\/v2\/media?parent=466891"}],"wp:term":[{"taxonomy":"category","embeddable":true,"href":"https:\/\/www.europesays.com\/fr\/wp-json\/wp\/v2\/categories?post=466891"},{"taxonomy":"post_tag","embeddable":true,"href":"https:\/\/www.europesays.com\/fr\/wp-json\/wp\/v2\/tags?post=466891"}],"curies":[{"name":"wp","href":"https:\/\/api.w.org\/{rel}","templated":true}]}}