{"id":466903,"date":"2025-10-16T07:57:12","date_gmt":"2025-10-16T07:57:12","guid":{"rendered":"https:\/\/www.europesays.com\/fr\/466903\/"},"modified":"2025-10-16T07:57:12","modified_gmt":"2025-10-16T07:57:12","slug":"un-telephone-vole-a-une-etudiante-retrouve","status":"publish","type":"post","link":"https:\/\/www.europesays.com\/fr\/466903\/","title":{"rendered":"un t\u00e9l\u00e9phone vol\u00e9 \u00e0 une \u00e9tudiante retrouv\u00e9"},"content":{"rendered":"<p itemprop=\"description\"><strong><br \/>&#13;<br \/>\nLa vid\u00e9osurveillance de l\u2019Universit\u00e9 a parl\u00e9.<br \/>&#13;<br \/>\n<\/strong><\/p>\n<p>Deux hommes de 23 et 35 ans, en situation irr\u00e9guli\u00e8re et d\u00e9j\u00e0 connus des services de police, ont \u00e9t\u00e9 interpell\u00e9s lundi 13 octobre dans un TER \u00e0 Lyon (3e) apr\u00e8s le vol d\u2019un t\u00e9l\u00e9phone \u00e0 une \u00e9tudiante au sein de l\u2019Universit\u00e9 Catholique.\u00a0<\/p>\n<p>Ce sont les policiers du service de s\u00e9curisation des transports en commun (SISTC) qui sont intervenus. pour mettre fin \u00e0 une tentative de vol.<\/p>\n<p>Les deux suspects de nationalit\u00e9 alg\u00e9rienne et libyenne, \u00e9taient bien en possession d\u2019un t\u00e9l\u00e9phone vol\u00e9 un peu plus t\u00f4t dans la journ\u00e9e dans le 2e arrondissement de Lyon. L\u2019enqu\u00eate a rapidement permis d\u2019\u00e9tablir que l\u2019appareil appartenait \u00e0 une \u00e9tudiante, victime d\u2019un vol au sein de l\u2019Universit\u00e9 Catholique de Lyon (UCLY).<\/p>\n<p>Les images de vid\u00e9osurveillance de l\u2019\u00e9tablissement ont confirm\u00e9 la pr\u00e9sence des deux individus sur les lieux du m\u00e9fait. D\u00e9j\u00e0 connus des services de police et en situation irr\u00e9guli\u00e8re sur le territoire, pr\u00e9cise le progr\u00e8s, ils ont \u00e9t\u00e9 plac\u00e9s en garde \u00e0 vue.<\/p>\n<p>\u00c0 l\u2019issue de leur audition, les deux hommes ont \u00e9t\u00e9 d\u00e9f\u00e9r\u00e9s ce mercredi devant le parquet de Lyon en vue d\u2019un jugement en comparution imm\u00e9diate pour vol aggrav\u00e9.<\/p>\n","protected":false},"excerpt":{"rendered":"&#13; La vid\u00e9osurveillance de l\u2019Universit\u00e9 a parl\u00e9.&#13; Deux hommes de 23 et 35 ans, en situation irr\u00e9guli\u00e8re et&hellip;\n","protected":false},"author":2,"featured_media":466904,"comment_status":"","ping_status":"","sticky":false,"template":"","format":"standard","meta":{"footnotes":""},"categories":[1889],"tags":[1111,11,2813,2190,2430,1109,251,1112,2811,1777,674,118,1011,27,1922,1110,1114,2428,2810,12,241,316,25,2812,517,800],"class_list":{"0":"post-466903","1":"post","2":"type-post","3":"status-publish","4":"format-standard","5":"has-post-thumbnail","7":"category-lyon","8":"tag-actu","9":"tag-actualites","10":"tag-article","11":"tag-asvel","12":"tag-auvergne-rhone-alpes","13":"tag-breves","14":"tag-culture","15":"tag-depeches","16":"tag-economique","17":"tag-eu","18":"tag-europe","19":"tag-faits-divers","20":"tag-fr","21":"tag-france","22":"tag-info","23":"tag-informations","24":"tag-infos","25":"tag-lyon","26":"tag-lyonmag","27":"tag-news","28":"tag-ol","29":"tag-politique","30":"tag-republique-francaise","31":"tag-sociale","32":"tag-sport","33":"tag-transports"},"share_on_mastodon":{"url":"https:\/\/pubeurope.com\/@fr\/115382782769981525","error":""},"_links":{"self":[{"href":"https:\/\/www.europesays.com\/fr\/wp-json\/wp\/v2\/posts\/466903","targetHints":{"allow":["GET"]}}],"collection":[{"href":"https:\/\/www.europesays.com\/fr\/wp-json\/wp\/v2\/posts"}],"about":[{"href":"https:\/\/www.europesays.com\/fr\/wp-json\/wp\/v2\/types\/post"}],"author":[{"embeddable":true,"href":"https:\/\/www.europesays.com\/fr\/wp-json\/wp\/v2\/users\/2"}],"replies":[{"embeddable":true,"href":"https:\/\/www.europesays.com\/fr\/wp-json\/wp\/v2\/comments?post=466903"}],"version-history":[{"count":0,"href":"https:\/\/www.europesays.com\/fr\/wp-json\/wp\/v2\/posts\/466903\/revisions"}],"wp:featuredmedia":[{"embeddable":true,"href":"https:\/\/www.europesays.com\/fr\/wp-json\/wp\/v2\/media\/466904"}],"wp:attachment":[{"href":"https:\/\/www.europesays.com\/fr\/wp-json\/wp\/v2\/media?parent=466903"}],"wp:term":[{"taxonomy":"category","embeddable":true,"href":"https:\/\/www.europesays.com\/fr\/wp-json\/wp\/v2\/categories?post=466903"},{"taxonomy":"post_tag","embeddable":true,"href":"https:\/\/www.europesays.com\/fr\/wp-json\/wp\/v2\/tags?post=466903"}],"curies":[{"name":"wp","href":"https:\/\/api.w.org\/{rel}","templated":true}]}}