{"id":466923,"date":"2025-10-16T08:09:10","date_gmt":"2025-10-16T08:09:10","guid":{"rendered":"https:\/\/www.europesays.com\/fr\/466923\/"},"modified":"2025-10-16T08:09:10","modified_gmt":"2025-10-16T08:09:10","slug":"petit-rebond-du-pib-a-quelques-semaines-du-budget","status":"publish","type":"post","link":"https:\/\/www.europesays.com\/fr\/466923\/","title":{"rendered":"petit rebond du PIB \u00e0 quelques semaines du budget"},"content":{"rendered":"<p class=\"fig-paragraph\">Le\u00a0<a href=\"http:\/\/www.lefigaro.fr\/flash-eco\/royaume-uni-le-produit-interieur-brut-rebondit-moins-qu-attendu-en-novembre-20250116\" target=\"_blank\" data-fig-type=\"NewsFlash\" rel=\"noopener\" data-gtm-custom-categorie=\"navigation\" data-gtm-custom-action=\"crossclick\" data-gtm-custom-label=\"Contextuel\" data-gtm-event=\"customEventSPE\" data-fig-domain=\"LEFIGARO\">produit int\u00e9rieur brut<\/a>\u00a0(PIB) du Royaume-Uni a l\u00e9g\u00e8rement rebondi en ao\u00fbt, apr\u00e8s un petit recul le mois pr\u00e9c\u00e9dent, selon des chiffres officiels publi\u00e9s jeudi &#8212; mais la croissance reste timide \u00e0 quelques semaines de la tr\u00e8s attendue pr\u00e9sentation du budget. Le PIB a progress\u00e9 de 0,1% en ao\u00fbt, selon l&rsquo;Office national des statistiques (ONS). Si ce chiffre est conforme aux attentes, l&rsquo;institut a r\u00e9vis\u00e9 jeudi le chiffre de juillet, finalement en baisse de 0,1%, apr\u00e8s avoir initialement annonc\u00e9 une stagnation sur la p\u00e9riode. Le minist\u00e8re des Finances a r\u00e9agi \u00e0 ces chiffres en faisant valoir que le pays affiche \u00abla croissance la plus rapide du G7 depuis le d\u00e9but de l&rsquo;ann\u00e9e\u00bb mais reconna\u00eet que beaucoup de Britanniques \u00abont l&rsquo;impression que notre \u00e9conomie est bloqu\u00e9e\u00bb. De fait, l&rsquo;activit\u00e9 a globalement ralenti depuis le d\u00e9but de l&rsquo;ann\u00e9e, qui avait vu la croissance atteindre 0,7% au premier trimestre puis 0,3% au second, ce qui complique la t\u00e2che du gouvernement travailliste, qui a fait de l&rsquo;expansion de l&rsquo;activit\u00e9 sa priorit\u00e9.<\/p>\n<p class=\"fig-paragraph\">\u00c0 quelques semaines de la pr\u00e9sentation budg\u00e9taire de la ministre des finances, Rachel Reeves, le 26 novembre, le Tr\u00e9sor promet \u00abd&rsquo;aider les entreprises \u00e0 se d\u00e9velopper, d&rsquo;investir dans les infrastructures et d&rsquo;all\u00e9ger les formalit\u00e9s administratives pour relancer\u00bb le pays. Mais l&rsquo;ex\u00e9cutif est sous pression des march\u00e9s pour \u00e9quilibrer le budget, et pour trouver les milliards de livres qui manquent, les Britanniques sp\u00e9culent depuis des mois sur de nouvelles hausses d&rsquo;imp\u00f4ts, apr\u00e8s des augmentations ces derniers mois qui ont notamment pes\u00e9 sur les entreprises. \u00abL&rsquo;\u00e9conomie britannique a tout juste r\u00e9ussi \u00e0 se maintenir \u00e0 flot en ao\u00fbt\u00bb, affirme Samuel Edwards, analyste chez Ebury, pour qui les chiffres publi\u00e9s jeudi \u00abdevraient sonner comme une alerte\u00bb pour le minist\u00e8re des Finances.<\/p>\n<p>                                    <a class=\"fig-a11y-skip a11y-hidden\" href=\"#fig-a11y-skip-main-inarticle\"><br \/>\n        Passer la publicit\u00e9<br \/>\n    <\/a><\/p>\n<p class=\"fig-paragraph\">D&rsquo;autant que si l&rsquo;\u00e9conomie britannique a \u00e9t\u00e9 aid\u00e9e en ao\u00fbt par une production en hausse, les services \u00abn&rsquo;ont montr\u00e9 aucune croissance et le secteur de la construction a chut\u00e9\u00bb sur la p\u00e9riode, selon l&rsquo;ONS. \u00abLe FMI a l\u00e9g\u00e8rement revu \u00e0 la hausse ses pr\u00e9visions de croissance\u00bb pour le pays cette semaine mais \u00ables entreprises restent sur leurs gardes face \u00e0 un march\u00e9 de l&#8217;emploi fragile\u00bb et s&rsquo;inqui\u00e8tent d&rsquo;\u00eatre de nouveaux mises \u00e0 contribution par des hausses d&rsquo;imp\u00f4ts, poursuit Samuel Edwards. Rachel Reeves a reconnu dans une interview diffus\u00e9e mercredi par Sky News, que le gouvernement \u00abexamine, bien entendu, la question des imp\u00f4ts et des d\u00e9penses\u00bb en vue du prochain budget.<\/p>\n","protected":false},"excerpt":{"rendered":"Le\u00a0produit int\u00e9rieur brut\u00a0(PIB) du Royaume-Uni a l\u00e9g\u00e8rement rebondi en ao\u00fbt, apr\u00e8s un petit recul le mois pr\u00e9c\u00e9dent, selon&hellip;\n","protected":false},"author":2,"featured_media":466924,"comment_status":"","ping_status":"","sticky":false,"template":"","format":"standard","meta":{"footnotes":""},"categories":[1588],"tags":[11,1777,674,590,12,6311,473,1853,1851,1850,1852],"class_list":{"0":"post-466923","1":"post","2":"type-post","3":"status-publish","4":"format-standard","5":"has-post-thumbnail","7":"category-royaume-uni","8":"tag-actualites","9":"tag-eu","10":"tag-europe","11":"tag-finance","12":"tag-news","13":"tag-pib","14":"tag-royaume-uni","15":"tag-royaume-uni-de-grande-bretagne-et-dirlande-du-nord","16":"tag-uk","17":"tag-united-kingdom","18":"tag-united-kingdom-of-great-britain-and-northern-ireland"},"share_on_mastodon":{"url":"https:\/\/pubeurope.com\/@fr\/115382829988811615","error":""},"_links":{"self":[{"href":"https:\/\/www.europesays.com\/fr\/wp-json\/wp\/v2\/posts\/466923","targetHints":{"allow":["GET"]}}],"collection":[{"href":"https:\/\/www.europesays.com\/fr\/wp-json\/wp\/v2\/posts"}],"about":[{"href":"https:\/\/www.europesays.com\/fr\/wp-json\/wp\/v2\/types\/post"}],"author":[{"embeddable":true,"href":"https:\/\/www.europesays.com\/fr\/wp-json\/wp\/v2\/users\/2"}],"replies":[{"embeddable":true,"href":"https:\/\/www.europesays.com\/fr\/wp-json\/wp\/v2\/comments?post=466923"}],"version-history":[{"count":0,"href":"https:\/\/www.europesays.com\/fr\/wp-json\/wp\/v2\/posts\/466923\/revisions"}],"wp:featuredmedia":[{"embeddable":true,"href":"https:\/\/www.europesays.com\/fr\/wp-json\/wp\/v2\/media\/466924"}],"wp:attachment":[{"href":"https:\/\/www.europesays.com\/fr\/wp-json\/wp\/v2\/media?parent=466923"}],"wp:term":[{"taxonomy":"category","embeddable":true,"href":"https:\/\/www.europesays.com\/fr\/wp-json\/wp\/v2\/categories?post=466923"},{"taxonomy":"post_tag","embeddable":true,"href":"https:\/\/www.europesays.com\/fr\/wp-json\/wp\/v2\/tags?post=466923"}],"curies":[{"name":"wp","href":"https:\/\/api.w.org\/{rel}","templated":true}]}}