{"id":46693,"date":"2025-04-23T13:45:09","date_gmt":"2025-04-23T13:45:09","guid":{"rendered":"https:\/\/www.europesays.com\/fr\/46693\/"},"modified":"2025-04-23T13:45:09","modified_gmt":"2025-04-23T13:45:09","slug":"violences-insultes-nez-casse-le-chef-etoile-jean-imbert-accuse-par-plusieurs-ex-compagnes","status":"publish","type":"post","link":"https:\/\/www.europesays.com\/fr\/46693\/","title":{"rendered":"Violences, insultes, nez cass\u00e9&#8230; le chef \u00e9toil\u00e9 Jean Imbert accus\u00e9 par plusieurs ex-compagnes"},"content":{"rendered":"<p>Le gagnant de \u00abTop Chef\u00bb et cuisinier du Plaza Ath\u00e9n\u00e9e \u00e0 Paris fait l\u2019objet d\u2019un article \u00e0 charge dans le magazine Elle. Plusieurs de ses anciennes compagnes t\u00e9moignent de violences.<\/p>\n<p class=\"fig-paragraph\"><a href=\"https:\/\/www.lefigaro.fr\/tag\/jean-imbert\" target=\"_blank\" rel=\"noopener\" data-gtm-custom-categorie=\"navigation\" data-gtm-custom-action=\"crossclick\" data-gtm-custom-label=\"Contextuel\" data-gtm-event=\"customEventSPE\"><strong>Jean Imbert<\/strong><\/a> \u00a0dans la tourmente. Le chef \u00e9toil\u00e9 du Plaza Ath\u00e9n\u00e9e et de la table La Palme \u00e0 Cannes, gagnant de la saison 3 de\u00a0<a href=\"https:\/\/www.lefigaro.fr\/tag\/top-chef\" target=\"_blank\" rel=\"noopener\" data-gtm-custom-categorie=\"navigation\" data-gtm-custom-action=\"crossclick\" data-gtm-custom-label=\"Contextuel\" data-gtm-event=\"customEventSPE\">\u00abTop Chef\u00bb<\/a>\u00a0en 2012, est accus\u00e9 par quatre anciennes compagnes de violences physiques et psychologiques qui t\u00e9moignent dans un article du magazine\u00a0<a href=\"https:\/\/www.elle.fr\/Societe\/Les-enquetes\/Exclusif-quatre-ex-compagnes-de-Jean-Imbert-temoignent-de-violences-conjugales-4342334\" target=\"_blank\" rel=\"noopener\" data-gtm-custom-categorie=\"navigation\" data-gtm-custom-action=\"crossclick\" data-gtm-custom-label=\"Contextuel\" data-gtm-event=\"customEventSPE\">Elle<\/a> .<\/p>\n<p class=\"fig-paragraph\">Les jeunes femmes qui, pour certaines, ont modifi\u00e9 leur identit\u00e9 dans l\u2019enqu\u00eate, parlent toutes de d\u00e9buts idylliques dans leur relation avec le chef puis un basculement dans la violence avec des crises de jalousie, des insultes et, pour certaines, des coups.<\/p>\n<p class=\"fig-body-link\">\n            \u00c0 lire aussi<br \/>\n        <a class=\"fig-body-link__link\" href=\"http:\/\/www.lefigaro.fr\/gastronomie\/jean-imbert-ouvre-un-restaurant-a-disneyland-paris-20250219\" target=\"_blank\" data-fig-type=\"Article\" rel=\"noopener\" data-gtm-custom-categorie=\"navigation\" data-gtm-custom-action=\"crossclick\" data-gtm-custom-label=\"Contextuel\" data-gtm-event=\"customEventSPE\" data-fig-domain=\"LEFIGARO\">Jean Imbert ouvre un restaurant \u00e0 Disneyland Paris<br \/>\n    <\/a>\n<\/p>\n<p class=\"fig-paragraph\">L\u2019une d\u2019entre elles, qui se pr\u00e9sente sous le pseudonyme de Zo\u00e9, est sortie quelques mois avec le chef \u00e0 partir de juin 2024 et raconte son comportement dans le magazine. \u00ab Il contr\u00f4lait les personnes avec qui je sortais, \u00e0 quelle heure je rentrais. Il me reprochait de parler \u00e0 certains de mes amis hommes qu\u2019il soup\u00e7onnait d\u2019\u00eatre amoureux de moi\u00a0\u00bb, a expliqu\u00e9 celle qui raconte avoir aussi fait face \u00e0 des remarques sur son poids.<\/p>\n<p class=\"fig-paragraph\">L\u2019\u00e9quipe de communication de Jean Imbert a r\u00e9pondu \u00e0 Elle et explique ces comportements de cette mani\u00e8re\u00a0: \u00ab Tout cela s\u2019inscrit manifestement dans le cadre d\u2019une relation amoureuse, avec des particularit\u00e9s que l\u2019on peut appr\u00e9cier sur le plan moral ou pas si on a envie d\u2019\u00e9valuer \u00e0 cette aune les interactions d\u2019un couple, mais qui \u00e9taient en tout cas parfaitement r\u00e9ciproques\u00a0\u00bb.\u00a0<\/p>\n<p>\u00abTu t\u2019habilles comme une pute\u00bb<\/p>\n<p class=\"fig-paragraph\">Kelly Santos a nou\u00e9 une relation avec Jean Imbert fin 2023. Cette artiste, directrice du fonds de dotation de la Garde r\u00e9publicaine, a aussi fait face \u00e0 la jalousie du cuisinier et ses d\u00e9nigrements. \u00ab Au t\u00e9l\u00e9phone, il me disait\u00a0: \u201cT\u2019as vu tes fringues, tes ongles\u2026 tu t\u2019habilles comme une pute.\u201d J\u2019ai achet\u00e9 des joggings, j\u2019ai renonc\u00e9 au rouge \u00e0 l\u00e8vres, aux brushings, aux invitations\u00a0\u00bb, note-t-elle.<\/p>\n<p class=\"fig-paragraph\">Des affirmations auxquelles les communiquants de Jean Imbert r\u00e9pondent ainsi\u00a0: \u00ab Il peut ressortir d\u2019\u00e9changes de couple des attitudes plus ou moins saines, des n\u00e9vroses, ou m\u00eame des emportements, qui ne constituent pas l\u2019exercice de violences psychologiques\u00a0\u00bb, pr\u00e9cisent-ils en niant le fait qu\u2019il ait voulu exercer un quelconque contr\u00f4le sur ses tenues ou son maquillage.<\/p>\n<p class=\"fig-body-link\">\n            \u00c0 lire aussi<br \/>\n        <a class=\"fig-body-link__link fig-premium-mark\" href=\"https:\/\/www.lefigaro.fr\/gastronomie\/les-grands-meres-l-atout-coeur-des-chefs-20240920\" target=\"_blank\" data-fig-type=\"Article\" rel=\"noopener\" data-gtm-custom-categorie=\"navigation\" data-gtm-custom-action=\"crossclick\" data-gtm-custom-label=\"Contextuel\" data-gtm-event=\"customEventSPE\" data-fig-domain=\"LEFIGARO\">Jean Imbert et Valentin Raffali rendent hommage \u00e0 leurs grands-m\u00e8res<br \/>\n    <\/a>\n<\/p>\n<p class=\"fig-paragraph\">Une autre jeune femme, qui se fait appeler \u00c9l\u00e9onore, raconte des d\u00e9nigrements similaires et d\u00e9voile avoir re\u00e7u un coup de t\u00eate de la part de Jean Imbert dans le cadre d\u2019une dispute avec une fracture du nez \u00e0 la cl\u00e9. Un fait \u00e9galement expliqu\u00e9 par les juristes du chef qui pr\u00e9cisent, pour la d\u00e9fense de ce dernier, que ce geste est la cons\u00e9quence d\u2019un \u00ab moment de violence subi par Jean Imbert alors qu\u2019il \u00e9tait empoign\u00e9 par \u00c9l\u00e9onore et s\u2019en est d\u00e9gag\u00e9\u00a0\u00bb.<\/p>\n<p>\u00ab Il me mettait des \u00e9normes claques dans la t\u00eate\u00a0\u00bb<\/p>\n<p class=\"fig-paragraph\">La com\u00e9dienne Lila Salet t\u00e9moigne \u00e9galement dans l\u2019article. La jeune femme a \u00e9t\u00e9 en couple plusieurs mois avec Jean Imbert en 2013 alors qu\u2019elle \u00e9tait \u00e2g\u00e9e de 21 ans. Elle aussi a fait face \u00e0 des crises de jalousies, des insultes et m\u00eame de la violence. Elle explique ainsi qu\u2019il a ainsi cass\u00e9 les deux portes de son appartement en pleine nuit. Apr\u00e8s cette altercation, la jeune femme a d\u00e9pos\u00e9 une plainte contre lui pour d\u00e9gradations volontaires avant de la retirer sous la pression de son ex-compagnon.<\/p>\n<p class=\"fig-paragraph\">Sur son compte Instagram, elle est revenue sur certains faits dans une vid\u00e9o. \u00ab Jean Imbert est un homme extr\u00eamement violent (&#8230;) Il me mettait des \u00e9normes claques dans la t\u00eate, il n\u2019a pas juste d\u00e9fonc\u00e9 ma porte, il me frappait. Je ne dis pas qu\u2019il mettait les poings parce qu\u2019il \u00e9tait encore un peu sur la r\u00e9serve l\u00e0-dessus mais il \u00e9tait d\u2019une violence absolue dans ses mots, dans sa mani\u00e8re de me ma\u00eetriser dans sa mani\u00e8re de m\u2019exclure de ma propre famille\u00a0\u00bb.<\/p>\n<p class=\"fig-paragraph\">\u00ab Je n\u2019avais plus le droit de rien. Cette relation n\u2019a pas dur\u00e9 dix ans, elle a juste dur\u00e9 quasiment une ann\u00e9e, et pourtant dans ce temps assez court, il a r\u00e9ussi \u00e0 me d\u00e9foncer le cerveau (&#8230;.) Il est violent et extr\u00eamement dangereux pour la gent f\u00e9minine\u00a0\u00bb.\u00a0<\/p>\n<p class=\"fig-body-link\">\n            \u00c0 lire aussi<br \/>\n        <a class=\"fig-body-link__link fig-premium-mark\" href=\"http:\/\/www.lefigaro.fr\/gastronomie\/apres-le-plaza-athenee-et-cheval-blanc-rencontre-avec-jean-imbert-chef-de-la-palme-d-or-au-martinez-de-cannes-20240524\" target=\"_blank\" data-fig-type=\"Article\" rel=\"noopener\" data-gtm-custom-categorie=\"navigation\" data-gtm-custom-action=\"crossclick\" data-gtm-custom-label=\"Contextuel\" data-gtm-event=\"customEventSPE\" data-fig-domain=\"LEFIGARO\">Apr\u00e8s le Plaza Ath\u00e9n\u00e9e et Cheval Blanc, rencontre avec Jean Imbert, chef de la Palme d&rsquo;Or au Martinez de Cannes<br \/>\n    <\/a>\n<\/p>\n<p class=\"fig-paragraph\">La com\u00e9dienne revient sur le retrait de sa plainte en 2013, expliquant que Jean Imbert l\u2019avait manipul\u00e9e. \u00ab Il m\u2019a retourn\u00e9 le cerveau (&#8230;) \u00c0 l\u2019\u00e9poque j\u2019avais 20 ans. Aujourd\u2019hui, \u00e0 l\u2019\u00e2ge que j\u2019ai, 33 ans, si \u00e7a m\u2019arrivait encore mais jamais de la vie, je ne retirerais cette plainte. Je manquais de maturit\u00e9 \u00e0 cette \u00e9poque\u00a0\u00bb, raconte-t-elle avant de terminer sa vid\u00e9o en s\u2019adressant directement au cuisinier. \u00ab Jean Imbert, si tu entends parler de cette vid\u00e9o, regarde-toi en face, arr\u00eate de minimiser les faits parce que tu le sais que tu es une enflure. Tu es une enflure qui frappe les femmes\u00a0\u00bb.<\/p>\n<p class=\"fig-paragraph\">Selon le parquet de Paris joint par Le Figaro, aucune plainte n\u2019a \u00e9t\u00e9 d\u00e9pos\u00e9e contre Jean Imbert et, par cons\u00e9quent, aucune enqu\u00eate n\u2019est pour l\u2019instant en cours.<\/p>\n<p>\u00a0\u00bb<br \/>\n        data-script=\u00a0\u00bbhttps:\/\/static.lefigaro.fr\/widget-video\/short-ttl\/video\/index.js\u00a0\u00bb<br \/>\n    &gt;<\/p>\n","protected":false},"excerpt":{"rendered":"Le gagnant de \u00abTop Chef\u00bb et cuisinier du Plaza Ath\u00e9n\u00e9e \u00e0 Paris fait l\u2019objet d\u2019un article \u00e0 charge&hellip;\n","protected":false},"author":2,"featured_media":46694,"comment_status":"","ping_status":"","sticky":false,"template":"","format":"standard","meta":{"footnotes":""},"categories":[8],"tags":[497,496,499,58,59,1011,27,13518,500,504,505,495,503,502,501,492,498,2949],"class_list":{"0":"post-46693","1":"post","2":"type-post","3":"status-publish","4":"format-standard","5":"has-post-thumbnail","7":"category-divertissement","8":"tag-actu-tv","9":"tag-actualite-tv","10":"tag-buzz-tv","11":"tag-divertissement","12":"tag-entertainment","13":"tag-fr","14":"tag-france","15":"tag-jean-imbert","16":"tag-medias","17":"tag-news-tele","18":"tag-news-television","19":"tag-news-tv","20":"tag-programme-tele","21":"tag-programme-tv","22":"tag-quiz-tv","23":"tag-top-chef","24":"tag-tv-actu","25":"tag-violences"},"share_on_mastodon":{"url":"https:\/\/pubeurope.com\/@fr\/114387584594306033","error":""},"_links":{"self":[{"href":"https:\/\/www.europesays.com\/fr\/wp-json\/wp\/v2\/posts\/46693","targetHints":{"allow":["GET"]}}],"collection":[{"href":"https:\/\/www.europesays.com\/fr\/wp-json\/wp\/v2\/posts"}],"about":[{"href":"https:\/\/www.europesays.com\/fr\/wp-json\/wp\/v2\/types\/post"}],"author":[{"embeddable":true,"href":"https:\/\/www.europesays.com\/fr\/wp-json\/wp\/v2\/users\/2"}],"replies":[{"embeddable":true,"href":"https:\/\/www.europesays.com\/fr\/wp-json\/wp\/v2\/comments?post=46693"}],"version-history":[{"count":0,"href":"https:\/\/www.europesays.com\/fr\/wp-json\/wp\/v2\/posts\/46693\/revisions"}],"wp:featuredmedia":[{"embeddable":true,"href":"https:\/\/www.europesays.com\/fr\/wp-json\/wp\/v2\/media\/46694"}],"wp:attachment":[{"href":"https:\/\/www.europesays.com\/fr\/wp-json\/wp\/v2\/media?parent=46693"}],"wp:term":[{"taxonomy":"category","embeddable":true,"href":"https:\/\/www.europesays.com\/fr\/wp-json\/wp\/v2\/categories?post=46693"},{"taxonomy":"post_tag","embeddable":true,"href":"https:\/\/www.europesays.com\/fr\/wp-json\/wp\/v2\/tags?post=46693"}],"curies":[{"name":"wp","href":"https:\/\/api.w.org\/{rel}","templated":true}]}}