{"id":466939,"date":"2025-10-16T08:18:14","date_gmt":"2025-10-16T08:18:14","guid":{"rendered":"https:\/\/www.europesays.com\/fr\/466939\/"},"modified":"2025-10-16T08:18:14","modified_gmt":"2025-10-16T08:18:14","slug":"jai-hate-de-jouer-mon-premier-match-avec-oyonnax","status":"publish","type":"post","link":"https:\/\/www.europesays.com\/fr\/466939\/","title":{"rendered":"\u00abJ\u2019ai h\u00e2te de jouer mon premier match avec Oyonnax\u00bb"},"content":{"rendered":"<p>Vannes &#8211; Oyonnax<\/p>\n<p>Jeudi 16 octobre \u00e0 21 heures<\/p>\n<p>Ses valises \u00e0 peine pos\u00e9es, Mayco Vivas sera d\u00e9j\u00e0 du voyage en Bretagne. Le pilier argentin est en effet qualifi\u00e9 pour le d\u00e9placement <a href=\"https:\/\/www.leprogres.fr\/sport\/2025\/10\/14\/cyril-blanchard-talonneur-de-vannes-oyonnax-reste-un-pretendant-au-top-14\" target=\"_blank\" rel=\"noopener\">\u00e0 Vannes<\/a> alors qu\u2019il n\u2019est arriv\u00e9 dans le Haut-Bugey que depuis quelques jours. \u00ab\u00a0Je suis content d\u2019int\u00e9grer l\u2019\u00e9quipe. Je me sens bien. J\u2019ai beaucoup parl\u00e9 avec les coachs et les joueurs pour apprendre les syst\u00e8mes et m\u2019adapter au rugby fran\u00e7ais.\u00a0\u00bb<\/p>\n<p>Recrut\u00e9 \u00e0 l\u2019intersaison pour une dur\u00e9e de deux ans, le joueur de 27 ans n\u2019a pas pu participer \u00e0 la pr\u00e9paration estivale et aux premiers matchs de la saison en raison de sa participation au <a href=\"https:\/\/www.leprogres.fr\/sport\/2025\/09\/16\/le-pilier-argentin-mayco-vivas-victorieux-en-rugby-championship\" target=\"_blank\" rel=\"noopener\">Rugby Championship<\/a> avec l\u2019Argentine. Mais il en a ramen\u00e9 une nouvelle exp\u00e9rience internationale\u00a0: \u00ab\u00a0M\u00eame si nous avons termin\u00e9&#8230;<\/p>\n","protected":false},"excerpt":{"rendered":"Vannes &#8211; Oyonnax Jeudi 16 octobre \u00e0 21 heures Ses valises \u00e0 peine pos\u00e9es, Mayco Vivas sera d\u00e9j\u00e0&hellip;\n","protected":false},"author":2,"featured_media":466940,"comment_status":"","ping_status":"","sticky":false,"template":"","format":"standard","meta":{"footnotes":""},"categories":[1416],"tags":[2738,3312,107,1011,27,1826,2729,9259,5583,479,1468,517,60],"class_list":{"0":"post-466939","1":"post","2":"type-post","3":"status-publish","4":"format-standard","5":"has-post-thumbnail","7":"category-rugby","8":"tag-ain","9":"tag-edition-ain-est","10":"tag-fil-info","11":"tag-fr","12":"tag-france","13":"tag-jura","14":"tag-oyonnax","15":"tag-oyonnax-rugby","16":"tag-oyonnax-bassin","17":"tag-rugby","18":"tag-rugby-football","19":"tag-sport","20":"tag-sports"},"share_on_mastodon":{"url":"https:\/\/pubeurope.com\/@fr\/115382865328258224","error":""},"_links":{"self":[{"href":"https:\/\/www.europesays.com\/fr\/wp-json\/wp\/v2\/posts\/466939","targetHints":{"allow":["GET"]}}],"collection":[{"href":"https:\/\/www.europesays.com\/fr\/wp-json\/wp\/v2\/posts"}],"about":[{"href":"https:\/\/www.europesays.com\/fr\/wp-json\/wp\/v2\/types\/post"}],"author":[{"embeddable":true,"href":"https:\/\/www.europesays.com\/fr\/wp-json\/wp\/v2\/users\/2"}],"replies":[{"embeddable":true,"href":"https:\/\/www.europesays.com\/fr\/wp-json\/wp\/v2\/comments?post=466939"}],"version-history":[{"count":0,"href":"https:\/\/www.europesays.com\/fr\/wp-json\/wp\/v2\/posts\/466939\/revisions"}],"wp:featuredmedia":[{"embeddable":true,"href":"https:\/\/www.europesays.com\/fr\/wp-json\/wp\/v2\/media\/466940"}],"wp:attachment":[{"href":"https:\/\/www.europesays.com\/fr\/wp-json\/wp\/v2\/media?parent=466939"}],"wp:term":[{"taxonomy":"category","embeddable":true,"href":"https:\/\/www.europesays.com\/fr\/wp-json\/wp\/v2\/categories?post=466939"},{"taxonomy":"post_tag","embeddable":true,"href":"https:\/\/www.europesays.com\/fr\/wp-json\/wp\/v2\/tags?post=466939"}],"curies":[{"name":"wp","href":"https:\/\/api.w.org\/{rel}","templated":true}]}}