{"id":466943,"date":"2025-10-16T08:21:13","date_gmt":"2025-10-16T08:21:13","guid":{"rendered":"https:\/\/www.europesays.com\/fr\/466943\/"},"modified":"2025-10-16T08:21:13","modified_gmt":"2025-10-16T08:21:13","slug":"comment-motegi-a-permis-a-bagnaia-de-rebondir-apres-le-cauchemar-indonesien","status":"publish","type":"post","link":"https:\/\/www.europesays.com\/fr\/466943\/","title":{"rendered":"Comment Motegi a permis \u00e0 Bagnaia de rebondir apr\u00e8s le cauchemar indon\u00e9sien"},"content":{"rendered":"<p>De quel c\u00f4t\u00e9 retombera la pi\u00e8ce pour <a href=\"https:\/\/fr.motorsport.com\/driver\/pecco-bagnaia\/109394\/\" target=\"_blank\" rel=\"noopener\">Pecco Bagnaia<\/a> ce week-end en Australie\u00a0? Retrouvera-t-il la moto de Motegi\u2026 ou celle de Mandalika\u00a0? Une chose est s\u00fbre\u00a0: le pilote italien esp\u00e8re ne pas revivre les d\u00e9boires de sa Ducati d&rsquo;il y a deux semaines. Interrog\u00e9 sur son \u00e9tat d&rsquo;esprit \u00e0 son arriv\u00e9e \u00e0 Phillip Island, Bagnaia sait qu&rsquo;il ne pourra le juger qu&rsquo;une fois en selle pour la premi\u00e8re fois.<\/p>\n<p>\u00ab\u00a0Dans mon cas, tout d\u00e9pendra de ce que je ressentirai sur la moto\u00a0\u00bb, a-t-il expliqu\u00e9, ce jeudi. \u00ab\u00a0Si je me sens comme \u00e0 Motegi, je peux me battre pour le podium, voire pour la victoire, et jouer quelque chose d&rsquo;important. Mais si je me sens \u00e0 nouveau comme \u00e0 Mandalika, ce sera un week-end difficile, et l&rsquo;objectif sera simplement de finir les courses.\u00a0\u00bb<\/p>\n<p>Apr\u00e8s un week-end extraordinaire au Japon o\u00f9 il avait absolument tout domin\u00e9, signant pole position, victoire en sprint et en course principale, Bagnaia semblait de retour, persuad\u00e9 d&rsquo;avoir enfin mis le doigt sur l&rsquo;origine des probl\u00e8mes qui lui donnaient tant de mal depuis le d\u00e9but de saison. Toutefois, alors qu&rsquo;on le pensait sorti d&rsquo;affaire, le double champion du monde a v\u00e9cu un v\u00e9ritable cauchemar en Indon\u00e9sie.<\/p>\n<p>   <img decoding=\"async\" draggable=\"false\" src=\"https:\/\/www.europesays.com\/fr\/wp-content\/uploads\/2025\/10\/1760602873_910_francesco-bagnaia-ducati-team.jpg\" alt=\"Francesco Bagnaia, Ducati Team\" width=\"1200\" height=\"800\" loading=\"lazy\"\/> <\/p>\n<p class=\"title\">Francesco Bagnaia, Ducati Team<\/p>\n<p class=\"photographer\">Photo de: Gold and Goose Photography \/ LAT Images \/ via Getty Images<\/p>\n<p>Seizi\u00e8me sur la grille de d\u00e9part, dernier de la course sprint en cumulant 29 secondes de retard sur le vainqueur en l&rsquo;espace de seulement 13 tours et partant \u00e0 la faute le dimanche\u00a0\u2013 \u00e9tant lanterne rouge du peloton avant de chuter \u2013, Pecco Bagnaia est retomb\u00e9 dans ses travers et surtout dans le brouillard.\u00a0\u00ab\u00a0J&rsquo;ai une r\u00e9union avec l&rsquo;\u00e9quipe dans une heure pour comprendre ce qui s&rsquo;est pass\u00e9 \u00e0 Mandalika\u00a0\u00bb, a-t-il ajout\u00e9. \u00ab\u00a0J&rsquo;esp\u00e8re vraiment qu&rsquo;ils ont trouv\u00e9 une solution, parce que, honn\u00eatement, c&rsquo;\u00e9tait tr\u00e8s compliqu\u00e9 l\u00e0-bas.\u00a0\u00bb<\/p>\n<blockquote>\n<p>Heureusement, j&rsquo;avais couru \u00e0 Motegi la semaine pr\u00e9c\u00e9dente, je me sentais bien sur la moto, j&rsquo;avais pu attaquer et gagner. Je sais que je n&rsquo;ai pas oubli\u00e9 comment faire.<\/p>\n<\/blockquote>\n<p>Cette rechute n&rsquo;a pas \u00e9t\u00e9 simple pour Pecco Bagnaia. Il explique avoir pu s&rsquo;accrocher \u00e0 sa performance \u00e0 Motegi, qui lui avait rappel\u00e9 qu&rsquo;il est toujours capable de gagner et de dominer un week-end de course comme il l&rsquo;a d\u00e9j\u00e0 fait.<\/p>\n<p>\u00ab\u00a0Honn\u00eatement, je suis rest\u00e9 assez calme [apr\u00e8s l&rsquo;Indon\u00e9sie]\u00a0\u00bb, a d\u00e9clar\u00e9 le pilote Ducati. \u00ab\u00a0Heureusement, j&rsquo;avais couru \u00e0 Motegi la semaine pr\u00e9c\u00e9dente, je me sentais bien sur la moto, j&rsquo;avais pu attaquer et gagner. Je sais que je n&rsquo;ai pas oubli\u00e9 comment faire. J&rsquo;\u00e9tais chez moi, simplement dans l&rsquo;attente de retrouver de bonnes sensations ici. Ce week-end ne sera pas facile : le circuit est tr\u00e8s rapide, un peu bossel\u00e9, avec beaucoup de vent. Si l&rsquo;avant n&rsquo;est pas stable, \u00e7a devient un cauchemar. Alors j&rsquo;esp\u00e8re juste que tout ira bien.\u00a0\u00bb<\/p>\n<p>Alors que le myst\u00e8re des probl\u00e8mes de la Ducati s&rsquo;\u00e9paissit de nouveau, il a \u00e9t\u00e9 demand\u00e9 \u00e0 Bagnaia s&rsquo;il avait\u00a0remarqu\u00e9 une \u00e9volution de l&rsquo;\u00e9quilibre g\u00e9n\u00e9ral de la moto depuis son arriv\u00e9e\u00a0\u00e0 Borgo Panigale\u00a0:\u00a0\u00ab\u00a0Honn\u00eatement, je n&rsquo;ai jamais eu ce genre de probl\u00e8me. Normalement, tout est assez constant. Depuis 2020, quand nous avons commenc\u00e9 avec cette moto, je n&rsquo;avais jamais connu une telle difficult\u00e9, comme cette saison. M\u00eame en 2023, quand la moto \u00e9tait plus diff\u00e9rente, mes sensations restaient stables. L\u00e0, c&rsquo;est un tout autre type de probl\u00e8me, li\u00e9 \u00e0 la fa\u00e7on dont la moto r\u00e9agit.\u00a0\u00bb<\/p>\n<p>Lire aussi :<\/p>\n<p>            Votre avis nous int\u00e9resse !<\/p>\n<p class=\"mt-auto\">Qu&rsquo;aimeriez-vous voir sur Motorsport.com ?<\/p>\n<p>            <a href=\"#\" class=\"ms-link text-link font-bold\">R\u00e9pondez \u00e0 notre enqu\u00eate de 5 minutes.<\/a><\/p>\n<p class=\"mt-1 font-info text-body\">&#8211; L&rsquo;\u00e9quipe Motorsport.com<\/p>\n","protected":false},"excerpt":{"rendered":"De quel c\u00f4t\u00e9 retombera la pi\u00e8ce pour Pecco Bagnaia ce week-end en Australie\u00a0? Retrouvera-t-il la moto de Motegi\u2026&hellip;\n","protected":false},"author":2,"featured_media":466944,"comment_status":"","ping_status":"","sticky":false,"template":"","format":"standard","meta":{"footnotes":""},"categories":[1413],"tags":[59078,4950,1011,27,56962,1457,1456,1458,4951,56963,60],"class_list":{"0":"post-466943","1":"post","2":"type-post","3":"status-publish","4":"format-standard","5":"has-post-thumbnail","7":"category-moto","8":"tag-comment-motegi-a-permis-u00e0-bagnaia-de-rebondir-apru00e8s-le-cauchemar-indonu00e9sien","9":"tag-ducati-team","10":"tag-fr","11":"tag-france","12":"tag-gp-daustralie","13":"tag-moto","14":"tag-motocycle","15":"tag-motogp","16":"tag-pecco-bagnaia","17":"tag-phillip-island-grand-prix-circuit","18":"tag-sports"},"share_on_mastodon":{"url":"https:\/\/pubeurope.com\/@fr\/115382877685449787","error":""},"_links":{"self":[{"href":"https:\/\/www.europesays.com\/fr\/wp-json\/wp\/v2\/posts\/466943","targetHints":{"allow":["GET"]}}],"collection":[{"href":"https:\/\/www.europesays.com\/fr\/wp-json\/wp\/v2\/posts"}],"about":[{"href":"https:\/\/www.europesays.com\/fr\/wp-json\/wp\/v2\/types\/post"}],"author":[{"embeddable":true,"href":"https:\/\/www.europesays.com\/fr\/wp-json\/wp\/v2\/users\/2"}],"replies":[{"embeddable":true,"href":"https:\/\/www.europesays.com\/fr\/wp-json\/wp\/v2\/comments?post=466943"}],"version-history":[{"count":0,"href":"https:\/\/www.europesays.com\/fr\/wp-json\/wp\/v2\/posts\/466943\/revisions"}],"wp:featuredmedia":[{"embeddable":true,"href":"https:\/\/www.europesays.com\/fr\/wp-json\/wp\/v2\/media\/466944"}],"wp:attachment":[{"href":"https:\/\/www.europesays.com\/fr\/wp-json\/wp\/v2\/media?parent=466943"}],"wp:term":[{"taxonomy":"category","embeddable":true,"href":"https:\/\/www.europesays.com\/fr\/wp-json\/wp\/v2\/categories?post=466943"},{"taxonomy":"post_tag","embeddable":true,"href":"https:\/\/www.europesays.com\/fr\/wp-json\/wp\/v2\/tags?post=466943"}],"curies":[{"name":"wp","href":"https:\/\/api.w.org\/{rel}","templated":true}]}}