{"id":466954,"date":"2025-10-16T08:27:12","date_gmt":"2025-10-16T08:27:12","guid":{"rendered":"https:\/\/www.europesays.com\/fr\/466954\/"},"modified":"2025-10-16T08:27:12","modified_gmt":"2025-10-16T08:27:12","slug":"un-salon-du-livre-a-taille-humaine","status":"publish","type":"post","link":"https:\/\/www.europesays.com\/fr\/466954\/","title":{"rendered":"un salon du livre \u00e0 taille humaine"},"content":{"rendered":"<p>Dimanche dernier, le salon du livre organis\u00e9 par l\u2019association les Amis de la bastide a connu un franc succ\u00e8s. En l\u2019espace de quelques ann\u00e9es cette manifestation est devenue un incontournable du genre dans l\u2019Entre-deux-Mers. Plusieurs facteurs contribuent \u00e0 son aura.<\/p>\n<p>En premier lieu, la qualit\u00e9 des autrices et des auteurs, qui sont pour bon nombre originaires ou r\u00e9sidents dans la r\u00e9gion. Plus de 40 \u00e9taient pr\u00e9sents ainsi que plusieurs maisons d\u2019\u00e9dition. Les diff\u00e9rents genres litt\u00e9raires \u00e9taient repr\u00e9sent\u00e9s\u00a0: litt\u00e9rature jeunesse, romans policiers, nouvelles, essais, biographies, t\u00e9moignages historiques, romans d\u2019aventures, science-fiction, fantastique\u2026<\/p>\n<p>Le second point fort r\u00e9sidait dans les animations. En particulier la lecture musicalis\u00e9e d\u2019un extrait de l\u2019ouvrage \u00ab\u00a0Mets-toi \u00e0 la place\u00a0\u00bb propos\u00e9e par les \u00c9ditions Edoila d\u2019Angoul\u00eame, qui s\u2019est adress\u00e9e aux enfants \u00e2g\u00e9s de 3 \u00e0 8\u00a0ans. Elle r\u00e9unissait la conteuse Delphine Rieu et la violoniste Typhaine Pinville et a \u00e9t\u00e9 suivie d\u2019un atelier illustrations ouverts aux petits et aux grands.<\/p>\n<p>Enfin ce salon a su rester \u00e0 taille humaine malgr\u00e9 son succ\u00e8s grandissant. \u00ab\u00a0Les visiteurs appr\u00e9cient de pouvoir facilement \u00e9changer avec les autrices et les auteurs, ainsi qu\u2019avec les repr\u00e9sentants des maisons d\u2019\u00e9dition. Ils peuvent faire d\u00e9dicacer les livres, qu\u2019ils viennent d\u2019acheter. C\u2019est un esprit familial, bon enfant, qui r\u00e8gne dans ce salon. Nous avons toujours privil\u00e9gi\u00e9 la simplicit\u00e9\u00a0\u00bb constate Christian Lavergne, une des chevilles ouvri\u00e8res de l\u2019organisation.<\/p>\n<p>La recette semble fonctionner, car le salon dure depuis plus de vingt ans.<\/p>\n","protected":false},"excerpt":{"rendered":"Dimanche dernier, le salon du livre organis\u00e9 par l\u2019association les Amis de la bastide a connu un franc&hellip;\n","protected":false},"author":2,"featured_media":466955,"comment_status":"","ping_status":"","sticky":false,"template":"","format":"standard","meta":{"footnotes":""},"categories":[1357],"tags":[1379,58,59,1011,27,1380],"class_list":{"0":"post-466954","1":"post","2":"type-post","3":"status-publish","4":"format-standard","5":"has-post-thumbnail","7":"category-livres","8":"tag-books","9":"tag-divertissement","10":"tag-entertainment","11":"tag-fr","12":"tag-france","13":"tag-livres"},"share_on_mastodon":{"url":"https:\/\/pubeurope.com\/@fr\/115382900769875359","error":""},"_links":{"self":[{"href":"https:\/\/www.europesays.com\/fr\/wp-json\/wp\/v2\/posts\/466954","targetHints":{"allow":["GET"]}}],"collection":[{"href":"https:\/\/www.europesays.com\/fr\/wp-json\/wp\/v2\/posts"}],"about":[{"href":"https:\/\/www.europesays.com\/fr\/wp-json\/wp\/v2\/types\/post"}],"author":[{"embeddable":true,"href":"https:\/\/www.europesays.com\/fr\/wp-json\/wp\/v2\/users\/2"}],"replies":[{"embeddable":true,"href":"https:\/\/www.europesays.com\/fr\/wp-json\/wp\/v2\/comments?post=466954"}],"version-history":[{"count":0,"href":"https:\/\/www.europesays.com\/fr\/wp-json\/wp\/v2\/posts\/466954\/revisions"}],"wp:featuredmedia":[{"embeddable":true,"href":"https:\/\/www.europesays.com\/fr\/wp-json\/wp\/v2\/media\/466955"}],"wp:attachment":[{"href":"https:\/\/www.europesays.com\/fr\/wp-json\/wp\/v2\/media?parent=466954"}],"wp:term":[{"taxonomy":"category","embeddable":true,"href":"https:\/\/www.europesays.com\/fr\/wp-json\/wp\/v2\/categories?post=466954"},{"taxonomy":"post_tag","embeddable":true,"href":"https:\/\/www.europesays.com\/fr\/wp-json\/wp\/v2\/tags?post=466954"}],"curies":[{"name":"wp","href":"https:\/\/api.w.org\/{rel}","templated":true}]}}