{"id":466977,"date":"2025-10-16T08:40:11","date_gmt":"2025-10-16T08:40:11","guid":{"rendered":"https:\/\/www.europesays.com\/fr\/466977\/"},"modified":"2025-10-16T08:40:11","modified_gmt":"2025-10-16T08:40:11","slug":"loire-un-nouveau-magasin-netto-ouvre-ses-portes-a-saint-etienne","status":"publish","type":"post","link":"https:\/\/www.europesays.com\/fr\/466977\/","title":{"rendered":"Loire : un nouveau magasin Netto ouvre ses portes \u00e0 Saint-\u00c9tienne"},"content":{"rendered":"<p>                            <img loading=\"lazy\" width=\"1032\" height=\"646\" class=\"attachment-article size-article wp-post-image lazyload\" alt=\"\" decoding=\"async\" src=\"https:\/\/www.europesays.com\/fr\/wp-content\/uploads\/2025\/10\/AFP__20210811__HL_MCOHEN_1513203__v1__HighRes__FranceSupermarketShoppingArea-e1729079861530.jpg\" data-eio-rwidth=\"1032\" data-eio-rheight=\"646\"\/><\/p>\n<p>@Magali Cohen \/ Hans Lucas via AFP)<\/p>\n<p class=\"content\" style=\"font-size:1.2em;font-weight:700\">Apr\u00e8s huit mois de travaux, un nouveau supermarch\u00e9 Netto vient d\u2019ouvrir rue Tiblier-Verne. Une premi\u00e8re pour le quartier du Soleil, qui accueille enfin une grande surface au c\u0153ur de son secteur.<\/p>\n<p>Huit mois. C&rsquo;est le temps n\u00e9cessaire \u00e0 la construction du nouveau magasin Netto \u00e0 Saint-Etienne. Situ\u00e9 rue Tiblier-Verne, le magasin du groupe Les Mousquetaires (Intermarch\u00e9, Bricomarch\u00e9) a ouvert ses portes le 8 octobre dernier. Il s&rsquo;agit du deuxi\u00e8me \u00e9tablissement de la marque \u00e0 poser ses valises dans la ville st\u00e9phanoise, apr\u00e8s celui du centre commercial de la Marandi\u00e8re, ouvert en 2018.<\/p>\n<p>1000 m\u00e8tres carr\u00e9s de surface, 60 places de parking <\/p>\n<p>Une aubaine pour les 5 000 habitants du quartier du Soleil, puisque c&rsquo;est la toute premi\u00e8re fois qu&rsquo;une grande surface s&rsquo;implante dans cette zone. Cr\u00e9\u00e9e en 2001, la marque Netto s&rsquo;est peu \u00e0 peu impos\u00e9e dans le paysage fran\u00e7ais. Elle compte actuellement pr\u00e8s de 400 magasins sur tout le territoire.<\/p>\n<p>Ce nouveau magasin rue Tiblier-Verne est compos\u00e9 d&rsquo;une surface de 1 000 m\u00e8tres carr\u00e9s qui propose environ 4 500 r\u00e9f\u00e9rences. Parmi celles-ci, \u00ab\u00a0beaucoup de rayons de produits frais\u00a0: boucherie, poissonnerie, fruits et l\u00e9gumes, boulangerie, mais tout en libre-service\u00a0\u00bb, explique Fabien Le Mouel, directeur des lieux \u00e0 nos confr\u00e8res <a href=\"https:\/\/www.leprogres.fr\/economie\/2025\/10\/04\/le-supermarche-netto-ouvre-le-8-octobre-dans-le-quartier-du-soleil\" target=\"_blank\" rel=\"noreferrer noopener nofollow\">du Progr\u00e8s.<\/a> Pour accueillir les clients, l&rsquo;\u00e9tablissement peut compter sur son parking d&rsquo;une soixantaine de places.<\/p>\n","protected":false},"excerpt":{"rendered":"@Magali Cohen \/ Hans Lucas via AFP) Apr\u00e8s huit mois de travaux, un nouveau supermarch\u00e9 Netto vient d\u2019ouvrir&hellip;\n","protected":false},"author":2,"featured_media":466978,"comment_status":"","ping_status":"","sticky":false,"template":"","format":"standard","meta":{"footnotes":""},"categories":[9653],"tags":[1111,11,2430,1777,674,1011,27,3367,32679,12,25,4001],"class_list":{"0":"post-466977","1":"post","2":"type-post","3":"status-publish","4":"format-standard","5":"has-post-thumbnail","7":"category-saint-etienne","8":"tag-actu","9":"tag-actualites","10":"tag-auvergne-rhone-alpes","11":"tag-eu","12":"tag-europe","13":"tag-fr","14":"tag-france","15":"tag-loire","16":"tag-netto","17":"tag-news","18":"tag-republique-francaise","19":"tag-saint-etienne"},"share_on_mastodon":{"url":"https:\/\/pubeurope.com\/@fr\/115382952515167564","error":""},"_links":{"self":[{"href":"https:\/\/www.europesays.com\/fr\/wp-json\/wp\/v2\/posts\/466977","targetHints":{"allow":["GET"]}}],"collection":[{"href":"https:\/\/www.europesays.com\/fr\/wp-json\/wp\/v2\/posts"}],"about":[{"href":"https:\/\/www.europesays.com\/fr\/wp-json\/wp\/v2\/types\/post"}],"author":[{"embeddable":true,"href":"https:\/\/www.europesays.com\/fr\/wp-json\/wp\/v2\/users\/2"}],"replies":[{"embeddable":true,"href":"https:\/\/www.europesays.com\/fr\/wp-json\/wp\/v2\/comments?post=466977"}],"version-history":[{"count":0,"href":"https:\/\/www.europesays.com\/fr\/wp-json\/wp\/v2\/posts\/466977\/revisions"}],"wp:featuredmedia":[{"embeddable":true,"href":"https:\/\/www.europesays.com\/fr\/wp-json\/wp\/v2\/media\/466978"}],"wp:attachment":[{"href":"https:\/\/www.europesays.com\/fr\/wp-json\/wp\/v2\/media?parent=466977"}],"wp:term":[{"taxonomy":"category","embeddable":true,"href":"https:\/\/www.europesays.com\/fr\/wp-json\/wp\/v2\/categories?post=466977"},{"taxonomy":"post_tag","embeddable":true,"href":"https:\/\/www.europesays.com\/fr\/wp-json\/wp\/v2\/tags?post=466977"}],"curies":[{"name":"wp","href":"https:\/\/api.w.org\/{rel}","templated":true}]}}