{"id":466987,"date":"2025-10-16T08:46:33","date_gmt":"2025-10-16T08:46:33","guid":{"rendered":"https:\/\/www.europesays.com\/fr\/466987\/"},"modified":"2025-10-16T08:46:33","modified_gmt":"2025-10-16T08:46:33","slug":"dino-risi-depardon-fernando-leon-de-aranoa-le-cinemed-2025-fait-vibrer-montpellier-au-rythme-de-200-films","status":"publish","type":"post","link":"https:\/\/www.europesays.com\/fr\/466987\/","title":{"rendered":"Dino Risi, Depardon, Fernando Le\u00f3n de Aranoa\u00a0: le Cinemed 2025 fait vibrer Montpellier au rythme de 200 films"},"content":{"rendered":"<p>\n                                                                Le Festival international du cin\u00e9ma m\u00e9diterran\u00e9en de Montpellier (Cinemed) ouvre sa 47\u1d49 \u00e9dition du 17 au 25\u00a0octobre avec \u00ab\u00a0L\u2019\u00c9tranger\u00a0\u00bb de Fran\u00e7ois Ozon, adaptation du roman d\u2019Albert Camus. Pr\u00e8s de 200 films sont programm\u00e9s, entre comp\u00e9titions, avant-premi\u00e8res et r\u00e9trospectives, notamment celles consacr\u00e9es \u00e0 Raymond Depardon, Fernando Le\u00f3n de Aranoa et Dino Risi, figure majeure de la com\u00e9die italienne.\n                            <\/p>\n<p>Comme chaque ann\u00e9e, le Cinemed va d\u00e9buter de la meilleure des mani\u00e8res en affichant une premi\u00e8re soir\u00e9e compl\u00e8te, avec L\u2019\u00c9tranger de Fran\u00e7ois Ozon qui adapte \u00e0 l\u2019\u00e9cran le roman d\u2019Albert Camus avec avec deux com\u00e9diens au style oppos\u00e9\u00a0: Benjamin Voisin et Pierre Lottin.\u00a0Comme les autres, cette 47e \u00e9dition couvre une s\u00e9lection de pr\u00e8s de 200 films toutes sections confondues (comp\u00e9titions, panoramas, avant-premi\u00e8res, documentaires, courts-m\u00e9trages,\u00a0etc.). Une profusion qui peut intimider ou donner envie d\u2019\u00eatre gourmand.<\/p>\n<p>Avants-premi\u00e8res\u00a0et films\u00a0de patrimoine<\/p>\n<p>Le Cinemed sait faire le grand \u00e9cart entre le patrimoine du cin\u00e9ma et la nouveaut\u00e9. Au-del\u00e0 de la comp\u00e9tition et du panorama, il y a aussi la douzaine d\u2019avant-premi\u00e8res et leur lot d\u2019invit\u00e9s qui peuvent garantir de beaux moments. Mais le Cinemed embrasse toute l\u2019histoire du cin\u00e9ma m\u00e9diterran\u00e9en en offrant des hommages et des r\u00e9trospectives.<\/p>\n<p>Fernando Le\u00f3n de Aranoa, aussi r\u00e9compens\u00e9 que Pedro Almodovar<\/p>\n<p>Il y a les vivants, avec celle qui concerne Raymond Depardon (30 \u0153uvres projet\u00e9es), sur laquelle nous reviendrons au cours d\u2019une prochaine interview. Autre invit\u00e9 qu\u2019il nous sera possible de rencontrer au travers d\u2019une r\u00e9trospective\u00a0: Fernando Le\u00f3n de Aranoa. Le cin\u00e9aste espagnol est sans doute moins connu en France que ses homologues Pedro Almod\u00f3var, Alejandro Amen\u00e1bar ou Paco Plaza, mais il est pourtant celui qui d\u00e9tient, avec Almod\u00f3var, le plus grand nombre de Goyas du meilleur r\u00e9alisateur (trois victoires chacun, pas mal). Le\u00f3n de Aranoa est reconnu pour ses drames sociaux et son exploration des th\u00e8mes du travail, de la pr\u00e9carit\u00e9 et des relations de pouvoir. Son dernier film, El buen patr\u00f3n, com\u00e9die noire nous plongeant dans la violence du monde du travail aux c\u00f4t\u00e9s d\u2019un patron autoritaire et paternaliste incarn\u00e9 par un jubilatoire Javier Bardem, est \u00e0 revoir. C\u2019est encore l\u2019acteur espagnol qui nous offre un autre r\u00f4le de composition en incarnant Pablo Escobar aux c\u00f4t\u00e9s de Pen\u00e9lope Cruz dans le film pr\u00e9c\u00e9dent, Escobar. Le\u00f3n de Aranoa aime s\u2019entourer\u00a0de grands acteurs, car c\u2019est Benicio Del Toro qui prenait le r\u00f4le d\u2019un humanitaire pragmatique et d\u00e9sabus\u00e9 dans A Perfect Day, un jour comme un autre. Il y a de quoi se r\u00e9galer.<\/p>\n<p>Dino Risi en 24 films<\/p>\n<p>Autre r\u00e9trospective importante, celle de Dino Risi (1916 \u2013 2008). Ce sont 24 longs-m\u00e9trages du ma\u00eetre de la com\u00e9die italienne qui seront projet\u00e9s. L\u2019occasion de revoir Coluche interpr\u00e9ter un capitaine tyrannique dans Le Fou de guerre (1985), film d\u00e9non\u00e7ant l\u2019absurdit\u00e9 de l\u2019arm\u00e9e et de la folie humaine. On reste avec les com\u00e9diens fran\u00e7ais pour Le Fanfaron, l\u2019un des premiers road-movies du cin\u00e9ma avec Jean-Louis Trintignant. Ce n\u2019est pas lui le cr\u00e2neur dans cette errance italienne comique et existentielle, mais bien Vittorio Gassman dans le r\u00f4le de Bruno Cortona. Mais peut-\u00eatre que s\u2019il fallait avoir vu un seul film du cin\u00e9aste italien, ce serait Les Monstres (1963), com\u00e9die \u00e0 sketches maintes fois prises en exemple dans laquelle Risi dresse un portrait \u00e0 la fois dr\u00f4le et cruel de l\u2019homme moderne. Dans Le Sexe fou (Sessomatto, 1973), autre film \u00e0 sketches, il s\u2019amuse avec\u00a0les comportements sexuels de ses contemporains. \u00c0 voir \u00e9galement\u00a0: des photos de plusieurs de ses films dans le Hall O du Corum. Toutes les soir\u00e9es sont prises.<\/p>\n<p>Du vendredi\u00a017 au samedi 25\u00a0octobre. Corum et autres lieux, Montpellier. Programme sur <a href=\"http:\/\/cinemed.tm.fr\" target=\"_blank\" rel=\"nofollow noopener\">cinemed.tm.fr<\/a><\/p>\n","protected":false},"excerpt":{"rendered":"Le Festival international du cin\u00e9ma m\u00e9diterran\u00e9en de Montpellier (Cinemed) ouvre sa 47\u1d49 \u00e9dition du 17 au 25\u00a0octobre avec&hellip;\n","protected":false},"author":2,"featured_media":466988,"comment_status":"","ping_status":"","sticky":false,"template":"","format":"standard","meta":{"footnotes":""},"categories":[9599],"tags":[1111,11,1777,674,1011,27,2208,12,2680,25],"class_list":{"0":"post-466987","1":"post","2":"type-post","3":"status-publish","4":"format-standard","5":"has-post-thumbnail","7":"category-montpellier","8":"tag-actu","9":"tag-actualites","10":"tag-eu","11":"tag-europe","12":"tag-fr","13":"tag-france","14":"tag-montpellier","15":"tag-news","16":"tag-occitanie","17":"tag-republique-francaise"},"share_on_mastodon":{"url":"https:\/\/pubeurope.com\/@fr\/115382975484724897","error":""},"_links":{"self":[{"href":"https:\/\/www.europesays.com\/fr\/wp-json\/wp\/v2\/posts\/466987","targetHints":{"allow":["GET"]}}],"collection":[{"href":"https:\/\/www.europesays.com\/fr\/wp-json\/wp\/v2\/posts"}],"about":[{"href":"https:\/\/www.europesays.com\/fr\/wp-json\/wp\/v2\/types\/post"}],"author":[{"embeddable":true,"href":"https:\/\/www.europesays.com\/fr\/wp-json\/wp\/v2\/users\/2"}],"replies":[{"embeddable":true,"href":"https:\/\/www.europesays.com\/fr\/wp-json\/wp\/v2\/comments?post=466987"}],"version-history":[{"count":0,"href":"https:\/\/www.europesays.com\/fr\/wp-json\/wp\/v2\/posts\/466987\/revisions"}],"wp:featuredmedia":[{"embeddable":true,"href":"https:\/\/www.europesays.com\/fr\/wp-json\/wp\/v2\/media\/466988"}],"wp:attachment":[{"href":"https:\/\/www.europesays.com\/fr\/wp-json\/wp\/v2\/media?parent=466987"}],"wp:term":[{"taxonomy":"category","embeddable":true,"href":"https:\/\/www.europesays.com\/fr\/wp-json\/wp\/v2\/categories?post=466987"},{"taxonomy":"post_tag","embeddable":true,"href":"https:\/\/www.europesays.com\/fr\/wp-json\/wp\/v2\/tags?post=466987"}],"curies":[{"name":"wp","href":"https:\/\/api.w.org\/{rel}","templated":true}]}}