{"id":466989,"date":"2025-10-16T08:47:18","date_gmt":"2025-10-16T08:47:18","guid":{"rendered":"https:\/\/www.europesays.com\/fr\/466989\/"},"modified":"2025-10-16T08:47:18","modified_gmt":"2025-10-16T08:47:18","slug":"un-policier-croit-assister-a-une-scene-terrifiante-sur-les-berges-du-lez-la-verite-surprend","status":"publish","type":"post","link":"https:\/\/www.europesays.com\/fr\/466989\/","title":{"rendered":"un policier croit assister \u00e0 une sc\u00e8ne terrifiante sur les berges du Lez, la v\u00e9rit\u00e9 surprend"},"content":{"rendered":"<p>            Par<br \/>\n        <strong><br \/>\n            <a href=\"https:\/\/actu.fr\/auteur\/lea-pippinato\" title=\"Consulter tous les articles de L\u00e9a Pippinato\" target=\"_blank\" rel=\"noopener\">L\u00e9a Pippinato<\/a><br \/>\n        <\/strong><\/p>\n<p>        Publi\u00e9 le<\/p>\n<p>            16 oct. 2025 \u00e0 10h21        <\/p>\n<p><strong>Ce mardi 14 octobre 2025<\/strong>, en milieu d\u2019apr\u00e8s-midi, le calme habituel des rives du Lez a \u00e9t\u00e9 interrompu par une sc\u00e8ne \u00e9trange. Un homme agitait deux longues lames sous les yeux de quelques passants intrigu\u00e9s. Derri\u00e8re lui, un autre individu semblait filmer la sc\u00e8ne. \u00c0 premi\u00e8re vue, tout ressemblait \u00e0 une agression.<\/p>\n<p>    <a href=\"https:\/\/www.google.com\/maps\/embed?pb=!1m18!1m12!1m3!1d5778.326445156169!2d3.891726788892608!3d43.60314299659991!2m3!1f0!2f0!3f0!3m2!1i1024!2i768!4f13.1!3m3!1m2!1s0x12b6af8461e186e9%3A0x6d7c2d4fcbe845d4!2sRives%20du%20lez!5e0!3m2!1sen!2sfr!4v1760545166510!5m2!1sen!2sfr\" title=\"Ouvrie le lien\" target=\"_blank\" rel=\"noopener\">Cliquez ici pour visualiser le contenu<\/a><\/p>\n<p class=\" wall-content\">Un policier hors service, t\u00e9moin de la sc\u00e8ne, s\u2019est approch\u00e9. Convaincu d\u2019assister \u00e0 une situation dangereuse, il a observ\u00e9 les gestes brusques de l\u2019homme, ses armes brillantes et un objet suspect fix\u00e9 dans son dos.\u00a0<\/p>\n<p>La d\u00e9couverte d\u2019un simple tournage<\/p>\n<p class=\" wall-content\">Quelques secondes plus tard, la tension est retomb\u00e9e. L\u2019agent a compris qu\u2019il ne s\u2019agissait pas d\u2019une attaque, mais d\u2019une mise en sc\u00e8ne. L\u2019homme arm\u00e9 portait un d\u00e9guisement inspir\u00e9 de films d\u2019horreur. Les couteaux \u00e9taient en plastique, et le hachoir dans son dos en caoutchouc. L\u2019\u00e9quipe improvis\u00e9e tournait une vid\u00e9o pour Halloween.<\/p>\n<p class=\" wall-content\">Les autorit\u00e9s ont profit\u00e9 de l\u2019incident pour rappeler<strong> une r\u00e8gle essentielle :<\/strong> les d\u00e9guisements et fausses armes ne doivent pas \u00eatre utilis\u00e9s en dehors de contextes encadr\u00e9s. Dans la rue, une sc\u00e8ne tourn\u00e9e sans autorisation peut d\u00e9clencher la panique et mobiliser inutilement les secours. Chaque ann\u00e9e, \u00e0 l\u2019approche d\u2019Halloween, la police re\u00e7oit plusieurs signalements similaires. Ces initiatives, anodines en apparence, peuvent troubler l\u2019ordre public. Les d\u00e9guisements sanglants et accessoires d\u2019armes doivent donc \u00eatre r\u00e9serv\u00e9s \u00e0 la f\u00eate du 31 octobre, lorsque le contexte les rend plus acceptables.<\/p>\n<p class=\" wall-content\">Personnalisez votre actualit\u00e9 en ajoutant vos villes et m\u00e9dias en favori avec <a href=\"https:\/\/moncompte.actu.fr\" title=\"D\u00e9couvez Mon Actu\" rel=\"nofollow noopener\" data-trk=\"{&quot;cta&quot;:{&quot;action&quot;:&quot;https:\\\/\\\/moncompte.actu.fr&quot;,&quot;category&quot;:&quot;mon compte&quot;,&quot;from&quot;:&quot;article footer&quot;,&quot;name&quot;:&quot;Mon actu&quot;,&quot;type&quot;:&quot;cta&quot;}}\" target=\"_blank\">Mon Actu<\/a>.<\/p>\n","protected":false},"excerpt":{"rendered":"Par L\u00e9a Pippinato Publi\u00e9 le 16 oct. 2025 \u00e0 10h21 Ce mardi 14 octobre 2025, en milieu d\u2019apr\u00e8s-midi,&hellip;\n","protected":false},"author":2,"featured_media":466990,"comment_status":"","ping_status":"","sticky":false,"template":"","format":"standard","meta":{"footnotes":""},"categories":[9599],"tags":[1111,11,1777,674,118,1011,27,20815,2208,12,2680,1072,25,7501],"class_list":{"0":"post-466989","1":"post","2":"type-post","3":"status-publish","4":"format-standard","5":"has-post-thumbnail","7":"category-montpellier","8":"tag-actu","9":"tag-actualites","10":"tag-eu","11":"tag-europe","12":"tag-faits-divers","13":"tag-fr","14":"tag-france","15":"tag-halloween","16":"tag-montpellier","17":"tag-news","18":"tag-occitanie","19":"tag-police","20":"tag-republique-francaise","21":"tag-violences-urbaines"},"share_on_mastodon":{"url":"https:\/\/pubeurope.com\/@fr\/115382979411240921","error":""},"_links":{"self":[{"href":"https:\/\/www.europesays.com\/fr\/wp-json\/wp\/v2\/posts\/466989","targetHints":{"allow":["GET"]}}],"collection":[{"href":"https:\/\/www.europesays.com\/fr\/wp-json\/wp\/v2\/posts"}],"about":[{"href":"https:\/\/www.europesays.com\/fr\/wp-json\/wp\/v2\/types\/post"}],"author":[{"embeddable":true,"href":"https:\/\/www.europesays.com\/fr\/wp-json\/wp\/v2\/users\/2"}],"replies":[{"embeddable":true,"href":"https:\/\/www.europesays.com\/fr\/wp-json\/wp\/v2\/comments?post=466989"}],"version-history":[{"count":0,"href":"https:\/\/www.europesays.com\/fr\/wp-json\/wp\/v2\/posts\/466989\/revisions"}],"wp:featuredmedia":[{"embeddable":true,"href":"https:\/\/www.europesays.com\/fr\/wp-json\/wp\/v2\/media\/466990"}],"wp:attachment":[{"href":"https:\/\/www.europesays.com\/fr\/wp-json\/wp\/v2\/media?parent=466989"}],"wp:term":[{"taxonomy":"category","embeddable":true,"href":"https:\/\/www.europesays.com\/fr\/wp-json\/wp\/v2\/categories?post=466989"},{"taxonomy":"post_tag","embeddable":true,"href":"https:\/\/www.europesays.com\/fr\/wp-json\/wp\/v2\/tags?post=466989"}],"curies":[{"name":"wp","href":"https:\/\/api.w.org\/{rel}","templated":true}]}}