{"id":466991,"date":"2025-10-16T08:48:17","date_gmt":"2025-10-16T08:48:17","guid":{"rendered":"https:\/\/www.europesays.com\/fr\/466991\/"},"modified":"2025-10-16T08:48:17","modified_gmt":"2025-10-16T08:48:17","slug":"de-rouen-au-caire-lassociation-espoir-jeunes-solidaire-des-gazaouis","status":"publish","type":"post","link":"https:\/\/www.europesays.com\/fr\/466991\/","title":{"rendered":"De Rouen au Caire, l&rsquo;association Espoir Jeunes solidaire des Gazaouis"},"content":{"rendered":"<p>Les regards sont fig\u00e9s sur Jallal. Yassine Arab, responsable de l\u2019association rouennaise Espoir Jeunes, lui tend un sac cartonn\u00e9 dans lequel se trouve un cadeau. Sur le visage de l\u2019adolescent de 16 ans, un large sourire se dessine lorsqu\u2019il d\u00e9couvre une tablette tactile. Gr\u00e2ce \u00e0 elle, Jallal pourra suivre des cours en ligne. Le jeune homme sert la main du responsable associatif et prend une photo avec lui et sa nouvelle acquisition ; tel un footballeur et son troph\u00e9e. Le tout devant les yeux \u00e9mus de sa grand-m\u00e8re, Fayza Al Zahra, alit\u00e9e. Elle embrasse Yassine Arab en guise de remerciement.<\/p>\n<p>Yassine Arab et son \u00e9quipe de six b\u00e9n\u00e9voles ont d\u00e9barqu\u00e9 au Caire d\u00e9but septembre 2025 pour mener une action humanitaire de deux jours aupr\u00e8s de huit familles gazaouis \u00e9vacu\u00e9es de l\u2019enclave quelques mois apr\u00e8s le d\u00e9but de la guerre. Plusieurs membres de ces familles ont besoin d\u2019aides financi\u00e8res et de traitements m\u00e9dicaux, \u00e0 cause de blessures li\u00e9es \u00e0 la guerre ou de maladies.<\/p>\n<p>L\u2019objectif de l\u2019association est simple : verser l\u2019argent aux familles en fonction de leurs n\u00e9cessit\u00e9s et comprendre leurs besoins sanitaires pour les mettre en relation avec des associations locales. Ce dernier point est g\u00e9r\u00e9 par Sabrina, une infirmi\u00e8re fran\u00e7aise install\u00e9e au Caire qui s\u2019est greff\u00e9e au groupe le temps de l\u2019action. En amont du voyage, l\u2019association Espoir jeunes a mis en place une cagnotte. \u00ab\u00a0 On a r\u00e9ussi \u00e0 r\u00e9colter 2 000 euros \u00bb, se r\u00e9jouit Yassine Arab.<\/p>\n<p>Du quartier de Grammont au Caire<\/p>\n<p>Espoir Jeunes est une petite association normande du quartier prioritaire de Grammont \u00e0 Rouen. Son action est surtout orient\u00e9e autour de l\u2019insertion dans le monde professionnel et des activit\u00e9s pour les plus jeunes. Mais face \u00e0 la guerre g\u00e9nocidaire qui continue de frapper sur Gaza, ces citoyens fran\u00e7ais ont d\u00e9cid\u00e9 d\u2019agir pour ne pas se sentir impuissant.<\/p>\n<p>\u00ab On voulait aider \u00e0 notre \u00e9chelle. Et on s\u2019est demand\u00e9 ce qu\u2019on pouvait faire \u00bb, raconte Yassine Arab. Tout part d\u2019une discussion avec sa belle s\u0153ur, Fatima, \u00e9galement b\u00e9n\u00e9vole au sein de l\u2019association et pr\u00e9sente lors de l\u2019action. En scrollant sur le r\u00e9seau social X, il d\u00e9couvre le travail de la journaliste ind\u00e9pendante Khadidja Toufik en Cisjordanie occup\u00e9e et en Isra\u00ebl.<\/p>\n<p>\u00ab Je l\u2019ai contact\u00e9 par mail en lui expliquant ma d\u00e9marche et elle m\u2019a r\u00e9pondu le lendemain sur Whatsapp \u00bb, sourit le responsable associatif. Elle le met en relation avec Amna Al Dabash, journaliste gazaouie arriv\u00e9e au Caire avant le 7 octobre et qui s\u2019y est install\u00e9e depuis. Trouver des familles n\u00e9cessiteuses, organiser les rencontres avec elles et l\u2019ambassadeur de Palestine au Caire et la navette pour le transport : c\u2019est elle qui s\u2019est charg\u00e9e de la logistique du voyage. \u00ab\u00a0 Sans Amna, on aurait pas \u00e9t\u00e9 l\u00e0 aujourd\u2019hui \u00bb, affirme Fatima.<\/p>\n<p>103 000 Gazaouis r\u00e9fugi\u00e9s au Caire<\/p>\n<p>Parmi les familles rencontr\u00e9es, il y a Jallal et Fayza Al Zahra. C\u2019est la derni\u00e8re visite de la longue journ\u00e9e qui se termine pour l\u2019\u00e9quipe de l\u2019association. Ils sont re\u00e7us dans le salon par la grand-m\u00e8re et le petit-fils. Ils vivent seuls au rez-de-chauss\u00e9 d\u2019un immeuble situ\u00e9 dans un quartier populaire du Caire. Ils sont arriv\u00e9s en \u00c9gypte le 27 f\u00e9vrier 2024, soit pr\u00e8s de cinq mois apr\u00e8s le d\u00e9but de la guerre \u00e0 Gaza. Ils font partie des 103 000 Gazaouis install\u00e9s en \u00c9gypte depuis le 7 octobre, selon les chiffres de l\u2019ambassade palestinienne au Caire. Aucun d\u2019entre eux ne b\u00e9n\u00e9ficie du statut de r\u00e9fugi\u00e9 car l\u2019agence des Nations unies pour les r\u00e9fugi\u00e9s de Palestine (Unrwa) n\u2019est pas mandat\u00e9e pour agir dans le pays.<\/p>\n<p>Jallal est assis sur l\u2019accoudoir du canap\u00e9. Il est timide, il ne parle pas. Fayza Al Zahra se charge de raconter leur histoire. La journaliste Amna Al-Dabash, francophone, endosse le r\u00f4le d\u2019interpr\u00e8te. \u00ab Enl\u00e8ve ton t-shirt, montre-leur \u00bb, somme la grand-m\u00e8re. Jallal, g\u00e9n\u00e9, s\u2019ex\u00e9cute. Il porte sur son torse les cicatrices du g\u00e9nocide \u00e0 Gaza. Il d\u00e9voile une plaie de la largeur d\u2019une main mal soign\u00e9e qui le fait encore souffrir. Il a \u00e9t\u00e9 br\u00fbl\u00e9 par un missile qui a explos\u00e9 pr\u00e8s de chez lui. De son c\u00f4t\u00e9, Fayza Al Zahra a subi deux op\u00e9rations en \u00c9gypte au niveau des jambes. Elle souffre d\u2019arthrose et ne peut se d\u00e9placer. Se soigner \u00e0 Gaza\u00a0 est impossible. Selon <a href=\"https:\/\/www.who.int\/fr\/news\/item\/22-05-2025-health-system-at-breaking-point-as-hostilities-further-intensify--who-warns\" target=\"_blank\" rel=\"noopener noreferrer nofollow\">l\u2019Organisation mondiale de la sant\u00e9<\/a>, \u00ab il ne reste que 2000 lits d\u2019h\u00f4pital disponibles, pour une population de plus de 2 millions de personnes et les 19 h\u00f4pitaux encore op\u00e9rationnels font face \u00e0 de graves p\u00e9nuries d\u2019approvisionnement \u00bb<\/p>\n<blockquote>\n<p>Nous ne sommes pas l\u00e0 comme des sauveurs mais pour trouver des solutions au plus proche de leur besoin<\/p>\n<\/blockquote>\n<p>\u00ab De quoi ont-ils besoin ? \u00bb, demande Sabrina, cahier et stylo entre les mains. La grand-m\u00e8re et le petit-fils doivent prendre des m\u00e9dicaments pour att\u00e9nuer les douleurs. Sans revenus fixes, ils ont \u00e9galement besoin d\u2019argent. Ils doivent s\u2019acquitter d\u2019un loyer de 10 000 livres \u00e9gyptiennes (pr\u00e8s de 180 euros) sans compter les autres charges. Terminer les fin de mois rel\u00e8ve de l\u2019impossible. \u00ab Nous ne sommes pas l\u00e0 comme des sauveurs mais pour trouver des solutions au plus proche de leur besoin \u00bb, assure l\u2019ancienne infirmi\u00e8re au sein de l\u2019association M\u00e9decins sans fronti\u00e8re.<\/p>\n<p>Au cours des \u00e9changes deux b\u00e9n\u00e9voles, Bilal et Imad, s\u2019extirpent discr\u00e8tement du salon. Ils reviennent quelques instants plus tard, liasse de billets \u00e9gyptien entre les mains qu\u2019ils tendent \u00e0 la grand-m\u00e8re. \u00c9mue aux larmes, elle remercie les membres de l\u2019association.<\/p>\n<p>Des r\u00e9fugi\u00e9s rong\u00e9s par l\u2019inqui\u00e9tude<\/p>\n<p>En plus des probl\u00e8mes d\u2019argent et de sant\u00e9, leur esprit continue d\u2019\u00eatre avec le reste de leur famille rest\u00e9e \u00e0 Gaza. Car si Jallal et Fayza Al Zahra font partie des quelques chanceux qui ont pu quitter les bombardements incessants de l\u2019\u00c9tat hebreu sur l\u2019enclave palestinienne pour raison m\u00e9dicale, les \u00e9vacuations de Gazaouis ont \u00e9t\u00e9 interrompus, \u00e0 quelques exceptions pr\u00e8s, depuis la fermeture du point de passage de Rafah par l\u2019arm\u00e9e isra\u00e9lienne, en mai 2024.<\/p>\n<p>\u00c0 tout juste 16 ans, Jallal assiste impuissant au g\u00e9nocide de sa famille et de son peuple. Fin septembre, les conclusions de la Commission d\u2019enqu\u00eate internationale ind\u00e9pendante de l\u2019ONU ont \u00e9t\u00e9 sans appel : \u00ab Isra\u00ebl a commis un g\u00e9nocide \u00e0 l\u2019\u00e9gard des Palestiniens dans la guerre men\u00e9e \u00e0 Gaza \u00bb.\u00a0<\/p>\n<p>C\u2019est aussi le cas d\u2019Amna Al-Dabash qui a toute sa famille Gaza. Son t\u00e9l\u00e9phone sonne. Sa maman appelle en vid\u00e9o depuis l\u2019enclave. La journaliste s\u2019enthousiasme. Elle essaye de pr\u00e9senter toutes les personnes pr\u00e9sentes dans le salon malgr\u00e9 la mauvaise connexion. Tout le monde la salue. Mais rapidement, la discussion devient s\u00e9rieuse entre la m\u00e8re et la fille. Quelque chose ne va pas. Amna prend une voix grave, essuie d\u2019un rev\u00e8re une larme qui tente de s\u2019\u00e9chapper de son \u0153il et raccroche. \u00ab C\u2019est rien, c\u2019est le quotidien \u00bb, euph\u00e9mise-t-elle.<\/p>\n<p><strong>Marie-M\u00e8ne Mekaoui <\/strong><\/p>\n","protected":false},"excerpt":{"rendered":"Les regards sont fig\u00e9s sur Jallal. Yassine Arab, responsable de l\u2019association rouennaise Espoir Jeunes, lui tend un sac&hellip;\n","protected":false},"author":2,"featured_media":466992,"comment_status":"","ping_status":"","sticky":false,"template":"","format":"standard","meta":{"footnotes":""},"categories":[9587],"tags":[1111,11,1777,674,1011,27,12,5161,25,9590],"class_list":{"0":"post-466991","1":"post","2":"type-post","3":"status-publish","4":"format-standard","5":"has-post-thumbnail","7":"category-rouen","8":"tag-actu","9":"tag-actualites","10":"tag-eu","11":"tag-europe","12":"tag-fr","13":"tag-france","14":"tag-news","15":"tag-normandie","16":"tag-republique-francaise","17":"tag-rouen"},"share_on_mastodon":{"url":"https:\/\/pubeurope.com\/@fr\/115382983374407224","error":""},"_links":{"self":[{"href":"https:\/\/www.europesays.com\/fr\/wp-json\/wp\/v2\/posts\/466991","targetHints":{"allow":["GET"]}}],"collection":[{"href":"https:\/\/www.europesays.com\/fr\/wp-json\/wp\/v2\/posts"}],"about":[{"href":"https:\/\/www.europesays.com\/fr\/wp-json\/wp\/v2\/types\/post"}],"author":[{"embeddable":true,"href":"https:\/\/www.europesays.com\/fr\/wp-json\/wp\/v2\/users\/2"}],"replies":[{"embeddable":true,"href":"https:\/\/www.europesays.com\/fr\/wp-json\/wp\/v2\/comments?post=466991"}],"version-history":[{"count":0,"href":"https:\/\/www.europesays.com\/fr\/wp-json\/wp\/v2\/posts\/466991\/revisions"}],"wp:featuredmedia":[{"embeddable":true,"href":"https:\/\/www.europesays.com\/fr\/wp-json\/wp\/v2\/media\/466992"}],"wp:attachment":[{"href":"https:\/\/www.europesays.com\/fr\/wp-json\/wp\/v2\/media?parent=466991"}],"wp:term":[{"taxonomy":"category","embeddable":true,"href":"https:\/\/www.europesays.com\/fr\/wp-json\/wp\/v2\/categories?post=466991"},{"taxonomy":"post_tag","embeddable":true,"href":"https:\/\/www.europesays.com\/fr\/wp-json\/wp\/v2\/tags?post=466991"}],"curies":[{"name":"wp","href":"https:\/\/api.w.org\/{rel}","templated":true}]}}