{"id":466993,"date":"2025-10-16T08:49:11","date_gmt":"2025-10-16T08:49:11","guid":{"rendered":"https:\/\/www.europesays.com\/fr\/466993\/"},"modified":"2025-10-16T08:49:11","modified_gmt":"2025-10-16T08:49:11","slug":"lexcellence-normande-a-lhonneur-au-parc-des-expositions","status":"publish","type":"post","link":"https:\/\/www.europesays.com\/fr\/466993\/","title":{"rendered":"l&rsquo;excellence normande \u00e0 l&rsquo;honneur au parc des expositions"},"content":{"rendered":"<p melodystyle=\"texte\">Mettre en avant la cr\u00e9ativit\u00e9 sur le territoire normand et la richesse de nos savoir-faire, c&rsquo;est l&rsquo;ambition de ce festival orchestr\u00e9 par la R\u00e9gion Normandie. Accueilli par le parc des expositions, F\u00eano re\u00e7oit du 17 au 19\u00a0octobre plus de 440 exposants, dont les stands sont r\u00e9partis sur quatre espaces. Le festival offre un tour d&rsquo;horizon de la culture normande d\u00e9clin\u00e9e sous toutes ses formes. Bien s\u00fbr, la gastronomie occupe une place de choix avec apiculteurs, distilleries, culture de plantes aromatiques ou encore artisans tripiers. Le festival promeut aussi le tourisme en Normandie et nous incite \u00e0 mieux conna\u00eetre notre territoire. Pour cela, les parcs naturels r\u00e9gionaux sont repr\u00e9sent\u00e9s ainsi que la Cit\u00e9 de la mer ou le fameux parc viking pr\u00e8s de Caen, Ornavik. La Normandie est aussi une terre de recherches et d&rsquo;innovation\u00a0: l&rsquo;occasion pour les plus jeunes de trouver des vocations.<\/p>\n<p style=\"font-weight:bold;color:#000;\">Pratique. Du 17 au 19 octobre. Parc des expositions de Rouen. Gratuit. <a href=\"https:\/\/feno.normandie.fr\/\" target=\"_blank\" rel=\"nofollow noopener\">feno.normandie.fr<\/a>.<\/p>\n","protected":false},"excerpt":{"rendered":"Mettre en avant la cr\u00e9ativit\u00e9 sur le territoire normand et la richesse de nos savoir-faire, c&rsquo;est l&rsquo;ambition de&hellip;\n","protected":false},"author":2,"featured_media":466994,"comment_status":"","ping_status":"","sticky":false,"template":"","format":"standard","meta":{"footnotes":""},"categories":[9587],"tags":[1111,11,1777,674,1011,27,12,5161,25,9590],"class_list":{"0":"post-466993","1":"post","2":"type-post","3":"status-publish","4":"format-standard","5":"has-post-thumbnail","7":"category-rouen","8":"tag-actu","9":"tag-actualites","10":"tag-eu","11":"tag-europe","12":"tag-fr","13":"tag-france","14":"tag-news","15":"tag-normandie","16":"tag-republique-francaise","17":"tag-rouen"},"share_on_mastodon":{"url":"https:\/\/pubeurope.com\/@fr\/115382987220477984","error":""},"_links":{"self":[{"href":"https:\/\/www.europesays.com\/fr\/wp-json\/wp\/v2\/posts\/466993","targetHints":{"allow":["GET"]}}],"collection":[{"href":"https:\/\/www.europesays.com\/fr\/wp-json\/wp\/v2\/posts"}],"about":[{"href":"https:\/\/www.europesays.com\/fr\/wp-json\/wp\/v2\/types\/post"}],"author":[{"embeddable":true,"href":"https:\/\/www.europesays.com\/fr\/wp-json\/wp\/v2\/users\/2"}],"replies":[{"embeddable":true,"href":"https:\/\/www.europesays.com\/fr\/wp-json\/wp\/v2\/comments?post=466993"}],"version-history":[{"count":0,"href":"https:\/\/www.europesays.com\/fr\/wp-json\/wp\/v2\/posts\/466993\/revisions"}],"wp:featuredmedia":[{"embeddable":true,"href":"https:\/\/www.europesays.com\/fr\/wp-json\/wp\/v2\/media\/466994"}],"wp:attachment":[{"href":"https:\/\/www.europesays.com\/fr\/wp-json\/wp\/v2\/media?parent=466993"}],"wp:term":[{"taxonomy":"category","embeddable":true,"href":"https:\/\/www.europesays.com\/fr\/wp-json\/wp\/v2\/categories?post=466993"},{"taxonomy":"post_tag","embeddable":true,"href":"https:\/\/www.europesays.com\/fr\/wp-json\/wp\/v2\/tags?post=466993"}],"curies":[{"name":"wp","href":"https:\/\/api.w.org\/{rel}","templated":true}]}}