{"id":466999,"date":"2025-10-16T08:55:11","date_gmt":"2025-10-16T08:55:11","guid":{"rendered":"https:\/\/www.europesays.com\/fr\/466999\/"},"modified":"2025-10-16T08:55:11","modified_gmt":"2025-10-16T08:55:11","slug":"la-mere-du-ballon-dor-poursuivie-par-le-fisc-pour-un-cadeau-dun-montant-astronomique","status":"publish","type":"post","link":"https:\/\/www.europesays.com\/fr\/466999\/","title":{"rendered":"la m\u00e8re du Ballon d&rsquo;or poursuivie par le fisc, pour un cadeau d&rsquo;un montant \u00ab\u00a0astronomique\u00a0\u00bb"},"content":{"rendered":"<p>            Par<br \/>\n        <strong><br \/>\n            <a href=\"https:\/\/actu.fr\/auteur\/redaction-rennes\" title=\"Consulter tous les articles de R\u00e9daction Rennes\" rel=\"nofollow noopener\" target=\"_blank\">R\u00e9daction Rennes<\/a><br \/>\n        <\/strong><\/p>\n<p>        Publi\u00e9 le<\/p>\n<p>            16 oct. 2025 \u00e0 10h00        <\/p>\n<p>La m\u00e8re d\u2019Ousmane Demb\u00e9l\u00e9 a demand\u00e9 au <strong>tribunal administratif de Rennes,<\/strong> mercredi 15\u00a0octobre 2025, d\u2019annuler la \u00ab\u2009contribution exceptionnelle sur les hauts revenus\u2009\u00bb et la \u00ab\u2009cotisation suppl\u00e9mentaire d\u2019imp\u00f4t sur le revenu\u2009\u00bb \u00e0 laquelle elle a \u00e9t\u00e9 assujettie en 2017, apr\u00e8s avoir re\u00e7u <strong>un virement de 200\u2009000\u00a0euros<\/strong> pour ses 40\u00a0ans, de la part de son fils.<\/p>\n<p>Une audience en l\u2019absence des int\u00e9ress\u00e9s<\/p>\n<p class=\" wall-content\">Pour rappel, apr\u00e8s avoir \u00e9lev\u00e9 ses enfants \u00e0 Vernon (Eure), Fatimata Demb\u00e9l\u00e9 avait d\u00e9cid\u00e9 de s\u2019installer \u00e0 Rennes (Ille-et-Vilaine) pour que <strong>son fils de 13\u00a0ans puisse int\u00e9grer le centre de formation du Stade Rennais<\/strong> en 2010, apr\u00e8s un passage par les terrains d\u2019\u00c9vreux.<\/p>\n<p class=\" wall-content\">La suite de l\u2019histoire est connue\u2009: en septembre\u00a02025, \u00e0 l\u2019issue d\u2019une saison sportive exceptionnelle au cours de laquelle il a inscrit 35\u00a0buts et 16 passes d\u00e9cisives, toutes comp\u00e9titions confondues, <strong>l\u2019attaquant du Paris Saint-Germain<\/strong> (PSG) de <strong>28\u00a0ans<\/strong> a \u00e9t\u00e9 <strong>sacr\u00e9 Ballon d\u2019or 2025<\/strong>.<\/p>\n<p class=\" wall-content\">Mais alors que les n\u00e9gociations avec le club de la capitale pour une revalorisation de son salaire et une prolongation de son contrat sont en cours, celles de la m\u00e8re de l\u2019international fran\u00e7ais avec le fisc ont \u00e9chou\u00e9 et se sont donc sold\u00e9es en audience publique, ce mercredi 15 octobre 2025, <strong>en l\u2019absence des int\u00e9ress\u00e9s,<\/strong> devant le tribunal administratif de Rennes.<\/p>\n<p>\u00ab\u2009C\u2019est plus un cadeau de No\u00ebl qu\u2019un cadeau d\u2019anniversaire\u2009\u00bb<\/p>\n<p class=\" wall-content\">Ce contentieux revient en fait \u00e0 faire<strong> \u00ab\u2009une interpr\u00e9tation fiscale de la g\u00e9n\u00e9rosit\u00e9 qu\u2019un fils peut manifester pour sa m\u00e8re\u2009\u00bb,<\/strong> a r\u00e9sum\u00e9 le rapporteur public\u2009: la m\u00e8re d\u2019Ousmane Demb\u00e9l\u00e9 avait re\u00e7u un virement de 200\u2009000\u00a0euros le 14\u00a0novembre 2017 pour ses 40\u00a0ans.<\/p>\n<p class=\" wall-content\">Elle les a pourtant f\u00eat\u00e9s le 4\u00a0mai, soit \u00ab\u2009plus de six mois plus t\u00f4t\u2009\u00bb a donc fait observer le magistrat. \u00ab\u2009C\u2019est plus un cadeau de No\u00ebl qu\u2019un cadeau d\u2019anniversaire\u2009\u00bb, a-t-il donc ironis\u00e9, d\u2019autant plus que le virement a \u00e9t\u00e9 fait <strong>\u00ab\u2009sur un compte bancaire espagnol non d\u00e9clar\u00e9\u2009\u00bb.<\/strong><\/p>\n<p>Votre r\u00e9gion, votre actu !<\/p>\n<p>Recevez chaque jour les infos qui comptent pour vous.<\/p>\n<p>\t<a href=\"https:\/\/actu.fr\/newsletter\" class=\"ac-btn ac-btn--corner ac-btn--medium ac-btn--blue800\" rel=\"nofollow noopener\" target=\"_blank\">S&rsquo;incrire<\/a><br \/>\nUn virement d\u2019un \u00ab\u2009niveau astronomique\u2009\u00bb<\/p>\n<p class=\" wall-content\">En fait, alors qu\u2019une \u00ab\u2009tol\u00e9rance\u2009\u00bb de l\u2019administration fiscale est admise pour les \u00ab\u2009cadeaux\u2009\u00bb financiers entre membres d\u2019une m\u00eame famille, les contr\u00f4leurs des imp\u00f4ts avaient consid\u00e9r\u00e9 dans ce dossier qu\u2019<strong>une \u00ab\u2009relation d\u2019affaires\u2009\u00bb liait Ousmane Demb\u00e9l\u00e9 \u00e0 sa m\u00e8re.<\/strong><\/p>\n<p class=\" wall-content\"><strong>Ce virement d\u2019un \u00ab\u2009niveau astronomique\u2009\u00bb<\/strong> aurait donc <strong>d\u00fb \u00eatre d\u00e9clar\u00e9<\/strong> par la m\u00e8re du joueur dans sa d\u00e9claration de revenus 2017, ce qu\u2019elle n\u2019avait pas fait, a expliqu\u00e9 le magistrat, dont les avis sont la plupart du temps suivis par les juges administratifs.<\/p>\n<p>Une soci\u00e9t\u00e9 mont\u00e9e avec son fils<\/p>\n<p class=\" wall-content\">Lorsque ce virement intervient, Fatimata Demb\u00e9l\u00e9 est d\u00e9j\u00e0 employ\u00e9e en contrat \u00e0 dur\u00e9e ind\u00e9termin\u00e9e (CDI) dans <strong>la soci\u00e9t\u00e9 Waly Sport,<\/strong> une soci\u00e9t\u00e9 domicili\u00e9e \u00e0 Saint-Gr\u00e9goire (Ille-et-Vilaine) qu\u2019elle avait mont\u00e9e avec son fils depuis \u00ab\u2009quatre mois\u2009\u00bb\u2009: elle y a d\u2019abord offici\u00e9 en tant que \u00ab\u2009directrice de communication sportive\u2009\u00bb puis <strong>\u00ab\u2009directrice<\/strong>\u00a0<strong>g\u00e9n\u00e9rale\u2009\u00bb<\/strong> \u00e0 compter de 2022.<\/p>\n<p class=\" wall-content\">La soci\u00e9t\u00e9 a pour objet social \u00ab\u2009l\u2019exploitation de l\u2019image et du nom\u2009\u00bb du footballeur, \u00ab\u2009la gestion des op\u00e9rations de relations publiques\u2009\u00bb ou celle des \u00ab\u2009modalit\u00e9s de sa reconversion\u2009\u00bb. Elle a g\u00e9n\u00e9r\u00e9 <strong>plus d\u2019un million d\u2019euros de r\u00e9sultat net en 2023.<\/strong><\/p>\n<p>Une taxe l\u00e9gale<\/p>\n<p class=\" wall-content\">Ousmane Demb\u00e9l\u00e9 \u2013 qui est l\u2019un des \u00ab\u2009joueurs les plus talentueux\u2009\u00bb de sa g\u00e9n\u00e9ration, et donc <strong>\u00ab\u2009l\u2019un des mieux r\u00e9mun\u00e9r\u00e9s\u2009\u00bb<\/strong> a rappel\u00e9 le rapporteur public aux juges rennais \u2013 avait lui-m\u00eame expliqu\u00e9 \u00e0 l\u2019administration fiscale, dans une attestation en date du 8\u00a0septembre 2020, qu\u2019il s\u2019agissait d\u2019un \u00ab\u2009pr\u00e9sent d\u2019usage\u2009\u00bb pour ses 40\u00a0ans et \u00ab\u2009tout ce qu\u2019elle a fait pour lui\u2009\u00bb.<\/p>\n<p class=\" wall-content\">Mais<strong> le virement est intervenu \u00ab\u2009plus de six mois apr\u00e8s\u2009\u00bb son anniversaire,<\/strong> a r\u00e9it\u00e9r\u00e9 le rapporteur public. Et la \u00ab\u2009proportionnalit\u00e9\u2009\u00bb du don avec les revenus du joueur n\u2019entre pas, de son point de vue, en compte. Selon lui,<strong> la \u00ab\u2009taxe\u2009\u00bb<\/strong> mise \u00e0 sa charge \u00e0 l\u2019issue de son contr\u00f4le fiscal <strong>\u00e9tait donc bien l\u00e9gale<\/strong>.<\/p>\n<p class=\" wall-content\">Le tribunal administratif de Rennes, lui, a mis <strong>sa d\u00e9cision en d\u00e9lib\u00e9r\u00e9<\/strong> et se prononcera d\u2019ici trois semaines environ.<\/p>\n<p class=\" wall-content\"><strong>CB et GF (PressPepper)<\/strong><\/p>\n<p class=\" wall-content\">Personnalisez votre actualit\u00e9 en ajoutant vos villes et m\u00e9dias en favori avec <a href=\"https:\/\/moncompte.actu.fr\" title=\"D\u00e9couvez Mon Actu\" rel=\"nofollow noopener\" data-trk=\"{&quot;cta&quot;:{&quot;action&quot;:&quot;https:\\\/\\\/moncompte.actu.fr&quot;,&quot;category&quot;:&quot;mon compte&quot;,&quot;from&quot;:&quot;article footer&quot;,&quot;name&quot;:&quot;Mon actu&quot;,&quot;type&quot;:&quot;cta&quot;}}\" target=\"_blank\">Mon Actu<\/a>.<\/p>\n","protected":false},"excerpt":{"rendered":"Par R\u00e9daction Rennes Publi\u00e9 le 16 oct. 2025 \u00e0 10h00 La m\u00e8re d\u2019Ousmane Demb\u00e9l\u00e9 a demand\u00e9 au tribunal&hellip;\n","protected":false},"author":2,"featured_media":467000,"comment_status":"","ping_status":"","sticky":false,"template":"","format":"standard","meta":{"footnotes":""},"categories":[2821],"tags":[1111,11,829,1777,674,118,1011,27,303,12,584,25,3087],"class_list":{"0":"post-466999","1":"post","2":"type-post","3":"status-publish","4":"format-standard","5":"has-post-thumbnail","7":"category-rennes","8":"tag-actu","9":"tag-actualites","10":"tag-bretagne","11":"tag-eu","12":"tag-europe","13":"tag-faits-divers","14":"tag-fr","15":"tag-france","16":"tag-justice","17":"tag-news","18":"tag-rennes","19":"tag-republique-francaise","20":"tag-stade-rennais"},"share_on_mastodon":{"url":"https:\/\/pubeurope.com\/@fr\/115383010960508082","error":""},"_links":{"self":[{"href":"https:\/\/www.europesays.com\/fr\/wp-json\/wp\/v2\/posts\/466999","targetHints":{"allow":["GET"]}}],"collection":[{"href":"https:\/\/www.europesays.com\/fr\/wp-json\/wp\/v2\/posts"}],"about":[{"href":"https:\/\/www.europesays.com\/fr\/wp-json\/wp\/v2\/types\/post"}],"author":[{"embeddable":true,"href":"https:\/\/www.europesays.com\/fr\/wp-json\/wp\/v2\/users\/2"}],"replies":[{"embeddable":true,"href":"https:\/\/www.europesays.com\/fr\/wp-json\/wp\/v2\/comments?post=466999"}],"version-history":[{"count":0,"href":"https:\/\/www.europesays.com\/fr\/wp-json\/wp\/v2\/posts\/466999\/revisions"}],"wp:featuredmedia":[{"embeddable":true,"href":"https:\/\/www.europesays.com\/fr\/wp-json\/wp\/v2\/media\/467000"}],"wp:attachment":[{"href":"https:\/\/www.europesays.com\/fr\/wp-json\/wp\/v2\/media?parent=466999"}],"wp:term":[{"taxonomy":"category","embeddable":true,"href":"https:\/\/www.europesays.com\/fr\/wp-json\/wp\/v2\/categories?post=466999"},{"taxonomy":"post_tag","embeddable":true,"href":"https:\/\/www.europesays.com\/fr\/wp-json\/wp\/v2\/tags?post=466999"}],"curies":[{"name":"wp","href":"https:\/\/api.w.org\/{rel}","templated":true}]}}