{"id":467001,"date":"2025-10-16T08:56:16","date_gmt":"2025-10-16T08:56:16","guid":{"rendered":"https:\/\/www.europesays.com\/fr\/467001\/"},"modified":"2025-10-16T08:56:16","modified_gmt":"2025-10-16T08:56:16","slug":"strasbourg-hommage-vendredi-aux-victimes-du-17-octobre-1961","status":"publish","type":"post","link":"https:\/\/www.europesays.com\/fr\/467001\/","title":{"rendered":"Strasbourg. Hommage vendredi aux victimes du 17 octobre 1961"},"content":{"rendered":"<p class=\"wp-block-post-excerpt__excerpt\">64 ans apr\u00e8s la sanglante r\u00e9pression des manifestations du 17 octobre 1961, une comm\u00e9moration est organis\u00e9e \u00e0 Strasbourg. Les organisateurs souhaitent rappeler l\u2019importance de la lutte contre le racisme et le colonialisme. <\/p>\n<p class=\"font-sans\">\n\t\t\tCet article est en acc\u00e8s libre. Pour soutenir Rue89 Strasbourg,<br \/>\n\t\t\t<a class=\"underline\" href=\"https:\/\/www.rue89strasbourg.com\/abonnement\" rel=\"nofollow noopener\" target=\"_blank\">abonnez-vous<\/a>.\n\t\t<\/p>\n<p>Nicolas Thomas<\/p>\n<p>Publi\u00e9 le 16 octobre 2025\u00a0\u00a0\u00b7\u00a0\u00a0<\/p>\n<p>Imprim\u00e9 le 16 octobre 2025 \u00e0 10h24\u00a0\u00a0\u00b7\u00a0\u00a0<\/p>\n<p>\t\t\t\t\t1\u00a0minute\n<\/p>\n<p>\u00ab\u00a0Un crime d\u2019\u00c9tat qu\u2019on n\u2019oublie pas !\u00a0\u00bb Vendredi 17 octobre, \u00e0 17h30, une comm\u00e9moration du massacre du 17 octobre 1961 est organis\u00e9e \u00e0 Strasbourg, au pont du Corbeau, \u00e0 l\u2019appel du collectif <a href=\"https:\/\/www.facebook.com\/DNSI67\/?locale=fr_FR\" rel=\"nofollow noopener\" target=\"_blank\">D\u2019Ailleurs nous sommes d\u2019ici (DNSI 67)<\/a> et d\u2019une trentaine d\u2019organisations locales. Apr\u00e8s un lancer de fleurs \u00e0 la m\u00e9moire des victimes et des prises de parole, le cort\u00e8ge rejoindra la place du 17 octobre 1961, situ\u00e9e au croisement de la rue de la Douane et de la rue de la Division Leclerc.<\/p>\n<p>Pour les organisateurs, il s\u2019agit de rappeler qu\u2019il y a 64 ans, la police parisienne, plac\u00e9e sous l\u2019autorit\u00e9 du pr\u00e9fet Maurice Papon, a r\u00e9prim\u00e9 une manifestation d\u2019Alg\u00e9riens pour l\u2019ind\u00e9pendance, dans un contexte de couvre-feu racialis\u00e9. Le nombre <a href=\"https:\/\/fr.wikipedia.org\/wiki\/Massacre_du_17_octobre_1961\" target=\"_blank\" rel=\"noreferrer noopener nofollow\">exact de morts demeure discut\u00e9 par les historiens<\/a>, les estimations les plus hautes allant jusqu\u2019\u00e0 200 morts. Mais les t\u00e9moignages convergent sur la brutalit\u00e9 de la r\u00e9pression polici\u00e8re, de nombreux manifestants ayant \u00e9t\u00e9 jet\u00e9s dans la Seine.<\/p>\n<p><a href=\"https:\/\/www.rue89strasbourg.com\/abonnement\/6-mois-municipales\" rel=\"nofollow noopener\" target=\"_blank\"><img loading=\"lazy\" decoding=\"async\" width=\"970\" height=\"250\" src=\"https:\/\/www.europesays.com\/fr\/wp-content\/uploads\/2025\/10\/bannie\u0300re-desktop-promo-municipales.gif\" alt=\"\" class=\"wp-image-363826\"\/><\/a><\/p>\n<p><a href=\"https:\/\/www.rue89strasbourg.com\/abonnement\/6-mois-municipales\" rel=\"nofollow noopener\" target=\"_blank\"><img loading=\"lazy\" decoding=\"async\" width=\"300\" height=\"300\" src=\"https:\/\/www.europesays.com\/fr\/wp-content\/uploads\/2025\/10\/bannie\u0300re-mobile-promo-municipales.png\" alt=\"\" class=\"wp-image-363827\"  \/><\/a><\/p>\n<p>Contre l\u2019oubli d\u2019un crime colonial<\/p>\n<p>Le rendez-vous strasbourgeois emprunte un parcours charg\u00e9 de symboles, rappelle Tonio Gomez, porte-parole du collectif DNSI 67 :  <\/p>\n<blockquote class=\"wp-block-quote is-layout-flow wp-block-quote-is-layout-flow\">\n<p>\u00ab\u00a0La place du 17 octobre 1961 a une importance toute particuli\u00e8re pour nous. Nous l\u2019avons obtenue apr\u00e8s un an de discussions avec la mairie, sous Rolland Ries (PS), qui a finalement donn\u00e9 son accord pour nommer la place. Un pas important dans la reconnaissance publique de cette r\u00e9pression sanglante.\u00a0\u00bb<\/p>\n<\/blockquote>\n<p> Pour les organisateurs, il est n\u00e9cessaire de demander \u00e0 la France de rendre des comptes sur un \u00ab\u00a0crime colonial d\u2019\u00c9tat\u00a0\u00bb qui n\u2019est toujours pas reconnu comme tel. \u00ab\u00a0Maintenir la m\u00e9moire est indispensable dans le combat contre le racisme et le fascisme\u00a0\u00bb, rappelle Tonio Gomez. <\/p>\n<p>Y <strong>aller<\/strong><\/p>\n<p><strong>Comm\u00e9moration du 17 octobre 1961<\/strong>, vendredi 17 octobre \u00e0 17h30, au pont du Corbeau \u00e0 Strasbourg \u2013 Krutenau.<\/p>\n","protected":false},"excerpt":{"rendered":"64 ans apr\u00e8s la sanglante r\u00e9pression des manifestations du 17 octobre 1961, une comm\u00e9moration est organis\u00e9e \u00e0 Strasbourg.&hellip;\n","protected":false},"author":2,"featured_media":467002,"comment_status":"","ping_status":"","sticky":false,"template":"","format":"standard","meta":{"footnotes":""},"categories":[2820],"tags":[1111,11,1777,674,1011,27,775,2088,12,25,640],"class_list":{"0":"post-467001","1":"post","2":"type-post","3":"status-publish","4":"format-standard","5":"has-post-thumbnail","7":"category-strasbourg","8":"tag-actu","9":"tag-actualites","10":"tag-eu","11":"tag-europe","12":"tag-fr","13":"tag-france","14":"tag-grand-est","15":"tag-manifestation","16":"tag-news","17":"tag-republique-francaise","18":"tag-strasbourg"},"share_on_mastodon":{"url":"https:\/\/pubeurope.com\/@fr\/115383015341652308","error":""},"_links":{"self":[{"href":"https:\/\/www.europesays.com\/fr\/wp-json\/wp\/v2\/posts\/467001","targetHints":{"allow":["GET"]}}],"collection":[{"href":"https:\/\/www.europesays.com\/fr\/wp-json\/wp\/v2\/posts"}],"about":[{"href":"https:\/\/www.europesays.com\/fr\/wp-json\/wp\/v2\/types\/post"}],"author":[{"embeddable":true,"href":"https:\/\/www.europesays.com\/fr\/wp-json\/wp\/v2\/users\/2"}],"replies":[{"embeddable":true,"href":"https:\/\/www.europesays.com\/fr\/wp-json\/wp\/v2\/comments?post=467001"}],"version-history":[{"count":0,"href":"https:\/\/www.europesays.com\/fr\/wp-json\/wp\/v2\/posts\/467001\/revisions"}],"wp:featuredmedia":[{"embeddable":true,"href":"https:\/\/www.europesays.com\/fr\/wp-json\/wp\/v2\/media\/467002"}],"wp:attachment":[{"href":"https:\/\/www.europesays.com\/fr\/wp-json\/wp\/v2\/media?parent=467001"}],"wp:term":[{"taxonomy":"category","embeddable":true,"href":"https:\/\/www.europesays.com\/fr\/wp-json\/wp\/v2\/categories?post=467001"},{"taxonomy":"post_tag","embeddable":true,"href":"https:\/\/www.europesays.com\/fr\/wp-json\/wp\/v2\/tags?post=467001"}],"curies":[{"name":"wp","href":"https:\/\/api.w.org\/{rel}","templated":true}]}}