{"id":467004,"date":"2025-10-16T08:58:11","date_gmt":"2025-10-16T08:58:11","guid":{"rendered":"https:\/\/www.europesays.com\/fr\/467004\/"},"modified":"2025-10-16T08:58:11","modified_gmt":"2025-10-16T08:58:11","slug":"decouvrez-myhealthfriend-lapplication-mobile-du-chu-de-nice-dediee-a-la","status":"publish","type":"post","link":"https:\/\/www.europesays.com\/fr\/467004\/","title":{"rendered":"D\u00e9couvrez MyHealthFriend : l\u2019application mobile du CHU de Nice d\u00e9di\u00e9e \u00e0 la (\u2026)"},"content":{"rendered":"<p>                    <img loading=\"lazy\" decoding=\"async\" src=\"https:\/\/www.europesays.com\/fr\/wp-content\/uploads\/2025\/10\/3f69d5dbe1ff7c1531c3ed376885cf.png\" class=\"img-responsive post-image\" width=\"680\" height=\"510\" alt=\"D\u00e9couvrez MyHealthFriend\" title=\"D\u00e9couvrez MyHealthFriend : l'application mobile du CHU de Nice d\u00e9di\u00e9e \u00e0 la pr\u00e9vention sant\u00e9\"\/><\/p>\n<p class=\"chapo\">Dans le cadre du programme Interreg Alcotra France-Italie 2021-2027, le CHU de Nice, sous la coordination du Pr Sabrina Sacconi, a lanc\u00e9 le 14 octobre MyHealthFriend (MHF), une application mobile gratuite d\u00e9di\u00e9e \u00e0 la sant\u00e9 pr\u00e9ventive et au bien-\u00eatre. Ce projet innovant r\u00e9unit \u00e9galement deux partenaires italiens, l\u2019ASL CN1 et l\u2019ASL CN2, pour proposer une approche transfrontali\u00e8re de la sant\u00e9.<\/p>\n<p>Face \u00e0 l\u2019augmentation des maladies chroniques, adopter un mode de vie sain devient plus que jamais essentiel. <a href=\"https:\/\/www.interreg-alcotra.eu\/fr\/myhealthfriend\" class=\"texte\" rel=\"external nofollow noopener\" target=\"_blank\">MyHealthFriend<\/a> accompagne chaque utilisateur de mani\u00e8re personnalis\u00e9e, en tenant compte de son rythme, de ses besoins et de ses capacit\u00e9s. Le parcours commence par un bilan initial permettant d\u2019identifier l\u2019axe prioritaire\u00a0: nutrition, activit\u00e9 physique, gestion du stress ou qualit\u00e9 du sommeil. Un second bilan affine le profil afin de proposer un programme personnalis\u00e9 de trois mois, suivi mensuellement pour \u00e9valuer les progr\u00e8s et ajuster les recommandations.<\/p>\n<p>Pour enrichir l\u2019exp\u00e9rience, l\u2019application int\u00e8gre une <strong>cartographie interactive<\/strong>, d\u00e9velopp\u00e9e en partenariat avec tabUi, acteur officiel du tourisme en Italie. Cette fonctionnalit\u00e9 permet de d\u00e9couvrir les ressources locales, favorise l\u2019\u00e9conomie de proximit\u00e9 et combine sant\u00e9 et plaisir de l\u2019exploration.<br class=\"autobr\"\/><br \/>\nMyHealthFriend incarne une nouvelle vision de la sant\u00e9 pr\u00e9ventive\u00a0: connect\u00e9e, humaine et transfrontali\u00e8re.<\/p>\n<p>Visuel de une (d\u00e9tail) \u00a9CHU de Nice<\/p>\n","protected":false},"excerpt":{"rendered":"Dans le cadre du programme Interreg Alcotra France-Italie 2021-2027, le CHU de Nice, sous la coordination du Pr&hellip;\n","protected":false},"author":2,"featured_media":467005,"comment_status":"","ping_status":"","sticky":false,"template":"","format":"standard","meta":{"footnotes":""},"categories":[2819],"tags":[1111,11,2408,1777,674,1011,27,12,2401,882,25],"class_list":{"0":"post-467004","1":"post","2":"type-post","3":"status-publish","4":"format-standard","5":"has-post-thumbnail","7":"category-nice","8":"tag-actu","9":"tag-actualites","10":"tag-appels-d","11":"tag-eu","12":"tag-europe","13":"tag-fr","14":"tag-france","15":"tag-news","16":"tag-nice","17":"tag-provence-alpes-cote-dazur","18":"tag-republique-francaise"},"share_on_mastodon":{"url":"https:\/\/pubeurope.com\/@fr\/115383023058302907","error":""},"_links":{"self":[{"href":"https:\/\/www.europesays.com\/fr\/wp-json\/wp\/v2\/posts\/467004","targetHints":{"allow":["GET"]}}],"collection":[{"href":"https:\/\/www.europesays.com\/fr\/wp-json\/wp\/v2\/posts"}],"about":[{"href":"https:\/\/www.europesays.com\/fr\/wp-json\/wp\/v2\/types\/post"}],"author":[{"embeddable":true,"href":"https:\/\/www.europesays.com\/fr\/wp-json\/wp\/v2\/users\/2"}],"replies":[{"embeddable":true,"href":"https:\/\/www.europesays.com\/fr\/wp-json\/wp\/v2\/comments?post=467004"}],"version-history":[{"count":0,"href":"https:\/\/www.europesays.com\/fr\/wp-json\/wp\/v2\/posts\/467004\/revisions"}],"wp:featuredmedia":[{"embeddable":true,"href":"https:\/\/www.europesays.com\/fr\/wp-json\/wp\/v2\/media\/467005"}],"wp:attachment":[{"href":"https:\/\/www.europesays.com\/fr\/wp-json\/wp\/v2\/media?parent=467004"}],"wp:term":[{"taxonomy":"category","embeddable":true,"href":"https:\/\/www.europesays.com\/fr\/wp-json\/wp\/v2\/categories?post=467004"},{"taxonomy":"post_tag","embeddable":true,"href":"https:\/\/www.europesays.com\/fr\/wp-json\/wp\/v2\/tags?post=467004"}],"curies":[{"name":"wp","href":"https:\/\/api.w.org\/{rel}","templated":true}]}}