{"id":467021,"date":"2025-10-16T09:06:26","date_gmt":"2025-10-16T09:06:26","guid":{"rendered":"https:\/\/www.europesays.com\/fr\/467021\/"},"modified":"2025-10-16T09:06:26","modified_gmt":"2025-10-16T09:06:26","slug":"mur-thermolactyl-deux-niveaux-visite-de-la-nouvelle-boutique-damart-a-roubaix-berceau-de-la-marque","status":"publish","type":"post","link":"https:\/\/www.europesays.com\/fr\/467021\/","title":{"rendered":"\u00ab\u00a0Mur\u00a0\u00bb Thermolactyl, deux niveaux&#8230; Visite de la nouvelle boutique Damart \u00e0 Roubaix, berceau de la marque"},"content":{"rendered":"<p>            Par<br \/>\n        <strong><br \/>\n            <a href=\"https:\/\/actu.fr\/auteur\/annesophie-2\" title=\"Consulter tous les articles de Anne-Sophie Hourdeaux\" target=\"_blank\" rel=\"noopener\">Anne-Sophie Hourdeaux<\/a><br \/>\n        <\/strong><\/p>\n<p>        Publi\u00e9 le<\/p>\n<p>            16 oct. 2025 \u00e0 10h52        <\/p>\n<p><b>\u00ab\u2009Damart,<\/b> cr\u00e9ateur de chaleur\u2009\u00bb\u2009: voil\u00e0 un slogan qui colle bien \u00e0 l\u2019entreprise roubaisienne\u2009! La marque ne mise pas uniquement sur le digital\u2009: elle vient d\u2019<b>ouvrir un nouveau magasin <\/b>dans la m\u00e9tropole de <a href=\"https:\/\/actu.fr\/hauts-de-france\/lille_59350\" target=\"_blank\" rel=\"noopener\">Lille<\/a> (Nord), et pas n\u2019importe o\u00f9. Elle a choisi <a href=\"https:\/\/actu.fr\/hauts-de-france\/roubaix_59512\" target=\"_blank\" rel=\"noopener\">Roubaix<\/a>, dans son berceau historique. <b>La marque y est n\u00e9e il y a plus de 70 ans. <\/b>Ce nouveau point de vente, r\u00e9solument moderne, contient son \u00ab\u00a0mur\u00a0\u00bb d\u2019articles Thermolactyl et se compose de deux niveaux. Visite.<\/p>\n<p>Le directeur de Damart : \u00ab\u00a0On s\u2019est demand\u00e9 o\u00f9 installer cette boutique dans Roubaix\u00a0\u00bb<\/p>\n<p class=\" wall-content\">Si le magasin outlet Damart de l\u2019Usine existe toujours, celui situ\u00e9 boulevard du g\u00e9n\u00e9ral Leclerc, juste en face d\u2019Eurot\u00e9l\u00e9port, avait ferm\u00e9 en 2020, pour d\u00e9m\u00e9nager \u00e0 Promenade de Flandre \u00e0 Neuville-en-Ferrain. Il manquait donc une boutique Damart \u00e0 Roubaix.<\/p>\n<p>    <img   decoding=\"async\" loading=\"lazy\" class=\"size-large\" src=\"https:\/\/www.europesays.com\/fr\/wp-content\/uploads\/2025\/10\/1081cdfc5ee866291cdfc5ee82891cv-960x640.jpeg\" alt=\"damart roubaix\" width=\"960\" height=\"640\"\/><br \/>\n    Sur 2 \u00e9tages, retrouvez les produits phares de Damart. \u00a9Anne-Sophie Hourdeaux\/Croix du Nord<\/p>\n<p class=\" wall-content\">L\u2019entreprise voulait retrouver une \u00ab\u2009vitrine\u2009\u00bb dans son berceau historique, et c\u2019est chose faite depuis le 9 octobre 2025.<\/p>\n<p class=\" wall-content\">\u00ab\u2009On s\u2019est demand\u00e9 o\u00f9 installer cette boutique dans Roubaix\u2009\u00bb, explique Filiep Blontrock, directeur g\u00e9n\u00e9ral Damart France et Belgique. \u00ab\u2009O\u00f9 se trouvent les axes commer\u00e7ants dans la ville\u2009? Il est important d\u2019\u00eatre dans les centres-villes, les centres commerciaux. En France, nos 94 magasins se situent dans ces zones selon la r\u00e9gion. Mais la marque Damart attire aussi par elle-m\u00eame.\u2009\u00bb<\/p>\n<p>    <img   decoding=\"async\" loading=\"lazy\" class=\"size-large\" src=\"https:\/\/www.europesays.com\/fr\/wp-content\/uploads\/2025\/10\/a445bdfc5ee866195bdfc5ee8a595bv-960x640.jpeg\" alt=\"damart roubaix\" width=\"960\" height=\"640\"\/><br \/>\n    Une des produits phares de la nouvelle collection\u2009: un imperm\u00e9able \u00e0 139\u00a0\u20ac. \u00a9Anne-Sophie Hourdeaux\/Croix du Nord<\/p>\n<p class=\" wall-content\">L\u2019entreprise a donc d\u00e9cid\u00e9\u2026 d\u2019installer sa nouvelle boutique sur<b> le site de son si\u00e8ge social\u2009<\/b>!<\/p>\n<p>Votre r\u00e9gion, votre actu !<\/p>\n<p>Recevez chaque jour les infos qui comptent pour vous.<\/p>\n<p>\t<a href=\"https:\/\/actu.fr\/newsletter\" class=\"ac-btn ac-btn--corner ac-btn--medium ac-btn--blue800\" target=\"_blank\" rel=\"noopener\">S&rsquo;incrire<\/a><\/p>\n<p>    <img   decoding=\"async\" loading=\"lazy\" class=\"size-large\" src=\"https:\/\/www.europesays.com\/fr\/wp-content\/uploads\/2025\/10\/a616bdfc5ee86aa16bdfc5ee88e16bv-960x640.jpeg\" alt=\"damart roubaix\" width=\"960\" height=\"640\"\/><br \/>\n    Un des nouveaux v\u00eatements de la collection hiver chez Damart. \u00a9Anne-Sophie Hourdeaux\/Croix du Nord<\/p>\n<p class=\" wall-content\">Le directeur pr\u00e9cise\u2009: \u00ab\u2009Nous avions un accueil assez grand, on a r\u00e9fl\u00e9chi \u00e0 le d\u00e9placer et retravailler l\u2019espace laiss\u00e9 libre\u2009\u00bb. R\u00e9sultat\u2009: une boutique sur deux \u00e9tages, avec m\u00eame un parking d\u2019une douzaine de places\u2009!<\/p>\n<p>    <img   decoding=\"async\" loading=\"lazy\" class=\"size-large\" src=\"https:\/\/www.europesays.com\/fr\/wp-content\/uploads\/2025\/10\/ae9c5dfc5ee8633ac5dfc5ee827ac5v-960x640.jpeg\" alt=\"damart roubaix\" width=\"960\" height=\"640\"\/><br \/>\n    Les best of de la marque\u2009: les fameux Thermolactyl, qui se d\u00e9clinent en une multitude de formes, de couleurs, de tailles, de niveaux de chaleur\u2009! \u00a9Anne-Sophie Hourdeaux\/Croix du NordEn 2025, plus de ventes en magasin qu\u2019en ligne pour Damart<\/p>\n<p class=\" wall-content\">On y trouve tout ce qui fait la force de la marque\u2009: un mur de Thermolactyl de toutes formes, tailles, couleurs, et niveau de chaleur\u2009; la nouvelle collection hiver avec notamment une marini\u00e8re avec la technologie Thermolactyl, les chaussures\u2009; un univers nuit\u2026 Il est aussi possible de r\u00e9server en boutique avec le \u00ab\u2009click and collect\u2009\u00bb.<\/p>\n<blockquote class=\"ac-article-quote wall-content\">\n<p>Avoir une boutique reste important pour nous, pour d\u00e9velopper la proximit\u00e9 avec nos clientes, \u00eatre \u00e0 leur \u00e9coute, les rencontrer. Nous offrons plus que du textile, nous voulons proposer des petits moments de bonheur\u2009!<\/p>\n<p>Filiep Blontrock, DG Damart<\/p><\/blockquote>\n<p>    <img   decoding=\"async\" loading=\"lazy\" class=\"size-large\" src=\"https:\/\/www.europesays.com\/fr\/wp-content\/uploads\/2025\/10\/b701adfc5ee86af01adfc5ee8f311av-960x640.jpeg\" alt=\"damart roubaix\" width=\"960\" height=\"640\"\/><br \/>\n    Le nouveau magasin de Roubaix pr\u00e9sente la nouvelle collection. \u00a9Anne-Sophie Hourdeaux\/Croix du Nord<\/p>\n<p class=\" wall-content\">Cette ouverture s\u2019inscrit dans une nouvelle dynamique o\u00f9 les magasins \u00ab\u2009physiques\u2009\u00bb reprennent du poil de la b\u00eate. \u00ab\u2009Dans les pourcentages de nos ventes, les boutiques reprennent de l\u2019ampleur. D\u2019ailleurs, 2025 est la premi\u00e8re ann\u00e9e o\u00f9 notre r\u00e9seau de magasins vend plus que sur le digital\u2009!\u2009\u00bb, conclut Filiep Blontrock.<\/p>\n<p>Boutique Damart, 169, boulevard de Fourmies \u00e0 Roubaix. Ouverte de 10\u2009h \u00e0 19\u2009h du lundi au samedi.<\/p>\n<p class=\" wall-content\">Personnalisez votre actualit\u00e9 en ajoutant vos villes et m\u00e9dias en favori avec <a href=\"https:\/\/moncompte.actu.fr\" title=\"D\u00e9couvez Mon Actu\" rel=\"nofollow noopener\" data-trk=\"{&quot;cta&quot;:{&quot;action&quot;:&quot;https:\\\/\\\/moncompte.actu.fr&quot;,&quot;category&quot;:&quot;mon compte&quot;,&quot;from&quot;:&quot;article footer&quot;,&quot;name&quot;:&quot;Mon actu&quot;,&quot;type&quot;:&quot;cta&quot;}}\" target=\"_blank\">Mon Actu<\/a>.<\/p>\n","protected":false},"excerpt":{"rendered":"Par Anne-Sophie Hourdeaux Publi\u00e9 le 16 oct. 2025 \u00e0 10h52 \u00ab\u2009Damart, cr\u00e9ateur de chaleur\u2009\u00bb\u2009: voil\u00e0 un slogan qui&hellip;\n","protected":false},"author":2,"featured_media":467022,"comment_status":"","ping_status":"","sticky":false,"template":"","format":"standard","meta":{"footnotes":""},"categories":[2815],"tags":[1111,11,33,1777,674,1011,27,811,1307,12,3147,25],"class_list":{"0":"post-467021","1":"post","2":"type-post","3":"status-publish","4":"format-standard","5":"has-post-thumbnail","7":"category-lille","8":"tag-actu","9":"tag-actualites","10":"tag-economie","11":"tag-eu","12":"tag-europe","13":"tag-fr","14":"tag-france","15":"tag-hauts-de-france","16":"tag-lille","17":"tag-news","18":"tag-nouveaux-commerces","19":"tag-republique-francaise"},"share_on_mastodon":{"url":"https:\/\/pubeurope.com\/@fr\/115383054500472731","error":""},"_links":{"self":[{"href":"https:\/\/www.europesays.com\/fr\/wp-json\/wp\/v2\/posts\/467021","targetHints":{"allow":["GET"]}}],"collection":[{"href":"https:\/\/www.europesays.com\/fr\/wp-json\/wp\/v2\/posts"}],"about":[{"href":"https:\/\/www.europesays.com\/fr\/wp-json\/wp\/v2\/types\/post"}],"author":[{"embeddable":true,"href":"https:\/\/www.europesays.com\/fr\/wp-json\/wp\/v2\/users\/2"}],"replies":[{"embeddable":true,"href":"https:\/\/www.europesays.com\/fr\/wp-json\/wp\/v2\/comments?post=467021"}],"version-history":[{"count":0,"href":"https:\/\/www.europesays.com\/fr\/wp-json\/wp\/v2\/posts\/467021\/revisions"}],"wp:featuredmedia":[{"embeddable":true,"href":"https:\/\/www.europesays.com\/fr\/wp-json\/wp\/v2\/media\/467022"}],"wp:attachment":[{"href":"https:\/\/www.europesays.com\/fr\/wp-json\/wp\/v2\/media?parent=467021"}],"wp:term":[{"taxonomy":"category","embeddable":true,"href":"https:\/\/www.europesays.com\/fr\/wp-json\/wp\/v2\/categories?post=467021"},{"taxonomy":"post_tag","embeddable":true,"href":"https:\/\/www.europesays.com\/fr\/wp-json\/wp\/v2\/tags?post=467021"}],"curies":[{"name":"wp","href":"https:\/\/api.w.org\/{rel}","templated":true}]}}